{"id":110158,"date":"2011-12-07T00:00:00","date_gmt":"2011-12-07T00:00:00","guid":{"rendered":"https:\/\/www.deberes.net\/tesis\/sin-categoria\/analis-de-las-adaptaciones-literarias-de-el-quijote-dimensian-didactica-y-semiotica\/"},"modified":"2011-12-07T00:00:00","modified_gmt":"2011-12-07T00:00:00","slug":"analis-de-las-adaptaciones-literarias-de-el-quijote-dimensian-didactica-y-semiotica","status":"publish","type":"post","link":"https:\/\/www.deberes.net\/tesis\/lengua-y-literatura\/analis-de-las-adaptaciones-literarias-de-el-quijote-dimensian-didactica-y-semiotica\/","title":{"rendered":"An\u00e1lis de las adaptaciones literarias de \u00bb el quijote\u00bb dimensi\u00c2\u00bfn did\u00e1ctica y semi\u00f3tica."},"content":{"rendered":"<h2>Tesis doctoral de <strong> Borja Augusto Frias Arevalillo <\/strong><\/h2>\n<p>Esta investigaci\u00f3n pretende obtener una visi\u00f3n objetiva, did\u00e1ctica y semi\u00f3tica de algunas adaptaciones de una de las mayores obras de nuestra cultura: el ingenioso hidalgo don quijote de la mancha. Adaptaciones que, en un acto t\u00e1cito y consciente, revisan y actualizan las obras cl\u00e1sicas, sus intenciones, su sistema de creencias y valores y sus funciones en el marco social, y que, por ello, son objeto de an\u00e1lisis y comparaci\u00f3n. Para este estudio hemos elegido la t\u00e9cnica  de an\u00e1lisis de contenido, desde una perspectiva semi\u00f3tica. Su aplicaci\u00f3n nos ha permitido analizar y calibrar la calidad y fidelidad que existe en tales adaptaciones, y delimitar las caracter\u00edsticas literarias y did\u00e1cticas que poseen las treinta y dos adaptaciones literarias analizadas de el quijote. Las obras seleccionadas son una muestra fehaciente del inter\u00e9s y utilizaci\u00f3n de estos textos en los centros educativos escolares. Esta tesis se estructura en dos partes: la fundamentaci\u00f3n te\u00f3rica y la vertiente metodol\u00f3gica. El marco te\u00f3rico consta de cuatro cap\u00edtulos. En el primero se realiza una aproximaci\u00f3n a la literatura juvenil y su importancia en la formaci\u00f3n de los j\u00f3venes. El segundo aborda la presencia de la literatura en la educaci\u00f3n formal, as\u00ed como su dimensi\u00f3n curricular y pedag\u00f3gica; el tercero se detiene en el significado que los estudiosos dan a las adaptaciones literarias, as\u00ed como en la pertinencia o no sobre su utilizaci\u00f3n. El cuarto presenta una descripci\u00f3n pormenorizada de las caracter\u00edsticas de la obra universal el ingenioso hidalgo don quijote de la mancha, que sirve de base para el posterior an\u00e1lisis ling\u00ed\u00bc\u00edstico. La parte metodol\u00f3gica, consta de cuatro cap\u00edtulos. El primero presenta una descripci\u00f3n del an\u00e1lisis de contenido, que proporciona un conocimiento de esta t\u00e9cnica. Los cap\u00edtulos siguientes abordan el dise\u00f1o de investigaci\u00f3n, la descripci\u00f3n sucinta de obras seleccionadas, y el correspondiente an\u00e1lisis categorial. Las conclusiones generales, derivadas de los objetivos, son los referentes m\u00e1s adecuados para cerrar el trabajo de investigaci\u00f3n. Paralelamente, se incorporan una serie de recomendaciones did\u00e1cticas, a tener en cuenta en la selecci\u00f3n y\/o creaci\u00f3n de adaptaciones de los grandes cl\u00e1sicos de la literatura universal.<\/p>\n<p>&nbsp;<\/p>\n<h3>Datos acad\u00e9micos de la tesis doctoral \u00ab<strong>An\u00e1lis de las adaptaciones literarias de \u00bb el quijote\u00bb dimensi\u00c2\u00bfn did\u00e1ctica y semi\u00f3tica.<\/strong>\u00ab<\/h3>\n<ul>\n<li><strong>T\u00edtulo de la tesis:<\/strong>\u00a0 An\u00e1lis de las adaptaciones literarias de \u00bb el quijote\u00bb dimensi\u00c2\u00bfn did\u00e1ctica y semi\u00f3tica. <\/li>\n<li><strong>Autor:<\/strong>\u00a0 Borja Augusto Frias Arevalillo <\/li>\n<li><strong>Universidad:<\/strong>\u00a0 Valladolid<\/li>\n<li><strong>Fecha de lectura de la tesis:<\/strong>\u00a0 12\/07\/2011<\/li>\n<\/ul>\n<p>&nbsp;<\/p>\n<h3>Direcci\u00f3n y tribunal<\/h3>\n<ul>\n<li><strong>Director de la tesis<\/strong>\n<ul>\n<li>Julia Boronat Mundina<\/li>\n<\/ul>\n<\/li>\n<li><strong>Tribunal<\/strong>\n<ul>\n<li>Presidente del tribunal: Luis Mar\u00eda no Torrego egido <\/li>\n<li>Francisco Salvador mata (vocal)<\/li>\n<li>rosa Mar\u00eda Santamar\u00eda conde (vocal)<\/li>\n<li>Mar\u00eda Luisa Sevillano Garc\u00eda (vocal)<\/li>\n<\/ul>\n<\/li>\n<\/ul>\n<p>&nbsp;<\/p>\n","protected":false},"excerpt":{"rendered":"<p>Tesis doctoral de Borja Augusto Frias Arevalillo Esta investigaci\u00f3n pretende obtener una visi\u00f3n objetiva, did\u00e1ctica y semi\u00f3tica de algunas adaptaciones [&hellip;]<\/p>\n","protected":false},"author":1,"featured_media":0,"comment_status":"open","ping_status":"open","sticky":false,"template":"","format":"standard","meta":{"site-sidebar-layout":"default","site-content-layout":"","ast-site-content-layout":"","site-content-style":"default","site-sidebar-style":"default","ast-global-header-display":"","ast-banner-title-visibility":"","ast-main-header-display":"","ast-hfb-above-header-display":"","ast-hfb-below-header-display":"","ast-hfb-mobile-header-display":"","site-post-title":"","ast-breadcrumbs-content":"","ast-featured-img":"","footer-sml-layout":"","theme-transparent-header-meta":"","adv-header-id-meta":"","stick-header-meta":"","header-above-stick-meta":"","header-main-stick-meta":"","header-below-stick-meta":"","astra-migrate-meta-layouts":"default","ast-page-background-enabled":"default","ast-page-background-meta":{"desktop":{"background-color":"var(--ast-global-color-4)","background-image":"","background-repeat":"repeat","background-position":"center center","background-size":"auto","background-attachment":"scroll","background-type":"","background-media":"","overlay-type":"","overlay-color":"","overlay-gradient":""},"tablet":{"background-color":"","background-image":"","background-repeat":"repeat","background-position":"center center","background-size":"auto","background-attachment":"scroll","background-type":"","background-media":"","overlay-type":"","overlay-color":"","overlay-gradient":""},"mobile":{"background-color":"","background-image":"","background-repeat":"repeat","background-position":"center center","background-size":"auto","background-attachment":"scroll","background-type":"","background-media":"","overlay-type":"","overlay-color":"","overlay-gradient":""}},"ast-content-background-meta":{"desktop":{"background-color":"var(--ast-global-color-5)","background-image":"","background-repeat":"repeat","background-position":"center center","background-size":"auto","background-attachment":"scroll","background-type":"","background-media":"","overlay-type":"","overlay-color":"","overlay-gradient":""},"tablet":{"background-color":"var(--ast-global-color-5)","background-image":"","background-repeat":"repeat","background-position":"center center","background-size":"auto","background-attachment":"scroll","background-type":"","background-media":"","overlay-type":"","overlay-color":"","overlay-gradient":""},"mobile":{"background-color":"var(--ast-global-color-5)","background-image":"","background-repeat":"repeat","background-position":"center center","background-size":"auto","background-attachment":"scroll","background-type":"","background-media":"","overlay-type":"","overlay-color":"","overlay-gradient":""}},"footnotes":""},"categories":[636,1141,5714,12451],"tags":[220037,32853,55426,69542,6263,98794],"class_list":["post-110158","post","type-post","status-publish","format-standard","hentry","category-lengua-y-literatura","category-pedagogia","category-pedagogia-comparada","category-valladolid","tag-borja-augusto-frias-arevalillo","tag-francisco-salvador-mata","tag-julia-boronat-mundina","tag-luis-maria-no-torrego-egido","tag-maria-luisa-sevillano-garcia","tag-rosa-maria-santamaria-conde"],"_links":{"self":[{"href":"https:\/\/www.deberes.net\/tesis\/wp-json\/wp\/v2\/posts\/110158","targetHints":{"allow":["GET"]}}],"collection":[{"href":"https:\/\/www.deberes.net\/tesis\/wp-json\/wp\/v2\/posts"}],"about":[{"href":"https:\/\/www.deberes.net\/tesis\/wp-json\/wp\/v2\/types\/post"}],"author":[{"embeddable":true,"href":"https:\/\/www.deberes.net\/tesis\/wp-json\/wp\/v2\/users\/1"}],"replies":[{"embeddable":true,"href":"https:\/\/www.deberes.net\/tesis\/wp-json\/wp\/v2\/comments?post=110158"}],"version-history":[{"count":0,"href":"https:\/\/www.deberes.net\/tesis\/wp-json\/wp\/v2\/posts\/110158\/revisions"}],"wp:attachment":[{"href":"https:\/\/www.deberes.net\/tesis\/wp-json\/wp\/v2\/media?parent=110158"}],"wp:term":[{"taxonomy":"category","embeddable":true,"href":"https:\/\/www.deberes.net\/tesis\/wp-json\/wp\/v2\/categories?post=110158"},{"taxonomy":"post_tag","embeddable":true,"href":"https:\/\/www.deberes.net\/tesis\/wp-json\/wp\/v2\/tags?post=110158"}],"curies":[{"name":"wp","href":"https:\/\/api.w.org\/{rel}","templated":true}]}}