{"id":110205,"date":"2018-03-11T10:36:09","date_gmt":"2018-03-11T10:36:09","guid":{"rendered":"https:\/\/www.deberes.net\/tesis\/sin-categoria\/ala-calle-es-nuestra-el-documental-de-entrevista-durante-la-transicion-1975-1981\/"},"modified":"2018-03-11T10:36:09","modified_gmt":"2018-03-11T10:36:09","slug":"ala-calle-es-nuestra-el-documental-de-entrevista-durante-la-transicion-1975-1981","status":"publish","type":"post","link":"https:\/\/www.deberes.net\/tesis\/lenguajes-documentales\/ala-calle-es-nuestra-el-documental-de-entrevista-durante-la-transicion-1975-1981\/","title":{"rendered":"\u00c2\u00a1la calle es nuestra! el documental de entrevista durante la transici\u00f3n (1975-1981)"},"content":{"rendered":"<h2>Tesis doctoral de <strong> Laura G\u00f3mez Vaquero <\/strong><\/h2>\n<p>Los traumas de la guerra civil y del franquismo han tenido una presencia  desigual en los medios y han adoptado diferentes maneras de hacerse visibles en el cine  y la televisi\u00f3n en espa\u00f1a desde la d\u00e9cada de los setenta. El \u00c2\u00abpacto del olvido\u00c2\u00bb, que sigui\u00f3  a la intensa labor de recuperaci\u00f3n de un pasado traum\u00e1tico llevada a cabo durante la  transici\u00f3n democr\u00e1tica, guiar\u00eda desde entonces a una sociedad que miraba hacia el futuro en aras del desarrollo y la modernizaci\u00f3n de un pa\u00eds deseoso de pasar p\u00e1gina. A lo  largo de este texto, observamos el tipo de relaciones que algunos documentales realizados en plena transici\u00f3n democr\u00e1tica establecieron con un pasado traum\u00e1tico en aras de  su recuperaci\u00f3n y reivindicaci\u00f3n, as\u00ed como de qu\u00e9 manera, tras un largo periodo de silencio, el trauma se hace visible desde finales de los a\u00f1os noventa a trav\u00e9s de nuevas  estrategias de rememoraci\u00f3n que intentan exhumar las respuestas a preguntas largamente enterradas. palabras clave: trauma, memoria, documental, guerra civil espa\u00f1ola, franquismo,  transici\u00f3n, melancol\u00eda, historia personal, historia familiar, distancia temporal,  fantasmagor\u00eda.<\/p>\n<p>&nbsp;<\/p>\n<h3>Datos acad\u00e9micos de la tesis doctoral \u00ab<strong>\u00c2\u00a1la calle es nuestra! el documental de entrevista durante la transici\u00f3n (1975-1981)<\/strong>\u00ab<\/h3>\n<ul>\n<li><strong>T\u00edtulo de la tesis:<\/strong>\u00a0 \u00c2\u00a1la calle es nuestra! el documental de entrevista durante la transici\u00f3n (1975-1981) <\/li>\n<li><strong>Autor:<\/strong>\u00a0 Laura G\u00f3mez Vaquero <\/li>\n<li><strong>Universidad:<\/strong>\u00a0 Aut\u00f3noma de Madrid<\/li>\n<li><strong>Fecha de lectura de la tesis:<\/strong>\u00a0 14\/07\/2011<\/li>\n<\/ul>\n<p>&nbsp;<\/p>\n<h3>Direcci\u00f3n y tribunal<\/h3>\n<ul>\n<li><strong>Director de la tesis<\/strong>\n<ul>\n<li>Valeria Camporesi Lami<\/li>\n<\/ul>\n<\/li>\n<li><strong>Tribunal<\/strong>\n<ul>\n<li>Presidente del tribunal: roman Gubern garriga-nogu\u00e9s <\/li>\n<li>Luis Fernandez colorado (vocal)<\/li>\n<li>angel Luis Hueso monton (vocal)<\/li>\n<li>Manuel Romero trenzado (vocal)<\/li>\n<\/ul>\n<\/li>\n<\/ul>\n<p>&nbsp;<\/p>\n","protected":false},"excerpt":{"rendered":"<p>Tesis doctoral de Laura G\u00f3mez Vaquero Los traumas de la guerra civil y del franquismo han tenido una presencia desigual [&hellip;]<\/p>\n","protected":false},"author":1,"featured_media":0,"comment_status":"open","ping_status":"open","sticky":false,"template":"","format":"standard","meta":{"site-sidebar-layout":"default","site-content-layout":"","ast-site-content-layout":"","site-content-style":"default","site-sidebar-style":"default","ast-global-header-display":"","ast-banner-title-visibility":"","ast-main-header-display":"","ast-hfb-above-header-display":"","ast-hfb-below-header-display":"","ast-hfb-mobile-header-display":"","site-post-title":"","ast-breadcrumbs-content":"","ast-featured-img":"","footer-sml-layout":"","theme-transparent-header-meta":"","adv-header-id-meta":"","stick-header-meta":"","header-above-stick-meta":"","header-main-stick-meta":"","header-below-stick-meta":"","astra-migrate-meta-layouts":"default","ast-page-background-enabled":"default","ast-page-background-meta":{"desktop":{"background-color":"var(--ast-global-color-4)","background-image":"","background-repeat":"repeat","background-position":"center center","background-size":"auto","background-attachment":"scroll","background-type":"","background-media":"","overlay-type":"","overlay-color":"","overlay-gradient":""},"tablet":{"background-color":"","background-image":"","background-repeat":"repeat","background-position":"center center","background-size":"auto","background-attachment":"scroll","background-type":"","background-media":"","overlay-type":"","overlay-color":"","overlay-gradient":""},"mobile":{"background-color":"","background-image":"","background-repeat":"repeat","background-position":"center center","background-size":"auto","background-attachment":"scroll","background-type":"","background-media":"","overlay-type":"","overlay-color":"","overlay-gradient":""}},"ast-content-background-meta":{"desktop":{"background-color":"var(--ast-global-color-5)","background-image":"","background-repeat":"repeat","background-position":"center center","background-size":"auto","background-attachment":"scroll","background-type":"","background-media":"","overlay-type":"","overlay-color":"","overlay-gradient":""},"tablet":{"background-color":"var(--ast-global-color-5)","background-image":"","background-repeat":"repeat","background-position":"center center","background-size":"auto","background-attachment":"scroll","background-type":"","background-media":"","overlay-type":"","overlay-color":"","overlay-gradient":""},"mobile":{"background-color":"var(--ast-global-color-5)","background-image":"","background-repeat":"repeat","background-position":"center center","background-size":"auto","background-attachment":"scroll","background-type":"","background-media":"","overlay-type":"","overlay-color":"","overlay-gradient":""}},"footnotes":""},"categories":[328],"tags":[5804,220116,69827,220117,36703,58394],"class_list":["post-110205","post","type-post","status-publish","format-standard","hentry","category-lenguajes-documentales","tag-angel-luis-hueso-monton","tag-laura-gomez-vaquero","tag-luis-fernandez-colorado","tag-manuel-romero-trenzado","tag-roman-gubern-garriga-nogues","tag-valeria-camporesi-lami"],"_links":{"self":[{"href":"https:\/\/www.deberes.net\/tesis\/wp-json\/wp\/v2\/posts\/110205","targetHints":{"allow":["GET"]}}],"collection":[{"href":"https:\/\/www.deberes.net\/tesis\/wp-json\/wp\/v2\/posts"}],"about":[{"href":"https:\/\/www.deberes.net\/tesis\/wp-json\/wp\/v2\/types\/post"}],"author":[{"embeddable":true,"href":"https:\/\/www.deberes.net\/tesis\/wp-json\/wp\/v2\/users\/1"}],"replies":[{"embeddable":true,"href":"https:\/\/www.deberes.net\/tesis\/wp-json\/wp\/v2\/comments?post=110205"}],"version-history":[{"count":0,"href":"https:\/\/www.deberes.net\/tesis\/wp-json\/wp\/v2\/posts\/110205\/revisions"}],"wp:attachment":[{"href":"https:\/\/www.deberes.net\/tesis\/wp-json\/wp\/v2\/media?parent=110205"}],"wp:term":[{"taxonomy":"category","embeddable":true,"href":"https:\/\/www.deberes.net\/tesis\/wp-json\/wp\/v2\/categories?post=110205"},{"taxonomy":"post_tag","embeddable":true,"href":"https:\/\/www.deberes.net\/tesis\/wp-json\/wp\/v2\/tags?post=110205"}],"curies":[{"name":"wp","href":"https:\/\/api.w.org\/{rel}","templated":true}]}}