{"id":110264,"date":"2018-03-11T10:36:14","date_gmt":"2018-03-11T10:36:14","guid":{"rendered":"https:\/\/www.deberes.net\/tesis\/sin-categoria\/efectos-del-cambio-climatico-en-la-vegetacion-de-las-cordilleras-espanolas-centra-e-iberica-implicaciones-para-la-ordenacion-del-territorio\/"},"modified":"2018-03-11T10:36:14","modified_gmt":"2018-03-11T10:36:14","slug":"efectos-del-cambio-climatico-en-la-vegetacion-de-las-cordilleras-espanolas-centra-e-iberica-implicaciones-para-la-ordenacion-del-territorio","status":"publish","type":"post","link":"https:\/\/www.deberes.net\/tesis\/tecnologia-y-cambio-social\/efectos-del-cambio-climatico-en-la-vegetacion-de-las-cordilleras-espanolas-centra-e-iberica-implicaciones-para-la-ordenacion-del-territorio\/","title":{"rendered":"Efectos del cambio clim\u00e1tico en la vegetaci\u00f3n de las cordilleras espa\u00f1olas centra e ib\u00e9rica. implicaciones para la ordenaci\u00f3n del territorio."},"content":{"rendered":"<h2>Tesis doctoral de <strong> Diego Ruiz-labourdette Garau <\/strong><\/h2>\n<p>Esta tesis doctoral estudia los v\u00ednculos entre el clima y la vegetaci\u00f3n en las monta\u00f1as del centro de la pen\u00ednsula ib\u00e9rica y analiza las consecuencias biol\u00f3gicas del calentamiento global en esta regi\u00f3n, proponiendo medidas adaptativas de ordenaci\u00f3n del territorio ante el desaf\u00edo del cambio clim\u00e1tico. El an\u00e1lisis contempla la direcci\u00f3n de esos cambios, modelizando, cuantificando y anticipando su efecto en la vegetaci\u00f3n en un contexto anal\u00edtico, num\u00e9rico y cuantitativo. Siguiendo el enfoque metodol\u00f3gico adoptado, el trabajo se estructura en cinco investigaciones seguidas por una discusi\u00f3n y conclusiones que sintetizan los contenidos m\u00e1s relevantes del mismo. la primera investigaci\u00f3n consiste en un modelo de ordenaci\u00f3n del territorio para el sector central del sistema central (sierra de guadarrama) que incorpora novedades metodol\u00f3gicas. El modelo de ordenaci\u00f3n ensayado es una referencia que a\u00fan no tiene en cuenta el efecto del cambio clim\u00e1tico y que focaliz\u00f3 la posible declaraci\u00f3n de un parque nacional en esta zona monta\u00f1osa. La segunda investigaci\u00f3n analiza la evoluci\u00f3n del clima de la sierra de guadarrama durante los \u00faltimos 400 a\u00f1os a partir de t\u00e9cnicas dendrocronol\u00f3gicas, analizando la variabilidad clim\u00e1tica de baja frecuencia en esta regi\u00f3n y su posible relaci\u00f3n con los patrones de crecimiento de la vegetaci\u00f3n. El estudio hace hincapi\u00e9 en las consecuencias que podr\u00edan tener posibles alteraciones de estos ciclos debidas al calentamiento global. En la tercera investigaci\u00f3n se realiza una cartograf\u00eda clim\u00e1tica de detalle del sistema central y una posterior regionalizaci\u00f3n para la normal clim\u00e1tica 1970\u00c2\u00bf2005, estudiando las relaciones entre clima y vegetaci\u00f3n mediante an\u00e1lisis de clasificaci\u00f3n y ordenaci\u00f3n multivariante. En la cuarta investigaci\u00f3n se realiza una cartograf\u00eda clim\u00e1tica de detalle del conjunto monta\u00f1oso del sistema central y el sistema ib\u00e9rico de la pen\u00ednsula ib\u00e9rica, se identifican las diez comunidades arb\u00f3reas dominantes y se modeliza su distribuci\u00f3n actual y futura para el periodo 2071\u00c2\u00bf2100 bajo diversos escenarios de emisiones. Asimismo, el estudio contrasta las migraciones previstas ante el actual cambio clim\u00e1tico con las rutas de migraci\u00f3n hist\u00f3ricas de la vegetaci\u00f3n en estas cordilleras. En la quinta investigaci\u00f3n se realizan modelos predictivos de distribuci\u00f3n potencial de las quince especies arb\u00f3reas m\u00e1s abundantes del sistema central y el sistema ib\u00e9rico para el periodo de referencia 1961\u00c2\u00bf1990 y para los periodos 2041\u00c2\u00bf2070 y 2071\u00c2\u00bf2100 bajo diversos escenarios de emisiones. por \u00faltimo, a partir de los resultados obtenidos, planteados como una mera herramienta de apoyo a la ordenaci\u00f3n del territorio, se plantean acciones prioritarias para la conservaci\u00f3n de la biodiversidad de estas monta\u00f1as proponiendo la adopci\u00f3n de un nuevo modelo de ordenaci\u00f3n. Tal modelo ha de ser necesariamente adaptativo, basado en el impacto de los cambios previstos y orientado a servirse de las oportunidades que puedan surgir de estos cambios. el estudio de los datos recopilados al efecto y que permitieron desarrollar el trabajo han permitido conocer como circunstancias m\u00e1s relevantes que (1) la actual distribuci\u00f3n de la vegetaci\u00f3n en las cordilleras central e ib\u00e9rica de la pen\u00ednsula ib\u00e9rica est\u00e1 sometida a un fuerte control clim\u00e1tico. Este conjunto monta\u00f1oso alberga, en un reducido espacio, un complejo mosaico clim\u00e1tico. (2) el an\u00e1lisis de la serie de precipitaciones de verano en estas monta\u00f1as durante los \u00faltimos 400 a\u00f1os muestra un abrupto salto hacia condiciones m\u00e1s secas desde 1990. (3) el an\u00e1lisis de la variabilidad clim\u00e1tica de baja frecuencia de la serie de precipitaciones reconstruida muestra tambi\u00e9n un claro incremento en la recurrencia de eventos extremos secos desde el inicio del siglo xx en estas monta\u00f1as, incremento que tambi\u00e9n se ve reforzado a partir de 1990. (4) el progresivo alargamiento de la estaci\u00f3n de crecimiento y el aumento del d\u00e9ficit h\u00eddrico estival previsto en la pen\u00ednsula ib\u00e9rica durante el siglo xxi tendr\u00edan importantes efectos en los patrones actuales de distribuci\u00f3n de especies y comunidades de estas monta\u00f1as. (5) los modelos de distribuci\u00f3n de especies y comunidades arb\u00f3reas ensayados pronostican una aridizaci\u00f3n de la baja monta\u00f1a a lo largo del siglo xxi, una contracci\u00f3n de los bosques de hoja ancha y un desplazamiento de las con\u00edferas eurosiberianas en la media y alta monta\u00f1a desplazadas por escler\u00f3filas perennes mediterr\u00e1neas. (6) en las monta\u00f1as de las regiones templadas del norte de europa, los sectores de alta monta\u00f1a ser\u00e1n los m\u00e1s afectados por el cambio clim\u00e1tico. Nuestros modelos indican que, por el contrario, en las monta\u00f1as del sur de europa las formaciones vegetales que sufrir\u00e1n mayores cambios en su distribuci\u00f3n ser\u00e1n las situadas en el piedemonte y la baja monta\u00f1a debido al aumento del d\u00e9ficit h\u00eddrico durante la estaci\u00f3n favorable al crecimiento. (7) la p\u00e9rdida de especies eurosiberianas y boreales en el conjunto monta\u00f1oso formado por el sistema central y el sistema ib\u00e9rico es claramente asim\u00e9trica en sentido sw\u00c2\u00bfne. Con esta perspectiva biogeogr\u00e1fica, dada la mayor estabilidad de los macizos orientales del sistema central y sus conexiones con la ib\u00e9rica norte frente al cambio clim\u00e1tico, se propone priorizar la gesti\u00f3n de estas \u00e1reas para conservar el elemento bot\u00e1nico fr\u00edo\u00c2\u00bfh\u00famedo refugiado en estas monta\u00f1as y promover el trasiego de especies a trav\u00e9s de sus rutas de migraci\u00f3n hist\u00f3rica.<\/p>\n<p>&nbsp;<\/p>\n<h3>Datos acad\u00e9micos de la tesis doctoral \u00ab<strong>Efectos del cambio clim\u00e1tico en la vegetaci\u00f3n de las cordilleras espa\u00f1olas centra e ib\u00e9rica. implicaciones para la ordenaci\u00f3n del territorio.<\/strong>\u00ab<\/h3>\n<ul>\n<li><strong>T\u00edtulo de la tesis:<\/strong>\u00a0 Efectos del cambio clim\u00e1tico en la vegetaci\u00f3n de las cordilleras espa\u00f1olas centra e ib\u00e9rica. implicaciones para la ordenaci\u00f3n del territorio. <\/li>\n<li><strong>Autor:<\/strong>\u00a0 Diego Ruiz-labourdette Garau <\/li>\n<li><strong>Universidad:<\/strong>\u00a0 Aut\u00f3noma de Madrid<\/li>\n<li><strong>Fecha de lectura de la tesis:<\/strong>\u00a0 15\/07\/2011<\/li>\n<\/ul>\n<p>&nbsp;<\/p>\n<h3>Direcci\u00f3n y tribunal<\/h3>\n<ul>\n<li><strong>Director de la tesis<\/strong>\n<ul>\n<li>Carlos Montes Del Olmo<\/li>\n<\/ul>\n<\/li>\n<li><strong>Tribunal<\/strong>\n<ul>\n<li>Presidente del tribunal: Jos\u00e9 Mar\u00eda Benayas rey <\/li>\n<li>M\u00aa f\u00e9 Schmitz Garc\u00eda (vocal)<\/li>\n<li>fern\u00e1ndo G\u00f3mez manzaneque (vocal)<\/li>\n<li>Juan  pedro De nicolas sevillano (vocal)<\/li>\n<\/ul>\n<\/li>\n<\/ul>\n<p>&nbsp;<\/p>\n","protected":false},"excerpt":{"rendered":"<p>Tesis doctoral de Diego Ruiz-labourdette Garau Esta tesis doctoral estudia los v\u00ednculos entre el clima y la vegetaci\u00f3n en las [&hellip;]<\/p>\n","protected":false},"author":1,"featured_media":0,"comment_status":"open","ping_status":"open","sticky":false,"template":"","format":"standard","meta":{"site-sidebar-layout":"default","site-content-layout":"","ast-site-content-layout":"","site-content-style":"default","site-sidebar-style":"default","ast-global-header-display":"","ast-banner-title-visibility":"","ast-main-header-display":"","ast-hfb-above-header-display":"","ast-hfb-below-header-display":"","ast-hfb-mobile-header-display":"","site-post-title":"","ast-breadcrumbs-content":"","ast-featured-img":"","footer-sml-layout":"","theme-transparent-header-meta":"","adv-header-id-meta":"","stick-header-meta":"","header-above-stick-meta":"","header-main-stick-meta":"","header-below-stick-meta":"","astra-migrate-meta-layouts":"default","ast-page-background-enabled":"default","ast-page-background-meta":{"desktop":{"background-color":"var(--ast-global-color-4)","background-image":"","background-repeat":"repeat","background-position":"center center","background-size":"auto","background-attachment":"scroll","background-type":"","background-media":"","overlay-type":"","overlay-color":"","overlay-gradient":""},"tablet":{"background-color":"","background-image":"","background-repeat":"repeat","background-position":"center center","background-size":"auto","background-attachment":"scroll","background-type":"","background-media":"","overlay-type":"","overlay-color":"","overlay-gradient":""},"mobile":{"background-color":"","background-image":"","background-repeat":"repeat","background-position":"center center","background-size":"auto","background-attachment":"scroll","background-type":"","background-media":"","overlay-type":"","overlay-color":"","overlay-gradient":""}},"ast-content-background-meta":{"desktop":{"background-color":"var(--ast-global-color-5)","background-image":"","background-repeat":"repeat","background-position":"center center","background-size":"auto","background-attachment":"scroll","background-type":"","background-media":"","overlay-type":"","overlay-color":"","overlay-gradient":""},"tablet":{"background-color":"var(--ast-global-color-5)","background-image":"","background-repeat":"repeat","background-position":"center center","background-size":"auto","background-attachment":"scroll","background-type":"","background-media":"","overlay-type":"","overlay-color":"","overlay-gradient":""},"mobile":{"background-color":"var(--ast-global-color-5)","background-image":"","background-repeat":"repeat","background-position":"center center","background-size":"auto","background-attachment":"scroll","background-type":"","background-media":"","overlay-type":"","overlay-color":"","overlay-gradient":""}},"footnotes":""},"categories":[14126],"tags":[5858,220206,129058,220207,220208,42695],"class_list":["post-110264","post","type-post","status-publish","format-standard","hentry","category-tecnologia-y-cambio-social","tag-carlos-montes-del-olmo","tag-diego-ruiz-labourdette-garau","tag-fernando-gomez-manzaneque","tag-jose-maria-benayas-rey","tag-juan-pedro-de-nicolas-sevillano","tag-ma-fe-schmitz-garcia"],"_links":{"self":[{"href":"https:\/\/www.deberes.net\/tesis\/wp-json\/wp\/v2\/posts\/110264","targetHints":{"allow":["GET"]}}],"collection":[{"href":"https:\/\/www.deberes.net\/tesis\/wp-json\/wp\/v2\/posts"}],"about":[{"href":"https:\/\/www.deberes.net\/tesis\/wp-json\/wp\/v2\/types\/post"}],"author":[{"embeddable":true,"href":"https:\/\/www.deberes.net\/tesis\/wp-json\/wp\/v2\/users\/1"}],"replies":[{"embeddable":true,"href":"https:\/\/www.deberes.net\/tesis\/wp-json\/wp\/v2\/comments?post=110264"}],"version-history":[{"count":0,"href":"https:\/\/www.deberes.net\/tesis\/wp-json\/wp\/v2\/posts\/110264\/revisions"}],"wp:attachment":[{"href":"https:\/\/www.deberes.net\/tesis\/wp-json\/wp\/v2\/media?parent=110264"}],"wp:term":[{"taxonomy":"category","embeddable":true,"href":"https:\/\/www.deberes.net\/tesis\/wp-json\/wp\/v2\/categories?post=110264"},{"taxonomy":"post_tag","embeddable":true,"href":"https:\/\/www.deberes.net\/tesis\/wp-json\/wp\/v2\/tags?post=110264"}],"curies":[{"name":"wp","href":"https:\/\/api.w.org\/{rel}","templated":true}]}}