{"id":110349,"date":"2018-03-11T10:36:19","date_gmt":"2018-03-11T10:36:19","guid":{"rendered":"https:\/\/www.deberes.net\/tesis\/sin-categoria\/impacto-de-las-tecnologias-de-informacion-y-de-las-comunicaciones-tics-en-el-desarrollo-productivo-de-las-pymes-en-colombia\/"},"modified":"2018-03-11T10:36:19","modified_gmt":"2018-03-11T10:36:19","slug":"impacto-de-las-tecnologias-de-informacion-y-de-las-comunicaciones-tics-en-el-desarrollo-productivo-de-las-pymes-en-colombia","status":"publish","type":"post","link":"https:\/\/www.deberes.net\/tesis\/sector-de-agricultura-silvicultura-ganaderia-y-pesca\/impacto-de-las-tecnologias-de-informacion-y-de-las-comunicaciones-tics-en-el-desarrollo-productivo-de-las-pymes-en-colombia\/","title":{"rendered":"Impacto de las tecnolog\u00edas de informacion y de las comunicaciones tic`s  en el desarrollo productivo de las pymes en colombia"},"content":{"rendered":"<h2>Tesis doctoral de <strong> Edgar Augusto Fuertes Puerto <\/strong><\/h2>\n<p>El prop\u00f3sito fundamental de esta investigaci\u00f3n se encamin\u00f3 a establecer el impacto de las tecnolog\u00edas de informaci\u00f3n y de las comunicaciones tics en el desarrollo productivo de las pymes en el sector agr\u00edcola en bogot\u00e1 d.C., Colombia.   dentro del trabajo se estudiaron,  cu\u00e1les son las pol\u00edticas de estado que coadyuvan a esta evoluci\u00f3n, es decir, las acciones que en este sentido se han dado en el \u00e1mbito nacional y validar el impacto de dichas acciones.  igualmente se realiz\u00f3 comparaci\u00f3n de la evoluci\u00f3n de colombia en materia de pymes en el sector agr\u00edcola, producto de las directrices emanadas por el estado frente a pa\u00edses desarrollados.<\/p>\n<p>&nbsp;<\/p>\n<h3>Datos acad\u00e9micos de la tesis doctoral \u00ab<strong>Impacto de las tecnolog\u00edas de informacion y de las comunicaciones tic`s  en el desarrollo productivo de las pymes en colombia<\/strong>\u00ab<\/h3>\n<ul>\n<li><strong>T\u00edtulo de la tesis:<\/strong>\u00a0 Impacto de las tecnolog\u00edas de informacion y de las comunicaciones tic`s  en el desarrollo productivo de las pymes en colombia <\/li>\n<li><strong>Autor:<\/strong>\u00a0 Edgar Augusto Fuertes Puerto <\/li>\n<li><strong>Universidad:<\/strong>\u00a0 San pablo-ceu<\/li>\n<li><strong>Fecha de lectura de la tesis:<\/strong>\u00a0 18\/07\/2011<\/li>\n<\/ul>\n<p>&nbsp;<\/p>\n<h3>Direcci\u00f3n y tribunal<\/h3>\n<ul>\n<li><strong>Director de la tesis<\/strong>\n<ul>\n<li>Antonio S\u00e1inz Fuertes<\/li>\n<\/ul>\n<\/li>\n<li><strong>Tribunal<\/strong>\n<ul>\n<li>Presidente del tribunal: Luis \u00e1ngel Guerras mart\u00edn <\/li>\n<li>susana Mar\u00eda Garc\u00eda moreno (vocal)<\/li>\n<li>Javier Iturrioz del campo (vocal)<\/li>\n<li>Miguel \u00e1ngel Mart\u00ednez mart\u00ednez (vocal)<\/li>\n<\/ul>\n<\/li>\n<\/ul>\n<p>&nbsp;<\/p>\n","protected":false},"excerpt":{"rendered":"<p>Tesis doctoral de Edgar Augusto Fuertes Puerto El prop\u00f3sito fundamental de esta investigaci\u00f3n se encamin\u00f3 a establecer el impacto de [&hellip;]<\/p>\n","protected":false},"author":1,"featured_media":0,"comment_status":"open","ping_status":"open","sticky":false,"template":"","format":"standard","meta":{"site-sidebar-layout":"default","site-content-layout":"","ast-site-content-layout":"","site-content-style":"default","site-sidebar-style":"default","ast-global-header-display":"","ast-banner-title-visibility":"","ast-main-header-display":"","ast-hfb-above-header-display":"","ast-hfb-below-header-display":"","ast-hfb-mobile-header-display":"","site-post-title":"","ast-breadcrumbs-content":"","ast-featured-img":"","footer-sml-layout":"","theme-transparent-header-meta":"","adv-header-id-meta":"","stick-header-meta":"","header-above-stick-meta":"","header-main-stick-meta":"","header-below-stick-meta":"","astra-migrate-meta-layouts":"default","ast-page-background-enabled":"default","ast-page-background-meta":{"desktop":{"background-color":"var(--ast-global-color-4)","background-image":"","background-repeat":"repeat","background-position":"center center","background-size":"auto","background-attachment":"scroll","background-type":"","background-media":"","overlay-type":"","overlay-color":"","overlay-gradient":""},"tablet":{"background-color":"","background-image":"","background-repeat":"repeat","background-position":"center center","background-size":"auto","background-attachment":"scroll","background-type":"","background-media":"","overlay-type":"","overlay-color":"","overlay-gradient":""},"mobile":{"background-color":"","background-image":"","background-repeat":"repeat","background-position":"center center","background-size":"auto","background-attachment":"scroll","background-type":"","background-media":"","overlay-type":"","overlay-color":"","overlay-gradient":""}},"ast-content-background-meta":{"desktop":{"background-color":"var(--ast-global-color-5)","background-image":"","background-repeat":"repeat","background-position":"center center","background-size":"auto","background-attachment":"scroll","background-type":"","background-media":"","overlay-type":"","overlay-color":"","overlay-gradient":""},"tablet":{"background-color":"var(--ast-global-color-5)","background-image":"","background-repeat":"repeat","background-position":"center center","background-size":"auto","background-attachment":"scroll","background-type":"","background-media":"","overlay-type":"","overlay-color":"","overlay-gradient":""},"mobile":{"background-color":"var(--ast-global-color-5)","background-image":"","background-repeat":"repeat","background-position":"center center","background-size":"auto","background-attachment":"scroll","background-type":"","background-media":"","overlay-type":"","overlay-color":"","overlay-gradient":""}},"footnotes":""},"categories":[7236,39800,935,2489,14126],"tags":[31847,220332,136964,5985,91148,171706],"class_list":["post-110349","post","type-post","status-publish","format-standard","hentry","category-niveles-optimos-de-produccion","category-san-pablo-ceu","category-sector-de-agricultura-silvicultura-ganaderia-y-pesca","category-tecnologia-de-las-telecomunicaciones","category-tecnologia-y-cambio-social","tag-antonio-sainz-fuertes","tag-edgar-augusto-fuertes-puerto","tag-javier-iturrioz-del-campo","tag-luis-angel-guerras-martin","tag-miguel-angel-Martinez-Martinez","tag-susana-maria-garcia-moreno"],"_links":{"self":[{"href":"https:\/\/www.deberes.net\/tesis\/wp-json\/wp\/v2\/posts\/110349","targetHints":{"allow":["GET"]}}],"collection":[{"href":"https:\/\/www.deberes.net\/tesis\/wp-json\/wp\/v2\/posts"}],"about":[{"href":"https:\/\/www.deberes.net\/tesis\/wp-json\/wp\/v2\/types\/post"}],"author":[{"embeddable":true,"href":"https:\/\/www.deberes.net\/tesis\/wp-json\/wp\/v2\/users\/1"}],"replies":[{"embeddable":true,"href":"https:\/\/www.deberes.net\/tesis\/wp-json\/wp\/v2\/comments?post=110349"}],"version-history":[{"count":0,"href":"https:\/\/www.deberes.net\/tesis\/wp-json\/wp\/v2\/posts\/110349\/revisions"}],"wp:attachment":[{"href":"https:\/\/www.deberes.net\/tesis\/wp-json\/wp\/v2\/media?parent=110349"}],"wp:term":[{"taxonomy":"category","embeddable":true,"href":"https:\/\/www.deberes.net\/tesis\/wp-json\/wp\/v2\/categories?post=110349"},{"taxonomy":"post_tag","embeddable":true,"href":"https:\/\/www.deberes.net\/tesis\/wp-json\/wp\/v2\/tags?post=110349"}],"curies":[{"name":"wp","href":"https:\/\/api.w.org\/{rel}","templated":true}]}}