{"id":110353,"date":"2018-03-11T10:36:19","date_gmt":"2018-03-11T10:36:19","guid":{"rendered":"https:\/\/www.deberes.net\/tesis\/sin-categoria\/el-real-conservatorio-de-musica-y-declamacion-victoria-eugenia-de-granada-organizacion-de-la-institucion-y-desarrollo-del-curra%c2%adculo-1921-1952\/"},"modified":"2018-03-11T10:36:19","modified_gmt":"2018-03-11T10:36:19","slug":"el-real-conservatorio-de-musica-y-declamacion-victoria-eugenia-de-granada-organizacion-de-la-institucion-y-desarrollo-del-curra%c2%adculo-1921-1952","status":"publish","type":"post","link":"https:\/\/www.deberes.net\/tesis\/historia-de-la-educacion\/el-real-conservatorio-de-musica-y-declamacion-victoria-eugenia-de-granada-organizacion-de-la-institucion-y-desarrollo-del-curra%c2%adculo-1921-1952\/","title":{"rendered":"El real conservatorio de m\u00fasica y declamaci\u00f3n \u00abvictoria eugenia\u00bb de granada: organizaci\u00f3n de la instituci\u00f3n y desarrollo del curr\u00edculo (1921-1952)"},"content":{"rendered":"<h2>Tesis doctoral de <strong> Rafael C\u00e1mara Mart\u00ednez <\/strong><\/h2>\n<p>Isbn:? 9788469457344<\/p>\n<p>&nbsp;<\/p>\n<h3>Datos acad\u00e9micos de la tesis doctoral \u00ab<strong>El real conservatorio de m\u00fasica y declamaci\u00f3n \u00abvictoria eugenia\u00bb de granada: organizaci\u00f3n de la instituci\u00f3n y desarrollo del curr\u00edculo (1921-1952)<\/strong>\u00ab<\/h3>\n<ul>\n<li><strong>T\u00edtulo de la tesis:<\/strong>\u00a0 El real conservatorio de m\u00fasica y declamaci\u00f3n \u00abvictoria eugenia\u00bb de granada: organizaci\u00f3n de la instituci\u00f3n y desarrollo del curr\u00edculo (1921-1952) <\/li>\n<li><strong>Autor:<\/strong>\u00a0 Rafael C\u00e1mara Mart\u00ednez <\/li>\n<li><strong>Universidad:<\/strong>\u00a0 Granada<\/li>\n<li><strong>Fecha de lectura de la tesis:<\/strong>\u00a0 18\/07\/2011<\/li>\n<\/ul>\n<p>&nbsp;<\/p>\n<h3>Direcci\u00f3n y tribunal<\/h3>\n<ul>\n<li><strong>Director de la tesis<\/strong>\n<ul>\n<li>Miguel Beas Miranda<\/li>\n<\/ul>\n<\/li>\n<li><strong>Tribunal<\/strong>\n<ul>\n<li>Presidente del tribunal: Mar\u00eda nieves G\u00f3mez Garc\u00eda <\/li>\n<li>soledad Montes moreno (vocal)<\/li>\n<li>nicol\u00e1s Oriol de alarc\u00f3n (vocal)<\/li>\n<li>\u00c1lvaro Zaldivar gracia (vocal)<\/li>\n<\/ul>\n<\/li>\n<\/ul>\n<p>&nbsp;<\/p>\n","protected":false},"excerpt":{"rendered":"<p>Tesis doctoral de Rafael C\u00e1mara Mart\u00ednez Isbn:? 9788469457344 &nbsp; Datos acad\u00e9micos de la tesis doctoral \u00abEl real conservatorio de m\u00fasica [&hellip;]<\/p>\n","protected":false},"author":1,"featured_media":0,"comment_status":"open","ping_status":"open","sticky":false,"template":"","format":"standard","meta":{"site-sidebar-layout":"default","site-content-layout":"","ast-site-content-layout":"","site-content-style":"default","site-sidebar-style":"default","ast-global-header-display":"","ast-banner-title-visibility":"","ast-main-header-display":"","ast-hfb-above-header-display":"","ast-hfb-below-header-display":"","ast-hfb-mobile-header-display":"","site-post-title":"","ast-breadcrumbs-content":"","ast-featured-img":"","footer-sml-layout":"","theme-transparent-header-meta":"","adv-header-id-meta":"","stick-header-meta":"","header-above-stick-meta":"","header-main-stick-meta":"","header-below-stick-meta":"","astra-migrate-meta-layouts":"default","ast-page-background-enabled":"default","ast-page-background-meta":{"desktop":{"background-color":"var(--ast-global-color-4)","background-image":"","background-repeat":"repeat","background-position":"center center","background-size":"auto","background-attachment":"scroll","background-type":"","background-media":"","overlay-type":"","overlay-color":"","overlay-gradient":""},"tablet":{"background-color":"","background-image":"","background-repeat":"repeat","background-position":"center center","background-size":"auto","background-attachment":"scroll","background-type":"","background-media":"","overlay-type":"","overlay-color":"","overlay-gradient":""},"mobile":{"background-color":"","background-image":"","background-repeat":"repeat","background-position":"center center","background-size":"auto","background-attachment":"scroll","background-type":"","background-media":"","overlay-type":"","overlay-color":"","overlay-gradient":""}},"ast-content-background-meta":{"desktop":{"background-color":"var(--ast-global-color-5)","background-image":"","background-repeat":"repeat","background-position":"center center","background-size":"auto","background-attachment":"scroll","background-type":"","background-media":"","overlay-type":"","overlay-color":"","overlay-gradient":""},"tablet":{"background-color":"var(--ast-global-color-5)","background-image":"","background-repeat":"repeat","background-position":"center center","background-size":"auto","background-attachment":"scroll","background-type":"","background-media":"","overlay-type":"","overlay-color":"","overlay-gradient":""},"mobile":{"background-color":"var(--ast-global-color-5)","background-image":"","background-repeat":"repeat","background-position":"center center","background-size":"auto","background-attachment":"scroll","background-type":"","background-media":"","overlay-type":"","overlay-color":"","overlay-gradient":""}},"footnotes":""},"categories":[311,7632,7611,1141],"tags":[59870,142410,38590,72702,220336,92124],"class_list":["post-110353","post","type-post","status-publish","format-standard","hentry","category-historia-de-la-educacion","category-historia-de-la-musica","category-organizacion-y-direccion-de-las-instituciones-educativas","category-pedagogia","tag-alvaro-zaldivar-gracia","tag-maria-nieves-gomez-garcia","tag-miguel-beas-miranda","tag-nicolas-oriol-de-alarcon","tag-rafael-camara-Martinez","tag-soledad-montes-moreno"],"_links":{"self":[{"href":"https:\/\/www.deberes.net\/tesis\/wp-json\/wp\/v2\/posts\/110353","targetHints":{"allow":["GET"]}}],"collection":[{"href":"https:\/\/www.deberes.net\/tesis\/wp-json\/wp\/v2\/posts"}],"about":[{"href":"https:\/\/www.deberes.net\/tesis\/wp-json\/wp\/v2\/types\/post"}],"author":[{"embeddable":true,"href":"https:\/\/www.deberes.net\/tesis\/wp-json\/wp\/v2\/users\/1"}],"replies":[{"embeddable":true,"href":"https:\/\/www.deberes.net\/tesis\/wp-json\/wp\/v2\/comments?post=110353"}],"version-history":[{"count":0,"href":"https:\/\/www.deberes.net\/tesis\/wp-json\/wp\/v2\/posts\/110353\/revisions"}],"wp:attachment":[{"href":"https:\/\/www.deberes.net\/tesis\/wp-json\/wp\/v2\/media?parent=110353"}],"wp:term":[{"taxonomy":"category","embeddable":true,"href":"https:\/\/www.deberes.net\/tesis\/wp-json\/wp\/v2\/categories?post=110353"},{"taxonomy":"post_tag","embeddable":true,"href":"https:\/\/www.deberes.net\/tesis\/wp-json\/wp\/v2\/tags?post=110353"}],"curies":[{"name":"wp","href":"https:\/\/api.w.org\/{rel}","templated":true}]}}