{"id":110550,"date":"2018-03-11T10:36:35","date_gmt":"2018-03-11T10:36:35","guid":{"rendered":"https:\/\/www.deberes.net\/tesis\/sin-categoria\/modelo-para-la-difusion-proactiva-de-informacion-en-sistemas-distribuidos-basado-en-enfoques-epidemicos-aplicacion-a-los-sistemas-de-gestion-de-red\/"},"modified":"2018-03-11T10:36:35","modified_gmt":"2018-03-11T10:36:35","slug":"modelo-para-la-difusion-proactiva-de-informacion-en-sistemas-distribuidos-basado-en-enfoques-epidemicos-aplicacion-a-los-sistemas-de-gestion-de-red","status":"publish","type":"post","link":"https:\/\/www.deberes.net\/tesis\/informatica\/modelo-para-la-difusion-proactiva-de-informacion-en-sistemas-distribuidos-basado-en-enfoques-epidemicos-aplicacion-a-los-sistemas-de-gestion-de-red\/","title":{"rendered":"Modelo para la difusi\u00f3n proactiva de informaci\u00f3n en sistemas distribuidos basado en enfoques epid\u00e9micos. aplicaci\u00f3n a los sistemas de gesti\u00f3n de red."},"content":{"rendered":"<h2>Tesis doctoral de <strong> Yudivi\u00e1n Almeida Cruz <\/strong><\/h2>\n<p>En la presente investigaci\u00f3n se propone un modelo para la difusi\u00f3n proactiva de informaci\u00f3n en sistemas distribuidos basado en enfoques epid\u00e9micos. La aplicaci\u00f3n de este modelo dentro de un sistema de gesti\u00f3n de redes con capacidad de gesti\u00f3n y difusi\u00f3n de la informaci\u00f3n permite incorporar al sistema caracter\u00edsticas de proactividad y que se consideren en el proceso de difusi\u00f3n los intereses de los componentes del sistema de gesti\u00f3n. Sistemas con estas caracter\u00edsticas permiten aportar un enfoque diferente a la difusi\u00f3n de la informaci\u00f3n que tradicionalmente se realiza utilizando t\u00e9cnicas de acceso bajo demanda.   el modelo que se propone basa su funcionamiento en los algoritmos epid\u00e9micos que reproducen el modo en que se disemina una epidemia o un rumor en un entorno social. Esta idea, en conjunto con la posibilidad de considerar los intereses de los elementos del sistema en relaci\u00f3n a la informaci\u00f3n que se transmite, es el sustento principal del modelo de difusi\u00f3n proactiva.  la aplicaci\u00f3n del modelo dentro del sistema de gesti\u00f3n de redes con capacidad de gesti\u00f3n y difusi\u00f3n de informaci\u00f3n permite que los desarrolladores se centren en la l\u00f3gica de las aplicaciones sin preocuparse, a nivel de aplicaci\u00f3n, del problema de la difusi\u00f3n de la informaci\u00f3n. Adem\u00e1s, se asegura la compatibilidad del modelo con los est\u00e1ndares existentes tomando como base el marco de trabajo definido por iso\/iec para sistemas osi.  estos sistemas tendr\u00e1n gran aplicaci\u00f3n en los sistemas de actualizaci\u00f3n de software o de actualizaci\u00f3n de configuraciones. Tambi\u00e9n podr\u00e1n ser utilizados como base para la implantaci\u00f3n y mantenimiento de otras aplicaciones que requieran la difusi\u00f3n proactiva de informaci\u00f3n, delegando esta tarea al sistema de gesti\u00f3n de redes subyacente.  los principales resultados de esta investigaci\u00f3n son: un modelo para la difusi\u00f3n proactiva de informaci\u00f3n en sistemas distribuidos basado en enfoques epid\u00e9micos y un mecanismo de difusi\u00f3n de informaci\u00f3n basado en este modelo y concretado en un protocolo de aplicaci\u00f3n.  tanto el modelo como el mecanismo de difusi\u00f3n fueron validados en escenarios de simulaci\u00f3n. Estas simulaciones permitieron ajustar distintos par\u00e1metros del modelo epid\u00e9mico as\u00ed como del mecanismo de difusi\u00f3n. Las pruebas de escalabilidad, tolerancia a fallos y capacidad de transferencia realizadas en estos escenarios permitieron verificar la validez e idoneidad de esta propuesta y su escalabilidad respecto al tama\u00f1o del sistema gestionado.<\/p>\n<p>&nbsp;<\/p>\n<h3>Datos acad\u00e9micos de la tesis doctoral \u00ab<strong>Modelo para la difusi\u00f3n proactiva de informaci\u00f3n en sistemas distribuidos basado en enfoques epid\u00e9micos. aplicaci\u00f3n a los sistemas de gesti\u00f3n de red.<\/strong>\u00ab<\/h3>\n<ul>\n<li><strong>T\u00edtulo de la tesis:<\/strong>\u00a0 Modelo para la difusi\u00f3n proactiva de informaci\u00f3n en sistemas distribuidos basado en enfoques epid\u00e9micos. aplicaci\u00f3n a los sistemas de gesti\u00f3n de red. <\/li>\n<li><strong>Autor:<\/strong>\u00a0 Yudivi\u00e1n Almeida Cruz <\/li>\n<li><strong>Universidad:<\/strong>\u00a0 Alicante<\/li>\n<li><strong>Fecha de lectura de la tesis:<\/strong>\u00a0 22\/07\/2011<\/li>\n<\/ul>\n<p>&nbsp;<\/p>\n<h3>Direcci\u00f3n y tribunal<\/h3>\n<ul>\n<li><strong>Director de la tesis<\/strong>\n<ul>\n<li>Francisco Maci\u00e1 P\u00e9rez<\/li>\n<\/ul>\n<\/li>\n<li><strong>Tribunal<\/strong>\n<ul>\n<li>Presidente del tribunal: Juan  manuel Garc\u00eda chamizo <\/li>\n<li>roque Fernando Madrigal madrigal (vocal)<\/li>\n<li>Francisco Jes\u00fas Velasco gonz\u00e1lez (vocal)<\/li>\n<li>Jos\u00e9 Mar\u00eda Zamanillo sainz de la maza (vocal)<\/li>\n<\/ul>\n<\/li>\n<\/ul>\n<p>&nbsp;<\/p>\n","protected":false},"excerpt":{"rendered":"<p>Tesis doctoral de Yudivi\u00e1n Almeida Cruz En la presente investigaci\u00f3n se propone un modelo para la difusi\u00f3n proactiva de informaci\u00f3n [&hellip;]<\/p>\n","protected":false},"author":1,"featured_media":0,"comment_status":"open","ping_status":"open","sticky":false,"template":"","format":"standard","meta":{"site-sidebar-layout":"default","site-content-layout":"","ast-site-content-layout":"","site-content-style":"default","site-sidebar-style":"default","ast-global-header-display":"","ast-banner-title-visibility":"","ast-main-header-display":"","ast-hfb-above-header-display":"","ast-hfb-below-header-display":"","ast-hfb-mobile-header-display":"","site-post-title":"","ast-breadcrumbs-content":"","ast-featured-img":"","footer-sml-layout":"","theme-transparent-header-meta":"","adv-header-id-meta":"","stick-header-meta":"","header-above-stick-meta":"","header-main-stick-meta":"","header-below-stick-meta":"","astra-migrate-meta-layouts":"default","ast-page-background-enabled":"default","ast-page-background-meta":{"desktop":{"background-color":"var(--ast-global-color-4)","background-image":"","background-repeat":"repeat","background-position":"center center","background-size":"auto","background-attachment":"scroll","background-type":"","background-media":"","overlay-type":"","overlay-color":"","overlay-gradient":""},"tablet":{"background-color":"","background-image":"","background-repeat":"repeat","background-position":"center center","background-size":"auto","background-attachment":"scroll","background-type":"","background-media":"","overlay-type":"","overlay-color":"","overlay-gradient":""},"mobile":{"background-color":"","background-image":"","background-repeat":"repeat","background-position":"center center","background-size":"auto","background-attachment":"scroll","background-type":"","background-media":"","overlay-type":"","overlay-color":"","overlay-gradient":""}},"ast-content-background-meta":{"desktop":{"background-color":"var(--ast-global-color-5)","background-image":"","background-repeat":"repeat","background-position":"center center","background-size":"auto","background-attachment":"scroll","background-type":"","background-media":"","overlay-type":"","overlay-color":"","overlay-gradient":""},"tablet":{"background-color":"var(--ast-global-color-5)","background-image":"","background-repeat":"repeat","background-position":"center center","background-size":"auto","background-attachment":"scroll","background-type":"","background-media":"","overlay-type":"","overlay-color":"","overlay-gradient":""},"mobile":{"background-color":"var(--ast-global-color-5)","background-image":"","background-repeat":"repeat","background-position":"center center","background-size":"auto","background-attachment":"scroll","background-type":"","background-media":"","overlay-type":"","overlay-color":"","overlay-gradient":""}},"footnotes":""},"categories":[19166,13880,40832],"tags":[137854,40833,80203,19314,53784,220640],"class_list":["post-110550","post","type-post","status-publish","format-standard","hentry","category-alicante","category-informatica","category-redes-de-ordenadores","tag-francisco-jesus-velasco-gonzalez","tag-francisco-macia-perez","tag-jose-maria-zamanillo-sainz-de-la-maza","tag-juan-manuel-garcia-chamizo","tag-roque-fernando-madrigal-madrigal","tag-yudivian-almeida-cruz"],"_links":{"self":[{"href":"https:\/\/www.deberes.net\/tesis\/wp-json\/wp\/v2\/posts\/110550","targetHints":{"allow":["GET"]}}],"collection":[{"href":"https:\/\/www.deberes.net\/tesis\/wp-json\/wp\/v2\/posts"}],"about":[{"href":"https:\/\/www.deberes.net\/tesis\/wp-json\/wp\/v2\/types\/post"}],"author":[{"embeddable":true,"href":"https:\/\/www.deberes.net\/tesis\/wp-json\/wp\/v2\/users\/1"}],"replies":[{"embeddable":true,"href":"https:\/\/www.deberes.net\/tesis\/wp-json\/wp\/v2\/comments?post=110550"}],"version-history":[{"count":0,"href":"https:\/\/www.deberes.net\/tesis\/wp-json\/wp\/v2\/posts\/110550\/revisions"}],"wp:attachment":[{"href":"https:\/\/www.deberes.net\/tesis\/wp-json\/wp\/v2\/media?parent=110550"}],"wp:term":[{"taxonomy":"category","embeddable":true,"href":"https:\/\/www.deberes.net\/tesis\/wp-json\/wp\/v2\/categories?post=110550"},{"taxonomy":"post_tag","embeddable":true,"href":"https:\/\/www.deberes.net\/tesis\/wp-json\/wp\/v2\/tags?post=110550"}],"curies":[{"name":"wp","href":"https:\/\/api.w.org\/{rel}","templated":true}]}}