{"id":110630,"date":"2018-03-11T10:36:46","date_gmt":"2018-03-11T10:36:46","guid":{"rendered":"https:\/\/www.deberes.net\/tesis\/sin-categoria\/el-genero-chico-y-el-madrid-de-entre-siglos\/"},"modified":"2018-03-11T10:36:46","modified_gmt":"2018-03-11T10:36:46","slug":"el-genero-chico-y-el-madrid-de-entre-siglos","status":"publish","type":"post","link":"https:\/\/www.deberes.net\/tesis\/teatro\/el-genero-chico-y-el-madrid-de-entre-siglos\/","title":{"rendered":"El g\u00e9nero chico y el Madrid de entre siglos"},"content":{"rendered":"<h2>Tesis doctoral de <strong> Andr\u00e9s Manuel Jim\u00e9nez Molero <\/strong><\/h2>\n<p>Inmerso en h\u00e1bitos sociopol\u00edticos aparentemente estabilizadores, el g\u00e9nero chico supuso, a finales del siglo xix, el \u00e1mbito l\u00edrico teatral caracter\u00edstico de unos valores culturales fundamentados en la diversi\u00f3n y en la evasi\u00f3n. Como uno de los primeros productos de car\u00e1cter industrial destinados al ocio, el g\u00e9nero chico acapar\u00f3 el inter\u00e9s de un amplio abanico social con especial incidencia en las clases medias y en las populares entre 1880 y 1915, a\u00f1os de vigencia susceptibles de ampliaciones a su origen exclusivamente declamado en 1869 y a su extinci\u00f3n con la clausura del teatro apolo en 1929. Su periodizaci\u00f3n, que desde el estreno de la camisa de la lola comprende fases de expansi\u00f3n y culminaci\u00f3n, incluye asimismo una cronolog\u00eda de decadencia a partir de 1900, cuando los efectos de la crisis y la evoluci\u00f3n sociocultural condujeron al g\u00e9nero, entre otras causas, a su inevitable ca\u00edda y posterior conclusi\u00f3n.   la historia del g\u00e9nero chico en el Madrid de entre siglos supone un reflejo del canovismo, de la sociedad que lo sustent\u00f3 y de unas huellas culturales que abarcan el terreno de la filosof\u00eda, la literatura y las artes inclusi\u00f3n de las artes esc\u00e9nicas y de la m\u00fasica en una faceta cronol\u00f3gica que entronca el fin de la pol\u00edtica imperialista con la modernizaci\u00f3n progresiva de espa\u00f1a ejemplificada en la transformaci\u00f3n f\u00edsica. En todos estos aspectos, correspondi\u00f3 a Madrid, como patr\u00f3n nacional y sede de cambios y toma de decisiones, adquirir el papel mod\u00e9lico \u00fanicamente compartido por barcelona en una geograf\u00eda tan variada como caracter\u00edsticamente rural. Capital de la monarqu\u00eda y punto neur\u00e1lgico del centralismo, la ciudad, progresivamente en expansi\u00f3n, gest\u00f3 las distintas modas de escenificaci\u00f3n l\u00edrica que fueron extendi\u00e9ndose por el resto de espa\u00f1a hasta que, entrado el siglo xx, la tendencia se modific\u00f3, llegando a invertirse por momentos.    la evoluci\u00f3n del Madrid decimon\u00f3nico finisecular hacia unas pautas m\u00e1s acordes con las sociedades capitalistas de los principales estados europeos implic\u00f3 un cambio en las estructuras esc\u00e9nicas y musicales que impuso la vigencia y la caducidad sucesivas de los diferentes g\u00e9neros del teatro l\u00edrico. En este contexto, el g\u00e9nero chico se irgui\u00f3, al igual que los distintos g\u00e9neros con los cuales compiti\u00f3 rebasado el 1900, como diversi\u00f3n hegem\u00f3nica de un p\u00fablico el del teatro exclusivo para un periodo determinado de la vida en la corte, una ciudad, sin embargo, paulatinamente alejada de las caracter\u00edsticas de la villa. Por ello, abordar la vida del g\u00e9nero chico en el Madrid de entre siglos supone abordar una de las primeras f\u00f3rmulas de creaci\u00f3n l\u00edrica ociosa de car\u00e1cter industrial a la par que un modelo pronto desfasado por la metamorfosis circunstancial sujeta asimismo al relevo constante de las modas ef\u00edmeras.    el trabajo que aqu\u00ed se presenta desarrolla el estudio del g\u00e9nero chico desde una vertiente predominantemente hist\u00f3rica. Si, por una parte, el an\u00e1lisis musicol\u00f3gico de la producci\u00f3n se ha disminuido considerablemente, por otra, la interrelaci\u00f3n de distintos aspectos relacionados con el tema convierten el asunto tratado en un discurso cuya riqueza interdisciplinar incide en las carencias m\u00e1s evidentes para aportar una visi\u00f3n de conjunto tan completa como equilibrada. La historia, la literatura y algunos de los autores c\u00f3micos formaron parte de la primera l\u00ednea intelectual del pa\u00eds en aquel momento la arquitectura en su faceta predominantemente urban\u00edstica, la filosof\u00eda y est\u00e9tica musicales, diversos marcos de escenificaci\u00f3n l\u00edrica como la \u00f3pera, el teatro de los bufos o los llamados g\u00e9neros \u00ednfimos y otros elementos sociales y culturales, fundamentan el entorno sobre el cual se erigi\u00f3 un g\u00e9nero cuya trascendencia le ha permitido la perdurabilidad que a\u00fan hoy se sustenta en los teatros de Madrid y de espa\u00f1a. Todo ello, con el punto de inflexi\u00f3n en 1898, queda condensado en dos partes distribuidas cronol\u00f3gicamente: el siglo xix y el siglo xx.   aparte de estas consideraciones, el estudio cuenta con apartado documental sobre el cual se reafirma el discurso, un compendio informativo que ejemplifica lo expuesto y manifiesta el trabajo de campo realizado por el autor. En este sentido, la labor que ha dado por resultado este estudio se completa con una bibliograf\u00eda que engloba tanto referencias cl\u00e1sicas como recientes.<\/p>\n<p>&nbsp;<\/p>\n<h3>Datos acad\u00e9micos de la tesis doctoral \u00ab<strong>El g\u00e9nero chico y el Madrid de entre siglos<\/strong>\u00ab<\/h3>\n<ul>\n<li><strong>T\u00edtulo de la tesis:<\/strong>\u00a0 El g\u00e9nero chico y el Madrid de entre siglos <\/li>\n<li><strong>Autor:<\/strong>\u00a0 Andr\u00e9s Manuel Jim\u00e9nez Molero <\/li>\n<li><strong>Universidad:<\/strong>\u00a0 Universitat de val\u00e9ncia (estudi general)<\/li>\n<li><strong>Fecha de lectura de la tesis:<\/strong>\u00a0 26\/07\/2011<\/li>\n<\/ul>\n<p>&nbsp;<\/p>\n<h3>Direcci\u00f3n y tribunal<\/h3>\n<ul>\n<li><strong>Director de la tesis<\/strong>\n<ul>\n<li>Francisco Javier P\u00e9rez Rojas<\/li>\n<\/ul>\n<\/li>\n<li><strong>Tribunal<\/strong>\n<ul>\n<li>Presidente del tribunal: Francisco De la plaza Santiago <\/li>\n<li>Mar\u00eda  del mar Lozano bartolozzi (vocal)<\/li>\n<li>Carlos Reyero hermosilla (vocal)<\/li>\n<li>joaquin tomas Canovas belchi (vocal)<\/li>\n<\/ul>\n<\/li>\n<\/ul>\n<p>&nbsp;<\/p>\n","protected":false},"excerpt":{"rendered":"<p>Tesis doctoral de Andr\u00e9s Manuel Jim\u00e9nez Molero Inmerso en h\u00e1bitos sociopol\u00edticos aparentemente estabilizadores, el g\u00e9nero chico supuso, a finales del [&hellip;]<\/p>\n","protected":false},"author":1,"featured_media":0,"comment_status":"open","ping_status":"open","sticky":false,"template":"","format":"standard","meta":{"site-sidebar-layout":"default","site-content-layout":"","ast-site-content-layout":"","site-content-style":"default","site-sidebar-style":"default","ast-global-header-display":"","ast-banner-title-visibility":"","ast-main-header-display":"","ast-hfb-above-header-display":"","ast-hfb-below-header-display":"","ast-hfb-mobile-header-display":"","site-post-title":"","ast-breadcrumbs-content":"","ast-featured-img":"","footer-sml-layout":"","theme-transparent-header-meta":"","adv-header-id-meta":"","stick-header-meta":"","header-above-stick-meta":"","header-main-stick-meta":"","header-below-stick-meta":"","astra-migrate-meta-layouts":"default","ast-page-background-enabled":"default","ast-page-background-meta":{"desktop":{"background-color":"var(--ast-global-color-4)","background-image":"","background-repeat":"repeat","background-position":"center center","background-size":"auto","background-attachment":"scroll","background-type":"","background-media":"","overlay-type":"","overlay-color":"","overlay-gradient":""},"tablet":{"background-color":"","background-image":"","background-repeat":"repeat","background-position":"center center","background-size":"auto","background-attachment":"scroll","background-type":"","background-media":"","overlay-type":"","overlay-color":"","overlay-gradient":""},"mobile":{"background-color":"","background-image":"","background-repeat":"repeat","background-position":"center center","background-size":"auto","background-attachment":"scroll","background-type":"","background-media":"","overlay-type":"","overlay-color":"","overlay-gradient":""}},"ast-content-background-meta":{"desktop":{"background-color":"var(--ast-global-color-5)","background-image":"","background-repeat":"repeat","background-position":"center center","background-size":"auto","background-attachment":"scroll","background-type":"","background-media":"","overlay-type":"","overlay-color":"","overlay-gradient":""},"tablet":{"background-color":"var(--ast-global-color-5)","background-image":"","background-repeat":"repeat","background-position":"center center","background-size":"auto","background-attachment":"scroll","background-type":"","background-media":"","overlay-type":"","overlay-color":"","overlay-gradient":""},"mobile":{"background-color":"var(--ast-global-color-5)","background-image":"","background-repeat":"repeat","background-position":"center center","background-size":"auto","background-attachment":"scroll","background-type":"","background-media":"","overlay-type":"","overlay-color":"","overlay-gradient":""}},"footnotes":""},"categories":[7632,9132,1110,5371],"tags":[220762,13424,149437,130543,81071,19490],"class_list":["post-110630","post","type-post","status-publish","format-standard","hentry","category-historia-de-la-musica","category-musica-y-musicologia","category-teatro","category-urbanismo","tag-andres-manuel-jimenez-molero","tag-carlos-reyero-hermosilla","tag-francisco-de-la-plaza-santiago","tag-francisco-javier-perez-rojas","tag-joaquin-tomas-canovas-belchi","tag-maria-del-mar-lozano-bartolozzi"],"_links":{"self":[{"href":"https:\/\/www.deberes.net\/tesis\/wp-json\/wp\/v2\/posts\/110630","targetHints":{"allow":["GET"]}}],"collection":[{"href":"https:\/\/www.deberes.net\/tesis\/wp-json\/wp\/v2\/posts"}],"about":[{"href":"https:\/\/www.deberes.net\/tesis\/wp-json\/wp\/v2\/types\/post"}],"author":[{"embeddable":true,"href":"https:\/\/www.deberes.net\/tesis\/wp-json\/wp\/v2\/users\/1"}],"replies":[{"embeddable":true,"href":"https:\/\/www.deberes.net\/tesis\/wp-json\/wp\/v2\/comments?post=110630"}],"version-history":[{"count":0,"href":"https:\/\/www.deberes.net\/tesis\/wp-json\/wp\/v2\/posts\/110630\/revisions"}],"wp:attachment":[{"href":"https:\/\/www.deberes.net\/tesis\/wp-json\/wp\/v2\/media?parent=110630"}],"wp:term":[{"taxonomy":"category","embeddable":true,"href":"https:\/\/www.deberes.net\/tesis\/wp-json\/wp\/v2\/categories?post=110630"},{"taxonomy":"post_tag","embeddable":true,"href":"https:\/\/www.deberes.net\/tesis\/wp-json\/wp\/v2\/tags?post=110630"}],"curies":[{"name":"wp","href":"https:\/\/api.w.org\/{rel}","templated":true}]}}