{"id":110682,"date":"2018-03-11T10:36:53","date_gmt":"2018-03-11T10:36:53","guid":{"rendered":"https:\/\/www.deberes.net\/tesis\/sin-categoria\/mejora-de-las-defensas-antioxidantes-a-traves-del-ejercicio-aerobico-de-mujeres-con-sa%c2%adndrome-metabolico\/"},"modified":"2018-03-11T10:36:53","modified_gmt":"2018-03-11T10:36:53","slug":"mejora-de-las-defensas-antioxidantes-a-traves-del-ejercicio-aerobico-de-mujeres-con-sa%c2%adndrome-metabolico","status":"publish","type":"post","link":"https:\/\/www.deberes.net\/tesis\/salud-publica\/mejora-de-las-defensas-antioxidantes-a-traves-del-ejercicio-aerobico-de-mujeres-con-sa%c2%adndrome-metabolico\/","title":{"rendered":"Mejora de las defensas antioxidantes a trav\u00e9s del ejercicio aer\u00f3bico de mujeres con s\u00edndrome metabolico"},"content":{"rendered":"<h2>Tesis doctoral de <strong> Antonio Diaz Ordo\u00f1ez <\/strong><\/h2>\n<p>Recientes estudios sugieren que el da\u00f1o oxidativo resulta esencial en la fisiopatolog\u00eda del s\u00edndrome metab\u00f3lico. Precisamente nuestro objetivo fue mejorar las defensas antioxidantes de mujeres con s\u00edndrome metab\u00f3lico mediante un protocolo de intervenci\u00f3n basado en ejercicio de tipo aer\u00f3bico.  participaron voluntariamente 90 mujeres con s\u00edndrome metab\u00f3lico de acuerdo con los criterios del national cholesterol educational program (adult-treatment-panel-iii) distribuidas aleatoriamente en grupo experimental (n=45) y control (n=45). El grupo experimental desarroll\u00f3 un programa de entrenamiento aer\u00f3bico de intensidad ligera\/moderada (50-65% fcm\u00e1xima incrementando 5% cada 4 semanas) de 12 semanas (3 sesiones\/semana). La determinaci\u00f3n del estatus total antioxidante (tas) plasm\u00e1tico se realiz\u00f3 mediante t\u00e9cnicas espectrofotom\u00e9tricas utilizando kits comercializados por randox. La actividad de enzimas antioxidantes eritrocitarias (sod; cat; gpx; gr; g6pdh) se determin\u00f3 por procedimientos de laboratorio estandar. Se obtuvo el consentimiento informado de todos los participantes. De hecho nuestro protocolo fue aprobado por un comit\u00e9 de \u00e9tica institucional. tras completar el programa de entrenamiento se increment\u00f3 significativamente el estatus total antioxidante plasm\u00e1tico (0.79\u00c2\u00b10.05 vs 1.01\u00c2\u00b10.03 mmol\/l;p=0.027) lo que podr\u00eda explicarse por el aumento de la actividad de enzimas antioxidantes. Por el contrario no hubo cambios en grupo control. No se registraron lesiones ni abandonos lo que sugiere que nuestro programa de entrenamiento no solo fue eficaz sino que tambi\u00e9n fue seguro y f\u00e1cil de seguir. el ejercicio aer\u00f3bico de intensidad ligera\/moderada aumenta las defensas antioxidantes en mujeres con s\u00edndrome metab\u00f3lico. Futuros estudios longitudinales son necesarios para conocer el impacto de esta mejora en la evoluci\u00f3n cl\u00ednica.<\/p>\n<p>&nbsp;<\/p>\n<h3>Datos acad\u00e9micos de la tesis doctoral \u00ab<strong>Mejora de las defensas antioxidantes a trav\u00e9s del ejercicio aer\u00f3bico de mujeres con s\u00edndrome metabolico<\/strong>\u00ab<\/h3>\n<ul>\n<li><strong>T\u00edtulo de la tesis:<\/strong>\u00a0 Mejora de las defensas antioxidantes a trav\u00e9s del ejercicio aer\u00f3bico de mujeres con s\u00edndrome metabolico <\/li>\n<li><strong>Autor:<\/strong>\u00a0 Antonio Diaz Ordo\u00f1ez <\/li>\n<li><strong>Universidad:<\/strong>\u00a0 C\u00e1diz<\/li>\n<li><strong>Fecha de lectura de la tesis:<\/strong>\u00a0 28\/07\/2011<\/li>\n<\/ul>\n<p>&nbsp;<\/p>\n<h3>Direcci\u00f3n y tribunal<\/h3>\n<ul>\n<li><strong>Director de la tesis<\/strong>\n<ul>\n<li>Francisco Javier Ordo\u00f1ez Mu\u00f1oz<\/li>\n<\/ul>\n<\/li>\n<li><strong>Tribunal<\/strong>\n<ul>\n<li>Presidente del tribunal: manuel Rosety plaza <\/li>\n<li>Jos\u00e9 ram\u00f3n Alvero cruz (vocal)<\/li>\n<li>susana Garc\u00eda g\u00f3mez (vocal)<\/li>\n<li>Mar\u00eda  teresa Pery bohorquez (vocal)<\/li>\n<\/ul>\n<\/li>\n<\/ul>\n<p>&nbsp;<\/p>\n","protected":false},"excerpt":{"rendered":"<p>Tesis doctoral de Antonio Diaz Ordo\u00f1ez Recientes estudios sugieren que el da\u00f1o oxidativo resulta esencial en la fisiopatolog\u00eda del s\u00edndrome [&hellip;]<\/p>\n","protected":false},"author":1,"featured_media":0,"comment_status":"open","ping_status":"open","sticky":false,"template":"","format":"standard","meta":{"site-sidebar-layout":"default","site-content-layout":"","ast-site-content-layout":"","site-content-style":"default","site-sidebar-style":"default","ast-global-header-display":"","ast-banner-title-visibility":"","ast-main-header-display":"","ast-hfb-above-header-display":"","ast-hfb-below-header-display":"","ast-hfb-mobile-header-display":"","site-post-title":"","ast-breadcrumbs-content":"","ast-featured-img":"","footer-sml-layout":"","theme-transparent-header-meta":"","adv-header-id-meta":"","stick-header-meta":"","header-above-stick-meta":"","header-main-stick-meta":"","header-below-stick-meta":"","astra-migrate-meta-layouts":"default","ast-page-background-enabled":"default","ast-page-background-meta":{"desktop":{"background-color":"var(--ast-global-color-4)","background-image":"","background-repeat":"repeat","background-position":"center center","background-size":"auto","background-attachment":"scroll","background-type":"","background-media":"","overlay-type":"","overlay-color":"","overlay-gradient":""},"tablet":{"background-color":"","background-image":"","background-repeat":"repeat","background-position":"center center","background-size":"auto","background-attachment":"scroll","background-type":"","background-media":"","overlay-type":"","overlay-color":"","overlay-gradient":""},"mobile":{"background-color":"","background-image":"","background-repeat":"repeat","background-position":"center center","background-size":"auto","background-attachment":"scroll","background-type":"","background-media":"","overlay-type":"","overlay-color":"","overlay-gradient":""}},"ast-content-background-meta":{"desktop":{"background-color":"var(--ast-global-color-5)","background-image":"","background-repeat":"repeat","background-position":"center center","background-size":"auto","background-attachment":"scroll","background-type":"","background-media":"","overlay-type":"","overlay-color":"","overlay-gradient":""},"tablet":{"background-color":"var(--ast-global-color-5)","background-image":"","background-repeat":"repeat","background-position":"center center","background-size":"auto","background-attachment":"scroll","background-type":"","background-media":"","overlay-type":"","overlay-color":"","overlay-gradient":""},"mobile":{"background-color":"var(--ast-global-color-5)","background-image":"","background-repeat":"repeat","background-position":"center center","background-size":"auto","background-attachment":"scroll","background-type":"","background-media":"","overlay-type":"","overlay-color":"","overlay-gradient":""}},"footnotes":""},"categories":[1506,967],"tags":[220843,137321,55337,1553,196620,3723],"class_list":["post-110682","post","type-post","status-publish","format-standard","hentry","category-cadiz","category-salud-publica","tag-antonio-diaz-ordonez","tag-francisco-javier-ordonez-munoz","tag-jose-ramon-alvero-cruz","tag-manuel-rosety-plaza","tag-maria-teresa-pery-bohorquez","tag-susana-garcia-gomez"],"_links":{"self":[{"href":"https:\/\/www.deberes.net\/tesis\/wp-json\/wp\/v2\/posts\/110682","targetHints":{"allow":["GET"]}}],"collection":[{"href":"https:\/\/www.deberes.net\/tesis\/wp-json\/wp\/v2\/posts"}],"about":[{"href":"https:\/\/www.deberes.net\/tesis\/wp-json\/wp\/v2\/types\/post"}],"author":[{"embeddable":true,"href":"https:\/\/www.deberes.net\/tesis\/wp-json\/wp\/v2\/users\/1"}],"replies":[{"embeddable":true,"href":"https:\/\/www.deberes.net\/tesis\/wp-json\/wp\/v2\/comments?post=110682"}],"version-history":[{"count":0,"href":"https:\/\/www.deberes.net\/tesis\/wp-json\/wp\/v2\/posts\/110682\/revisions"}],"wp:attachment":[{"href":"https:\/\/www.deberes.net\/tesis\/wp-json\/wp\/v2\/media?parent=110682"}],"wp:term":[{"taxonomy":"category","embeddable":true,"href":"https:\/\/www.deberes.net\/tesis\/wp-json\/wp\/v2\/categories?post=110682"},{"taxonomy":"post_tag","embeddable":true,"href":"https:\/\/www.deberes.net\/tesis\/wp-json\/wp\/v2\/tags?post=110682"}],"curies":[{"name":"wp","href":"https:\/\/api.w.org\/{rel}","templated":true}]}}