{"id":110685,"date":"2018-03-11T10:36:53","date_gmt":"2018-03-11T10:36:53","guid":{"rendered":"https:\/\/www.deberes.net\/tesis\/sin-categoria\/integracion-multimodal-de-biomarcadores-de-resonancia-magnetica-para-ayuda-al-diagnostico-en-enfermedades-neurodegenerativas-y-neurologicas\/"},"modified":"2018-03-11T10:36:53","modified_gmt":"2018-03-11T10:36:53","slug":"integracion-multimodal-de-biomarcadores-de-resonancia-magnetica-para-ayuda-al-diagnostico-en-enfermedades-neurodegenerativas-y-neurologicas","status":"publish","type":"post","link":"https:\/\/www.deberes.net\/tesis\/informatica\/integracion-multimodal-de-biomarcadores-de-resonancia-magnetica-para-ayuda-al-diagnostico-en-enfermedades-neurodegenerativas-y-neurologicas\/","title":{"rendered":"Integraci\u00f3n multimodal de biomarcadores de resonancia magn\u00e9tica para ayuda al diagn\u00f3stico en enfermedades neurodegenerativas y neurol\u00f3gicas"},"content":{"rendered":"<h2>Tesis doctoral de <strong> Virginia Mato Abad <\/strong><\/h2>\n<p>El aumento de la esperanza de vida y el progresivo envejecimiento de la poblaci\u00f3n ha provocado que las enfermedades cr\u00f3nicas ligadas a la edad sean uno de los principales problemas de los sistemas sanitarios, principalmente aquellas que afectan al sistema nervioso central, las enfermedades neurodegenerativas y neurol\u00f3gicas. es vital que el diagn\u00f3stico de estas enfermedades sea realizado en una fase precoz, cuando el paciente no manifieste todav\u00eda los s\u00edntomas de estas patolog\u00edas y as\u00ed lograr el retraso de la aparici\u00f3n de los mismos. En esta l\u00ednea, en los \u00faltimos a\u00f1os se han producido importantes descubrimientos en el diagn\u00f3stico con t\u00e9cnicas de imagen m\u00e9dica, entre ellas, se encuentra la resonancia magn\u00e9tica (rm), con la que es posible adquirir distintos tipos de imagen. la espectroscopia de resonancia magn\u00e9tica es una de las t\u00e9cnicas de rm que se utiliza en el diagn\u00f3stico de estas enfermedades, con la que se obtiene informaci\u00f3n bioqu\u00edmica de los diferentes tejidos a trav\u00e9s de distintos metabolitos. Sin embargo, es una t\u00e9cnica muy sensible y con una gran variabilidad, lo que dificulta su uso en estudios cl\u00ednicos poblacionales. Entre los factores que contribuyen a dicha variabilidad en el \u00e1mbito del envejecimiento y las enfermedades neurol\u00f3gicas y neurodegenerativas se encuentran la atrofia o p\u00e9rdida de volumen de sustancia gris y sustancia blanca y la acumulaci\u00f3n en el cerebro de sustancias como el hierro. Estos dos factores se pueden medir o cuantificar con rm, la atrofia o p\u00e9rdida de volumen en el cerebro con t\u00e9cnicas de volumetr\u00eda y los dep\u00f3sitos de hierro a trav\u00e9s de los mapas de t2. as\u00ed, en este trabajo se han desarrollado herramientas de an\u00e1lisis y post-procesado espec\u00edficas que integran de la forma m\u00e1s autom\u00e1tica posible la informaci\u00f3n heterog\u00e9nea que proporcionan estas tres modalidades de rm: volumetr\u00eda, espectro y mapas de hierro. Estas herramientas permiten hacer una valoraci\u00f3n conjunta de las tres t\u00e9cnicas y corregir las medidas de espectroscopia a partir del efecto del hierro y del volumen parcial. Posteriormente, se han validado estas t\u00e9cnicas en estudios in vitro e in vitro.  como conclusi\u00f3n, destacar que aplicando t\u00e9cnicas de correcci\u00f3n e integraci\u00f3n de datos, se obtienen medidas cuantitativas de los metabolitos m\u00e1s precisas, que disminuyen la variabilidad, mejoran la potencia estad\u00edstica y facilitan el uso de esta t\u00e9cnica en estudios cl\u00ednicos orientados a la detecci\u00f3n precoz.<\/p>\n<p>&nbsp;<\/p>\n<h3>Datos acad\u00e9micos de la tesis doctoral \u00ab<strong>Integraci\u00f3n multimodal de biomarcadores de resonancia magn\u00e9tica para ayuda al diagn\u00f3stico en enfermedades neurodegenerativas y neurol\u00f3gicas<\/strong>\u00ab<\/h3>\n<ul>\n<li><strong>T\u00edtulo de la tesis:<\/strong>\u00a0 Integraci\u00f3n multimodal de biomarcadores de resonancia magn\u00e9tica para ayuda al diagn\u00f3stico en enfermedades neurodegenerativas y neurol\u00f3gicas <\/li>\n<li><strong>Autor:<\/strong>\u00a0 Virginia Mato Abad <\/li>\n<li><strong>Universidad:<\/strong>\u00a0 A coru\u00f1a<\/li>\n<li><strong>Fecha de lectura de la tesis:<\/strong>\u00a0 28\/07\/2011<\/li>\n<\/ul>\n<p>&nbsp;<\/p>\n<h3>Direcci\u00f3n y tribunal<\/h3>\n<ul>\n<li><strong>Director de la tesis<\/strong>\n<ul>\n<li>Juan  Antonio Hernandez Tamames<\/li>\n<\/ul>\n<\/li>\n<li><strong>Tribunal<\/strong>\n<ul>\n<li>Presidente del tribunal: Jorge Teijeiro vidal <\/li>\n<li>Fernando Zelaya (vocal)<\/li>\n<li>Ana Ramos gonz\u00e1lez (vocal)<\/li>\n<li>roberto Garc\u00eda \u00e1lvarez (vocal)<\/li>\n<\/ul>\n<\/li>\n<\/ul>\n<p>&nbsp;<\/p>\n","protected":false},"excerpt":{"rendered":"<p>Tesis doctoral de Virginia Mato Abad El aumento de la esperanza de vida y el progresivo envejecimiento de la poblaci\u00f3n [&hellip;]<\/p>\n","protected":false},"author":1,"featured_media":0,"comment_status":"open","ping_status":"open","sticky":false,"template":"","format":"standard","meta":{"site-sidebar-layout":"default","site-content-layout":"","ast-site-content-layout":"","site-content-style":"default","site-sidebar-style":"default","ast-global-header-display":"","ast-banner-title-visibility":"","ast-main-header-display":"","ast-hfb-above-header-display":"","ast-hfb-below-header-display":"","ast-hfb-mobile-header-display":"","site-post-title":"","ast-breadcrumbs-content":"","ast-featured-img":"","footer-sml-layout":"","theme-transparent-header-meta":"","adv-header-id-meta":"","stick-header-meta":"","header-above-stick-meta":"","header-main-stick-meta":"","header-below-stick-meta":"","astra-migrate-meta-layouts":"default","ast-page-background-enabled":"default","ast-page-background-meta":{"desktop":{"background-color":"var(--ast-global-color-4)","background-image":"","background-repeat":"repeat","background-position":"center center","background-size":"auto","background-attachment":"scroll","background-type":"","background-media":"","overlay-type":"","overlay-color":"","overlay-gradient":""},"tablet":{"background-color":"","background-image":"","background-repeat":"repeat","background-position":"center center","background-size":"auto","background-attachment":"scroll","background-type":"","background-media":"","overlay-type":"","overlay-color":"","overlay-gradient":""},"mobile":{"background-color":"","background-image":"","background-repeat":"repeat","background-position":"center center","background-size":"auto","background-attachment":"scroll","background-type":"","background-media":"","overlay-type":"","overlay-color":"","overlay-gradient":""}},"ast-content-background-meta":{"desktop":{"background-color":"var(--ast-global-color-5)","background-image":"","background-repeat":"repeat","background-position":"center center","background-size":"auto","background-attachment":"scroll","background-type":"","background-media":"","overlay-type":"","overlay-color":"","overlay-gradient":""},"tablet":{"background-color":"var(--ast-global-color-5)","background-image":"","background-repeat":"repeat","background-position":"center center","background-size":"auto","background-attachment":"scroll","background-type":"","background-media":"","overlay-type":"","overlay-color":"","overlay-gradient":""},"mobile":{"background-color":"var(--ast-global-color-5)","background-image":"","background-repeat":"repeat","background-position":"center center","background-size":"auto","background-attachment":"scroll","background-type":"","background-media":"","overlay-type":"","overlay-color":"","overlay-gradient":""}},"footnotes":""},"categories":[18576,13880,28867],"tags":[70152,220849,1813,65555,220850,220848],"class_list":["post-110685","post","type-post","status-publish","format-standard","hentry","category-a-coruna","category-informatica","category-resonancia-magnetica","tag-ana-ramos-gonzalez","tag-fernando-zelaya","tag-jorge-teijeiro-vidal","tag-juan-antonio-hernandez-tamames","tag-roberto-garcia-alvarez","tag-virginia-mato-abad"],"_links":{"self":[{"href":"https:\/\/www.deberes.net\/tesis\/wp-json\/wp\/v2\/posts\/110685","targetHints":{"allow":["GET"]}}],"collection":[{"href":"https:\/\/www.deberes.net\/tesis\/wp-json\/wp\/v2\/posts"}],"about":[{"href":"https:\/\/www.deberes.net\/tesis\/wp-json\/wp\/v2\/types\/post"}],"author":[{"embeddable":true,"href":"https:\/\/www.deberes.net\/tesis\/wp-json\/wp\/v2\/users\/1"}],"replies":[{"embeddable":true,"href":"https:\/\/www.deberes.net\/tesis\/wp-json\/wp\/v2\/comments?post=110685"}],"version-history":[{"count":0,"href":"https:\/\/www.deberes.net\/tesis\/wp-json\/wp\/v2\/posts\/110685\/revisions"}],"wp:attachment":[{"href":"https:\/\/www.deberes.net\/tesis\/wp-json\/wp\/v2\/media?parent=110685"}],"wp:term":[{"taxonomy":"category","embeddable":true,"href":"https:\/\/www.deberes.net\/tesis\/wp-json\/wp\/v2\/categories?post=110685"},{"taxonomy":"post_tag","embeddable":true,"href":"https:\/\/www.deberes.net\/tesis\/wp-json\/wp\/v2\/tags?post=110685"}],"curies":[{"name":"wp","href":"https:\/\/api.w.org\/{rel}","templated":true}]}}