{"id":110728,"date":"2011-01-09T00:00:00","date_gmt":"2011-01-09T00:00:00","guid":{"rendered":"https:\/\/www.deberes.net\/tesis\/sin-categoria\/estudios-de-la-respuesta-del-estres-hidrico-en-pinus-halepensis-mill-mediante-aproximaciones-de-genomica-funcional-transcriptomica-y-proteomica\/"},"modified":"2011-01-09T00:00:00","modified_gmt":"2011-01-09T00:00:00","slug":"estudios-de-la-respuesta-del-estres-hidrico-en-pinus-halepensis-mill-mediante-aproximaciones-de-genomica-funcional-transcriptomica-y-proteomica","status":"publish","type":"post","link":"https:\/\/www.deberes.net\/tesis\/ecologia-vegetal\/estudios-de-la-respuesta-del-estres-hidrico-en-pinus-halepensis-mill-mediante-aproximaciones-de-genomica-funcional-transcriptomica-y-proteomica\/","title":{"rendered":"Estudios de la respuesta del estres hidrico en pinus halepensis mill. mediante aproximaciones de genomica funcional: transcriptomica y proteomica"},"content":{"rendered":"<h2>Tesis doctoral de <strong> David Ariza Mateos <\/strong><\/h2>\n<p>El presente trabajo de tesis se ha centrado en dar respuesta a distintas cuestiones relacionadas con la respuesta de pinus halepensis a estr\u00e9s, fundamentalmente estr\u00e9s por sequ\u00eda, aunque tambi\u00e9n a estr\u00e9s post-trasplante. Se realiz\u00f3 la optimizaci\u00f3n de un protocolo de trabajo para la especie seleccionada, estudiando distintos aspectos metodol\u00f3gicos, se evalu\u00f3 la influencia de la fecha de plantaci\u00f3n en el desarrollo en campo de una poblaci\u00f3n de pinus halepensis, aplicando la prote\u00f3mica, se caracteriz\u00f3 una poblaci\u00f3n de pinus halepensis sometida a distintos ciclos de sequ\u00eda y rehidrataci\u00f3n, a trav\u00e9s de microarrays, y por \u00faltimo se evalu\u00f3 la variabilidad entre cuatro regiones de procedencia y sus respectivas respuestas a estr\u00e9s h\u00eddrico a trav\u00e9s de electroforesis 1de.<\/p>\n<p>&nbsp;<\/p>\n<h3>Datos acad\u00e9micos de la tesis doctoral \u00ab<strong>Estudios de la respuesta del estres hidrico en pinus halepensis mill. mediante aproximaciones de genomica funcional: transcriptomica y proteomica<\/strong>\u00ab<\/h3>\n<ul>\n<li><strong>T\u00edtulo de la tesis:<\/strong>\u00a0 Estudios de la respuesta del estres hidrico en pinus halepensis mill. mediante aproximaciones de genomica funcional: transcriptomica y proteomica <\/li>\n<li><strong>Autor:<\/strong>\u00a0 David Ariza Mateos <\/li>\n<li><strong>Universidad:<\/strong>\u00a0 C\u00f3rdoba<\/li>\n<li><strong>Fecha de lectura de la tesis:<\/strong>\u00a0 01\/09\/2011<\/li>\n<\/ul>\n<p>&nbsp;<\/p>\n<h3>Direcci\u00f3n y tribunal<\/h3>\n<ul>\n<li><strong>Director de la tesis<\/strong>\n<ul>\n<li>Jes\u00fas Vicente Jorrin Novo<\/li>\n<\/ul>\n<\/li>\n<li><strong>Tribunal<\/strong>\n<ul>\n<li>Presidente del tribunal: Miguel angel Herrera machuca <\/li>\n<li>Antonio  d. Del campo garcia (vocal)<\/li>\n<li>Mar\u00eda  \u00e1ngeles Bueno perez (vocal)<\/li>\n<li>inmaculada Jorge cerrudo (vocal)<\/li>\n<\/ul>\n<\/li>\n<\/ul>\n<p>&nbsp;<\/p>\n","protected":false},"excerpt":{"rendered":"<p>Tesis doctoral de David Ariza Mateos El presente trabajo de tesis se ha centrado en dar respuesta a distintas cuestiones [&hellip;]<\/p>\n","protected":false},"author":1,"featured_media":0,"comment_status":"open","ping_status":"open","sticky":false,"template":"","format":"standard","meta":{"site-sidebar-layout":"default","site-content-layout":"","ast-site-content-layout":"","site-content-style":"default","site-sidebar-style":"default","ast-global-header-display":"","ast-banner-title-visibility":"","ast-main-header-display":"","ast-hfb-above-header-display":"","ast-hfb-below-header-display":"","ast-hfb-mobile-header-display":"","site-post-title":"","ast-breadcrumbs-content":"","ast-featured-img":"","footer-sml-layout":"","theme-transparent-header-meta":"","adv-header-id-meta":"","stick-header-meta":"","header-above-stick-meta":"","header-main-stick-meta":"","header-below-stick-meta":"","astra-migrate-meta-layouts":"default","ast-page-background-enabled":"default","ast-page-background-meta":{"desktop":{"background-color":"var(--ast-global-color-4)","background-image":"","background-repeat":"repeat","background-position":"center center","background-size":"auto","background-attachment":"scroll","background-type":"","background-media":"","overlay-type":"","overlay-color":"","overlay-gradient":""},"tablet":{"background-color":"","background-image":"","background-repeat":"repeat","background-position":"center center","background-size":"auto","background-attachment":"scroll","background-type":"","background-media":"","overlay-type":"","overlay-color":"","overlay-gradient":""},"mobile":{"background-color":"","background-image":"","background-repeat":"repeat","background-position":"center center","background-size":"auto","background-attachment":"scroll","background-type":"","background-media":"","overlay-type":"","overlay-color":"","overlay-gradient":""}},"ast-content-background-meta":{"desktop":{"background-color":"var(--ast-global-color-5)","background-image":"","background-repeat":"repeat","background-position":"center center","background-size":"auto","background-attachment":"scroll","background-type":"","background-media":"","overlay-type":"","overlay-color":"","overlay-gradient":""},"tablet":{"background-color":"var(--ast-global-color-5)","background-image":"","background-repeat":"repeat","background-position":"center center","background-size":"auto","background-attachment":"scroll","background-type":"","background-media":"","overlay-type":"","overlay-color":"","overlay-gradient":""},"mobile":{"background-color":"var(--ast-global-color-5)","background-image":"","background-repeat":"repeat","background-position":"center center","background-size":"auto","background-attachment":"scroll","background-type":"","background-media":"","overlay-type":"","overlay-color":"","overlay-gradient":""}},"footnotes":""},"categories":[621,973,620,2002],"tags":[59295,220916,72691,21003,88611,20813],"class_list":["post-110728","post","type-post","status-publish","format-standard","hentry","category-botanica-general","category-cordoba","category-ecologia-vegetal","category-florestas","tag-antonio-d-del-campo-garcia","tag-david-ariza-mateos","tag-inmaculada-jorge-cerrudo","tag-jesus-vicente-jorrin-novo","tag-maria-angeles-bueno-perez","tag-miguel-angel-herrera-machuca"],"_links":{"self":[{"href":"https:\/\/www.deberes.net\/tesis\/wp-json\/wp\/v2\/posts\/110728","targetHints":{"allow":["GET"]}}],"collection":[{"href":"https:\/\/www.deberes.net\/tesis\/wp-json\/wp\/v2\/posts"}],"about":[{"href":"https:\/\/www.deberes.net\/tesis\/wp-json\/wp\/v2\/types\/post"}],"author":[{"embeddable":true,"href":"https:\/\/www.deberes.net\/tesis\/wp-json\/wp\/v2\/users\/1"}],"replies":[{"embeddable":true,"href":"https:\/\/www.deberes.net\/tesis\/wp-json\/wp\/v2\/comments?post=110728"}],"version-history":[{"count":0,"href":"https:\/\/www.deberes.net\/tesis\/wp-json\/wp\/v2\/posts\/110728\/revisions"}],"wp:attachment":[{"href":"https:\/\/www.deberes.net\/tesis\/wp-json\/wp\/v2\/media?parent=110728"}],"wp:term":[{"taxonomy":"category","embeddable":true,"href":"https:\/\/www.deberes.net\/tesis\/wp-json\/wp\/v2\/categories?post=110728"},{"taxonomy":"post_tag","embeddable":true,"href":"https:\/\/www.deberes.net\/tesis\/wp-json\/wp\/v2\/tags?post=110728"}],"curies":[{"name":"wp","href":"https:\/\/api.w.org\/{rel}","templated":true}]}}