{"id":110729,"date":"2011-02-09T00:00:00","date_gmt":"2011-02-09T00:00:00","guid":{"rendered":"https:\/\/www.deberes.net\/tesis\/sin-categoria\/el-poder-de-los-tropos-en-la-representacion-cognitiva-de-la-profesion-de-enfermeria-analisis-comparativo-de-dos-contextos-cla%c2%adnicos-el-hospital-y-el-centro-de-salud\/"},"modified":"2011-02-09T00:00:00","modified_gmt":"2011-02-09T00:00:00","slug":"el-poder-de-los-tropos-en-la-representacion-cognitiva-de-la-profesion-de-enfermeria-analisis-comparativo-de-dos-contextos-cla%c2%adnicos-el-hospital-y-el-centro-de-salud","status":"publish","type":"post","link":"https:\/\/www.deberes.net\/tesis\/antropologia\/el-poder-de-los-tropos-en-la-representacion-cognitiva-de-la-profesion-de-enfermeria-analisis-comparativo-de-dos-contextos-cla%c2%adnicos-el-hospital-y-el-centro-de-salud\/","title":{"rendered":"El poder de los tropos en la representaci\u00f3n cognitiva de la profesi\u00f3n de enfermer\u00eda. an\u00e1lisis comparativo de dos contextos cl\u00ednicos: el hospital y el centro de salud."},"content":{"rendered":"<h2>Tesis doctoral de <strong> Ramon Del Gallego Lastra <\/strong><\/h2>\n<p>El poder evocador de los tropos en la representaci\u00f3n cognitiva de la profesi\u00f3n de enfermer\u00eda. An\u00e1lisis comparativo de dos contextos cl\u00ednicos: el hospital y el centro de salud  ram\u00f3n del gallego lastra  director: dr. Jos\u00e9 lu\u00eds garc\u00eda garc\u00eda departamen to de antropolog\u00eda social  resumen la enfermer\u00eda es una actividad laboral  que tradicionalmente se ha desarrollado como una ocupaci\u00f3n manual, centrada en la ayuda al m\u00e9dico en la curaci\u00f3n de la enfermedad. A mediados del siglo xx se produce un movimi ento de emancipaci\u00f3n profesional que propone el cuidado como actividad aut\u00f3noma y basada en un conocimiento cient\u00edfico propio, propugnando una visi\u00f3n del padecimiento humano diferente a la del biologismo m\u00e9dico. Los frecuentes debates profesionales c onstatan la resistencia de la enfermer\u00eda asistencial a admitir las propuestas de las l\u00edderes intelectuales. El objetivo de esta tesis es el estudio de las representaciones cognitivas de la enfermer\u00eda asistencial respecto de su universo profesional y el an\u00e1lisis del grado de penetraci\u00f3n de estas propuestas novedosas en las pr\u00e1cticas profesionales. Para ello se utiliz\u00f3 como instrumento metodol\u00f3gico el an\u00e1lisis de los tropos que manejan las enfermeras asistenciales en sus discursos sobre su pr\u00e1ctic a cotidiana, y especialmente en lo referente a conceptos tan presentes en la literatura profesional como persona, entorno, salud y cuidado. La fuerza de los tropos, para dotar de significado a conceptos dif\u00edciles de definir, radica en la asociaci\u00f3n q ue establece con elementos altamente significativos de la experiencia individual y colectiva de las personas, y esto es lo que hace de dichas figuras ret\u00f3ricas un instrumento de primer orden en el an\u00e1lisis cognitivo de las representaciones de una pro fesi\u00f3n, como es la enfermer\u00eda.   se pudo constatar la preeminencia del cuerpo como referente principal del padecimiento del paciente y la adscripci\u00f3n a interpretaciones biolog\u00edstas, con la enfermedad como constructo explicativo principal del padecimi ento humano. El cuidado, elemento central del discurso profesional, se construye con proposiciones imprecisas y ambiguas que responden a diferentes esquemas cognitivos de la profesi\u00f3n. Esa variabilidad descriptiva explica la construcci\u00f3n del cuidado como s\u00edmbolo profesional, cumpliendo as\u00ed funciones cognitivas al articularse en proposiciones donde su valor evocado supera la l\u00f3gica de las premisas que maneja y el valor de verdad emp\u00edrica de estas. La construcci\u00f3n simb\u00f3lica se hace por relaci\u00f3n a<\/p>\n<p>&nbsp;<\/p>\n<h3>Datos acad\u00e9micos de la tesis doctoral \u00ab<strong>El poder de los tropos en la representaci\u00f3n cognitiva de la profesi\u00f3n de enfermer\u00eda. an\u00e1lisis comparativo de dos contextos cl\u00ednicos: el hospital y el centro de salud.<\/strong>\u00ab<\/h3>\n<ul>\n<li><strong>T\u00edtulo de la tesis:<\/strong>\u00a0 El poder de los tropos en la representaci\u00f3n cognitiva de la profesi\u00f3n de enfermer\u00eda. an\u00e1lisis comparativo de dos contextos cl\u00ednicos: el hospital y el centro de salud. <\/li>\n<li><strong>Autor:<\/strong>\u00a0 Ramon Del Gallego Lastra <\/li>\n<li><strong>Universidad:<\/strong>\u00a0 Complutense de Madrid<\/li>\n<li><strong>Fecha de lectura de la tesis:<\/strong>\u00a0 02\/09\/2011<\/li>\n<\/ul>\n<p>&nbsp;<\/p>\n<h3>Direcci\u00f3n y tribunal<\/h3>\n<ul>\n<li><strong>Director de la tesis<\/strong>\n<ul>\n<li>Jos\u00e9 Luis Garc\u00eda Garc\u00eda<\/li>\n<\/ul>\n<\/li>\n<li><strong>Tribunal<\/strong>\n<ul>\n<li>Presidente del tribunal: Mar\u00eda Catedra tomas <\/li>\n<li>amparo Nogales espert (vocal)<\/li>\n<li>mari luz Esteban galarza (vocal)<\/li>\n<li>Jos\u00e9 Mar\u00eda Uribe oyarbide (vocal)<\/li>\n<\/ul>\n<\/li>\n<\/ul>\n<p>&nbsp;<\/p>\n","protected":false},"excerpt":{"rendered":"<p>Tesis doctoral de Ramon Del Gallego Lastra El poder evocador de los tropos en la representaci\u00f3n cognitiva de la profesi\u00f3n [&hellip;]<\/p>\n","protected":false},"author":1,"featured_media":0,"comment_status":"open","ping_status":"open","sticky":false,"template":"","format":"standard","meta":{"site-sidebar-layout":"default","site-content-layout":"","ast-site-content-layout":"","site-content-style":"default","site-sidebar-style":"default","ast-global-header-display":"","ast-banner-title-visibility":"","ast-main-header-display":"","ast-hfb-above-header-display":"","ast-hfb-below-header-display":"","ast-hfb-mobile-header-display":"","site-post-title":"","ast-breadcrumbs-content":"","ast-featured-img":"","footer-sml-layout":"","theme-transparent-header-meta":"","adv-header-id-meta":"","stick-header-meta":"","header-above-stick-meta":"","header-main-stick-meta":"","header-below-stick-meta":"","astra-migrate-meta-layouts":"default","ast-page-background-enabled":"default","ast-page-background-meta":{"desktop":{"background-color":"var(--ast-global-color-4)","background-image":"","background-repeat":"repeat","background-position":"center center","background-size":"auto","background-attachment":"scroll","background-type":"","background-media":"","overlay-type":"","overlay-color":"","overlay-gradient":""},"tablet":{"background-color":"","background-image":"","background-repeat":"repeat","background-position":"center center","background-size":"auto","background-attachment":"scroll","background-type":"","background-media":"","overlay-type":"","overlay-color":"","overlay-gradient":""},"mobile":{"background-color":"","background-image":"","background-repeat":"repeat","background-position":"center center","background-size":"auto","background-attachment":"scroll","background-type":"","background-media":"","overlay-type":"","overlay-color":"","overlay-gradient":""}},"ast-content-background-meta":{"desktop":{"background-color":"var(--ast-global-color-5)","background-image":"","background-repeat":"repeat","background-position":"center center","background-size":"auto","background-attachment":"scroll","background-type":"","background-media":"","overlay-type":"","overlay-color":"","overlay-gradient":""},"tablet":{"background-color":"var(--ast-global-color-5)","background-image":"","background-repeat":"repeat","background-position":"center center","background-size":"auto","background-attachment":"scroll","background-type":"","background-media":"","overlay-type":"","overlay-color":"","overlay-gradient":""},"mobile":{"background-color":"var(--ast-global-color-5)","background-image":"","background-repeat":"repeat","background-position":"center center","background-size":"auto","background-attachment":"scroll","background-type":"","background-media":"","overlay-type":"","overlay-color":"","overlay-gradient":""}},"footnotes":""},"categories":[681,986],"tags":[72605,220918,213018,33812,6028,220917],"class_list":["post-110729","post","type-post","status-publish","format-standard","hentry","category-antropologia","category-complutense-de-madrid","tag-amparo-nogales-espert","tag-jose-luis-garcia-garcia","tag-jose-maria-uribe-oyarbide","tag-mari-luz-esteban-galarza","tag-maria-catedra-tomas","tag-ramon-del-gallego-lastra"],"_links":{"self":[{"href":"https:\/\/www.deberes.net\/tesis\/wp-json\/wp\/v2\/posts\/110729","targetHints":{"allow":["GET"]}}],"collection":[{"href":"https:\/\/www.deberes.net\/tesis\/wp-json\/wp\/v2\/posts"}],"about":[{"href":"https:\/\/www.deberes.net\/tesis\/wp-json\/wp\/v2\/types\/post"}],"author":[{"embeddable":true,"href":"https:\/\/www.deberes.net\/tesis\/wp-json\/wp\/v2\/users\/1"}],"replies":[{"embeddable":true,"href":"https:\/\/www.deberes.net\/tesis\/wp-json\/wp\/v2\/comments?post=110729"}],"version-history":[{"count":0,"href":"https:\/\/www.deberes.net\/tesis\/wp-json\/wp\/v2\/posts\/110729\/revisions"}],"wp:attachment":[{"href":"https:\/\/www.deberes.net\/tesis\/wp-json\/wp\/v2\/media?parent=110729"}],"wp:term":[{"taxonomy":"category","embeddable":true,"href":"https:\/\/www.deberes.net\/tesis\/wp-json\/wp\/v2\/categories?post=110729"},{"taxonomy":"post_tag","embeddable":true,"href":"https:\/\/www.deberes.net\/tesis\/wp-json\/wp\/v2\/tags?post=110729"}],"curies":[{"name":"wp","href":"https:\/\/api.w.org\/{rel}","templated":true}]}}