{"id":11075,"date":"2001-01-06T00:00:00","date_gmt":"2001-01-06T00:00:00","guid":{"rendered":"https:\/\/www.deberes.net\/tesis\/sin-categoria\/la-ria-de-aviles-proceso-de-ocupacion-y-evolucion-morfologica\/"},"modified":"2001-01-06T00:00:00","modified_gmt":"2001-01-06T00:00:00","slug":"la-ria-de-aviles-proceso-de-ocupacion-y-evolucion-morfologica","status":"publish","type":"post","link":"https:\/\/www.deberes.net\/tesis\/ciencias-tecnologicas\/la-ria-de-aviles-proceso-de-ocupacion-y-evolucion-morfologica\/","title":{"rendered":"La r\u00eda de avil\u00e9s: proceso de ocupaci\u00f3n y evoluci\u00f3n morfol\u00f3gica"},"content":{"rendered":"<h2>Tesis doctoral de <strong>  Cesteros P\u00e9rez Jes\u00fas Ignacio <\/strong><\/h2>\n<p>Esta tesis realiza una aproximaci\u00f3n a la evoluci\u00f3n morfol\u00f3gica de la r\u00eda de avil\u00e9s, considerando los factores fundamentales que han definido la situaci\u00f3n actual de este sistema estuarino.  entre ellos, el marco geol\u00f3gico de la r\u00eda que supone el territorio inicial sobre el que act\u00faan agentes transformadores como el clima general, el clima mar\u00edtimo, las mareas, las redes fluviales, y el ser humano. La incidencia del factor antr\u00f3pico ha sido decisiva en los \u00faltimos cientocincuenta a\u00f1os resultando elemento catalizador y acelerador del proceso natural de colmataci\u00f3n de la r\u00eda de avil\u00e9s, regulado por la acci\u00f3n de la barrera sedimentaria natural de salinas-el espartal. Ello ha supuesto un problema en la explotaci\u00f3n del puerto de \u00e1vil\u00e9s que ha precisado la realizaci\u00f3n de continuas obras y dragados para permitir la continuidad de su navegabilidad, con la consiguiente repercusi\u00f3n ec\u00f3nomica y ambiental. Asimismo, la extraordinaria actividad industrial acaecida en el entorno de esta r\u00eda en la segunda mitad del siglo xx, ha generado la contaminaci\u00f3n directa del aire, del fango y de las aguas convirtiendo el paisaje primitivo de este espacio en otro totalmente degradado ambientalmente en la actualidad.<\/p>\n<p>&nbsp;<\/p>\n<h3>Datos acad\u00e9micos de la tesis doctoral \u00ab<strong>La r\u00eda de avil\u00e9s: proceso de ocupaci\u00f3n y evoluci\u00f3n morfol\u00f3gica<\/strong>\u00ab<\/h3>\n<ul>\n<li><strong>T\u00edtulo de la tesis:<\/strong>\u00a0 La r\u00eda de avil\u00e9s: proceso de ocupaci\u00f3n y evoluci\u00f3n morfol\u00f3gica <\/li>\n<li><strong>Autor:<\/strong>\u00a0  Cesteros P\u00e9rez Jes\u00fas Ignacio <\/li>\n<li><strong>Universidad:<\/strong>\u00a0 Polit\u00e9cnica de Madrid<\/li>\n<li><strong>Fecha de lectura de la tesis:<\/strong>\u00a0 01\/06\/2001<\/li>\n<\/ul>\n<p>&nbsp;<\/p>\n<h3>Direcci\u00f3n y tribunal<\/h3>\n<ul>\n<li><strong>Director de la tesis<\/strong>\n<ul>\n<li> D\u00edez Gonz\u00e1lez Jos\u00e9 Javier<\/li>\n<\/ul>\n<\/li>\n<li><strong>Tribunal<\/strong>\n<ul>\n<li>Presidente del tribunal: javier Valero calvete <\/li>\n<li>Jos\u00e9 Serra peris (vocal)<\/li>\n<li>clemente S\u00e1enz ridruejo (vocal)<\/li>\n<li>Miguel Manj\u00f3n rubio (vocal)<\/li>\n<\/ul>\n<\/li>\n<\/ul>\n<p>&nbsp;<\/p>\n","protected":false},"excerpt":{"rendered":"<p>Tesis doctoral de Cesteros P\u00e9rez Jes\u00fas Ignacio Esta tesis realiza una aproximaci\u00f3n a la evoluci\u00f3n morfol\u00f3gica de la r\u00eda de [&hellip;]<\/p>\n","protected":false},"author":1,"featured_media":0,"comment_status":"open","ping_status":"open","sticky":false,"template":"","format":"standard","meta":{"site-sidebar-layout":"default","site-content-layout":"","ast-site-content-layout":"","site-content-style":"default","site-sidebar-style":"default","ast-global-header-display":"","ast-banner-title-visibility":"","ast-main-header-display":"","ast-hfb-above-header-display":"","ast-hfb-below-header-display":"","ast-hfb-mobile-header-display":"","site-post-title":"","ast-breadcrumbs-content":"","ast-featured-img":"","footer-sml-layout":"","theme-transparent-header-meta":"","adv-header-id-meta":"","stick-header-meta":"","header-above-stick-meta":"","header-main-stick-meta":"","header-below-stick-meta":"","astra-migrate-meta-layouts":"default","ast-page-background-enabled":"default","ast-page-background-meta":{"desktop":{"background-color":"var(--ast-global-color-4)","background-image":"","background-repeat":"repeat","background-position":"center center","background-size":"auto","background-attachment":"scroll","background-type":"","background-media":"","overlay-type":"","overlay-color":"","overlay-gradient":""},"tablet":{"background-color":"","background-image":"","background-repeat":"repeat","background-position":"center center","background-size":"auto","background-attachment":"scroll","background-type":"","background-media":"","overlay-type":"","overlay-color":"","overlay-gradient":""},"mobile":{"background-color":"","background-image":"","background-repeat":"repeat","background-position":"center center","background-size":"auto","background-attachment":"scroll","background-type":"","background-media":"","overlay-type":"","overlay-color":"","overlay-gradient":""}},"ast-content-background-meta":{"desktop":{"background-color":"var(--ast-global-color-5)","background-image":"","background-repeat":"repeat","background-position":"center center","background-size":"auto","background-attachment":"scroll","background-type":"","background-media":"","overlay-type":"","overlay-color":"","overlay-gradient":""},"tablet":{"background-color":"var(--ast-global-color-5)","background-image":"","background-repeat":"repeat","background-position":"center center","background-size":"auto","background-attachment":"scroll","background-type":"","background-media":"","overlay-type":"","overlay-color":"","overlay-gradient":""},"mobile":{"background-color":"var(--ast-global-color-5)","background-image":"","background-repeat":"repeat","background-position":"center center","background-size":"auto","background-attachment":"scroll","background-type":"","background-media":"","overlay-type":"","overlay-color":"","overlay-gradient":""}},"footnotes":""},"categories":[332,1333,16008,10144],"tags":[36410,16345,36411,36412,36413,36414],"class_list":["post-11075","post","type-post","status-publish","format-standard","hentry","category-ciencias-tecnologicas","category-ingenieria-y-tecnologia-del-medio-ambiente","category-politecnica-de-madrid","category-regeneracion-del-agua","tag-cesteros-perez-jesus-ignacio","tag-clemente-saenz-ridruejo","tag-diez-gonzalez-jose-javier","tag-javier-valero-calvete","tag-jose-serra-peris","tag-miguel-manjon-rubio"],"_links":{"self":[{"href":"https:\/\/www.deberes.net\/tesis\/wp-json\/wp\/v2\/posts\/11075","targetHints":{"allow":["GET"]}}],"collection":[{"href":"https:\/\/www.deberes.net\/tesis\/wp-json\/wp\/v2\/posts"}],"about":[{"href":"https:\/\/www.deberes.net\/tesis\/wp-json\/wp\/v2\/types\/post"}],"author":[{"embeddable":true,"href":"https:\/\/www.deberes.net\/tesis\/wp-json\/wp\/v2\/users\/1"}],"replies":[{"embeddable":true,"href":"https:\/\/www.deberes.net\/tesis\/wp-json\/wp\/v2\/comments?post=11075"}],"version-history":[{"count":0,"href":"https:\/\/www.deberes.net\/tesis\/wp-json\/wp\/v2\/posts\/11075\/revisions"}],"wp:attachment":[{"href":"https:\/\/www.deberes.net\/tesis\/wp-json\/wp\/v2\/media?parent=11075"}],"wp:term":[{"taxonomy":"category","embeddable":true,"href":"https:\/\/www.deberes.net\/tesis\/wp-json\/wp\/v2\/categories?post=11075"},{"taxonomy":"post_tag","embeddable":true,"href":"https:\/\/www.deberes.net\/tesis\/wp-json\/wp\/v2\/tags?post=11075"}],"curies":[{"name":"wp","href":"https:\/\/api.w.org\/{rel}","templated":true}]}}