{"id":110758,"date":"2011-06-09T00:00:00","date_gmt":"2011-06-09T00:00:00","guid":{"rendered":"https:\/\/www.deberes.net\/tesis\/sin-categoria\/carlos-cano-nunez-1846-1922-estudio-de-una-red-literaria-en-murcia\/"},"modified":"2011-06-09T00:00:00","modified_gmt":"2011-06-09T00:00:00","slug":"carlos-cano-nunez-1846-1922-estudio-de-una-red-literaria-en-murcia","status":"publish","type":"post","link":"https:\/\/www.deberes.net\/tesis\/historia-regional\/carlos-cano-nunez-1846-1922-estudio-de-una-red-literaria-en-murcia\/","title":{"rendered":"Carlos cano n\u00fa\u00f1ez (1846-1922): estudio de una red literaria en murcia."},"content":{"rendered":"<h2>Tesis doctoral de <strong> Enrique Encabo Fern\u00e1ndez <\/strong><\/h2>\n<p>Tesis doctoral carlos cano y n\u00fa\u00f1ez (1846-1922): estudio de una red literaria en murcia  autor: enrique encabo fern\u00e1ndez director: patricio pe\u00f1alver g\u00f3mez  resumen la tesis trata de demostrar la existencia, durante la segunda mitad del siglo xix y primeras d\u00e9cadas del xx, de una red literaria, integrada por una clase social acomodada, burguesa y urbana, en la ciudad de murcia, capaz de dinamizarse en momentos determinados y conectada con otras redes literarias (especialmente madrile\u00f1as). Se defiende el concepto de red literaria (frente a otras etiquetas como generaci\u00f3n o grupo po\u00e9tico) por considerarse m\u00e1s flexible y adecuado a la realidad que se estudia, visibiliz\u00e1ndose dicha red a partir de la confluencia de unos mismos autores en diversas publicaciones, o a trav\u00e9s de otros artefactos culturales propios del momento (pr\u00f3logos, ep\u00edstolas, tertulias,\u00c2\u00bf). La red literaria murciana se analiza a partir del estudio de uno de sus integrantes, el poeta y militar carlos cano y n\u00fa\u00f1ez. el texto se articula en tres grandes cap\u00edtulos. El primero recupera la figura del poeta carlos cano, reconstruyendo su biograf\u00eda y analizando sus principales obras (incidiendo en las expresiones po\u00e9ticas festivas y\/o de circunstancia). El segundo analiza el lugar de este poeta en la red literaria, mediante sus colaboraciones en la prensa, su participaci\u00f3n en los juegos florales y otras actividades promovidas por instituciones culturales de la ciudad, la contribuci\u00f3n a homenajes colectivos y su inclusi\u00f3n en las antolog\u00edas po\u00e9ticas de la \u00e9poca. En el tercer cap\u00edtulo se observa a carlos cano como dinamizador de la red literaria, a partir de los productos literarios a los que \u00e9l da lugar (a medio camino entre lo p\u00fablico y lo privado: coronas po\u00e9ticas, \u00e1lbumes po\u00e9ticos, homenajes, ep\u00edstolas, su biblioteca privada,\u00c2\u00bf) y especialmente, de la fundaci\u00f3n de su semanario literario el mosaico. Finaliza el texto con unas breves conclusiones y un anexo donde se completa la informaci\u00f3n ofrecida a trav\u00e9s de sus p\u00e1ginas.<\/p>\n<p>&nbsp;<\/p>\n<h3>Datos acad\u00e9micos de la tesis doctoral \u00ab<strong>Carlos cano n\u00fa\u00f1ez (1846-1922): estudio de una red literaria en murcia.<\/strong>\u00ab<\/h3>\n<ul>\n<li><strong>T\u00edtulo de la tesis:<\/strong>\u00a0 Carlos cano n\u00fa\u00f1ez (1846-1922): estudio de una red literaria en murcia. <\/li>\n<li><strong>Autor:<\/strong>\u00a0 Enrique Encabo Fern\u00e1ndez <\/li>\n<li><strong>Universidad:<\/strong>\u00a0 Murcia<\/li>\n<li><strong>Fecha de lectura de la tesis:<\/strong>\u00a0 06\/09\/2011<\/li>\n<\/ul>\n<p>&nbsp;<\/p>\n<h3>Direcci\u00f3n y tribunal<\/h3>\n<ul>\n<li><strong>Director de la tesis<\/strong>\n<ul>\n<li>Patricio Pe\u00f1alver Gomez<\/li>\n<\/ul>\n<\/li>\n<li><strong>Tribunal<\/strong>\n<ul>\n<li>Presidente del tribunal: Francisco javier Diez de revenga torres <\/li>\n<li>Jos\u00e9 Manuel Gonz\u00e1lez herr\u00e1n (vocal)<\/li>\n<li>Juan  Antonio R\u00edos catarral\u00e1 (vocal)<\/li>\n<li>isabel Clua gines (vocal)<\/li>\n<\/ul>\n<\/li>\n<\/ul>\n<p>&nbsp;<\/p>\n","protected":false},"excerpt":{"rendered":"<p>Tesis doctoral de Enrique Encabo Fern\u00e1ndez Tesis doctoral carlos cano y n\u00fa\u00f1ez (1846-1922): estudio de una red literaria en murcia [&hellip;]<\/p>\n","protected":false},"author":1,"featured_media":0,"comment_status":"open","ping_status":"open","sticky":false,"template":"","format":"standard","meta":{"site-sidebar-layout":"default","site-content-layout":"","ast-site-content-layout":"","site-content-style":"default","site-sidebar-style":"default","ast-global-header-display":"","ast-banner-title-visibility":"","ast-main-header-display":"","ast-hfb-above-header-display":"","ast-hfb-below-header-display":"","ast-hfb-mobile-header-display":"","site-post-title":"","ast-breadcrumbs-content":"","ast-featured-img":"","footer-sml-layout":"","theme-transparent-header-meta":"","adv-header-id-meta":"","stick-header-meta":"","header-above-stick-meta":"","header-main-stick-meta":"","header-below-stick-meta":"","astra-migrate-meta-layouts":"default","ast-page-background-enabled":"default","ast-page-background-meta":{"desktop":{"background-color":"var(--ast-global-color-4)","background-image":"","background-repeat":"repeat","background-position":"center center","background-size":"auto","background-attachment":"scroll","background-type":"","background-media":"","overlay-type":"","overlay-color":"","overlay-gradient":""},"tablet":{"background-color":"","background-image":"","background-repeat":"repeat","background-position":"center center","background-size":"auto","background-attachment":"scroll","background-type":"","background-media":"","overlay-type":"","overlay-color":"","overlay-gradient":""},"mobile":{"background-color":"","background-image":"","background-repeat":"repeat","background-position":"center center","background-size":"auto","background-attachment":"scroll","background-type":"","background-media":"","overlay-type":"","overlay-color":"","overlay-gradient":""}},"ast-content-background-meta":{"desktop":{"background-color":"var(--ast-global-color-5)","background-image":"","background-repeat":"repeat","background-position":"center center","background-size":"auto","background-attachment":"scroll","background-type":"","background-media":"","overlay-type":"","overlay-color":"","overlay-gradient":""},"tablet":{"background-color":"var(--ast-global-color-5)","background-image":"","background-repeat":"repeat","background-position":"center center","background-size":"auto","background-attachment":"scroll","background-type":"","background-media":"","overlay-type":"","overlay-color":"","overlay-gradient":""},"mobile":{"background-color":"var(--ast-global-color-5)","background-image":"","background-repeat":"repeat","background-position":"center center","background-size":"auto","background-attachment":"scroll","background-type":"","background-media":"","overlay-type":"","overlay-color":"","overlay-gradient":""}},"footnotes":""},"categories":[2965,1867,981,8235],"tags":[117813,8638,145888,147245,11561,51042],"class_list":["post-110758","post","type-post","status-publish","format-standard","hentry","category-estilo-y-estetica-literarios","category-historia-de-la-literatura-espanola","category-historia-regional","category-murcia","tag-enrique-encabo-fernandez","tag-francisco-javier-diez-de-revenga-torres","tag-isabel-clua-gines","tag-jose-manuel-gonzalez-herran","tag-juan-antonio-rios-catarrala","tag-patricio-penalver-gomez"],"_links":{"self":[{"href":"https:\/\/www.deberes.net\/tesis\/wp-json\/wp\/v2\/posts\/110758","targetHints":{"allow":["GET"]}}],"collection":[{"href":"https:\/\/www.deberes.net\/tesis\/wp-json\/wp\/v2\/posts"}],"about":[{"href":"https:\/\/www.deberes.net\/tesis\/wp-json\/wp\/v2\/types\/post"}],"author":[{"embeddable":true,"href":"https:\/\/www.deberes.net\/tesis\/wp-json\/wp\/v2\/users\/1"}],"replies":[{"embeddable":true,"href":"https:\/\/www.deberes.net\/tesis\/wp-json\/wp\/v2\/comments?post=110758"}],"version-history":[{"count":0,"href":"https:\/\/www.deberes.net\/tesis\/wp-json\/wp\/v2\/posts\/110758\/revisions"}],"wp:attachment":[{"href":"https:\/\/www.deberes.net\/tesis\/wp-json\/wp\/v2\/media?parent=110758"}],"wp:term":[{"taxonomy":"category","embeddable":true,"href":"https:\/\/www.deberes.net\/tesis\/wp-json\/wp\/v2\/categories?post=110758"},{"taxonomy":"post_tag","embeddable":true,"href":"https:\/\/www.deberes.net\/tesis\/wp-json\/wp\/v2\/tags?post=110758"}],"curies":[{"name":"wp","href":"https:\/\/api.w.org\/{rel}","templated":true}]}}