{"id":110770,"date":"2011-06-09T00:00:00","date_gmt":"2011-06-09T00:00:00","guid":{"rendered":"https:\/\/www.deberes.net\/tesis\/sin-categoria\/la-didactica-de-la-competencia-comunicativa-oral-en-el-aula-de-e-le-en-costa-de-marfil-problemas-y-persepectivas\/"},"modified":"2011-06-09T00:00:00","modified_gmt":"2011-06-09T00:00:00","slug":"la-didactica-de-la-competencia-comunicativa-oral-en-el-aula-de-e-le-en-costa-de-marfil-problemas-y-persepectivas","status":"publish","type":"post","link":"https:\/\/www.deberes.net\/tesis\/lengua-y-literatura\/la-didactica-de-la-competencia-comunicativa-oral-en-el-aula-de-e-le-en-costa-de-marfil-problemas-y-persepectivas\/","title":{"rendered":"La did\u00e1ctica de la competencia comunicativa oral en el aula de e\/le en costa de marfil: problemas y persepectivas"},"content":{"rendered":"<h2>Tesis doctoral de <strong> Konan Herv\u00e9 Koffi <\/strong><\/h2>\n<p>El espa\u00f1ol como lengua extranjera lleva m\u00e1s de medio siglo imparti\u00e9ndose como asignatura escolar de costa de marfil. Sin embargo, la falta de documentos sobre este recorrido pone a la comunidad educativa nacional en una situaci\u00f3n de confusi\u00f3n. Por otro lado, la lengua oral se ha convertido en las nuevas metodolog\u00edas de ense\u00f1anza linguistica, una de las destrezas m\u00e1s importantes de los curr\u00edculos escolares.  en este contexto, se ha querido no s\u00f3lo realizar un estudio de referencia sobre la historia de la ense\u00f1anza del espa\u00f1ol en dicho pa\u00eds, sino tambi\u00e9n averiguar la efectividad del desarrollo del enfoque comunicativo, y particularmente, la atenci\u00f3n a las destrezas orales.  si se ha comprobado una gran evoluci\u00f3n metodol\u00f3gica a lo largo de las d\u00e9cadas, resulta que hoy d\u00eda las condiciones materiales, log\u00edsticas y pedag\u00f3gicas no est\u00e1n totalmente reunidas para una atenci\u00f3n \u00f3ptima a las destrezas mencionadas. De ah\u00ed que se haya realizado una serie de propuestas con vistas a mejorar las carencias.<\/p>\n<p>&nbsp;<\/p>\n<h3>Datos acad\u00e9micos de la tesis doctoral \u00ab<strong>La did\u00e1ctica de la competencia comunicativa oral en el aula de e\/le en costa de marfil: problemas y persepectivas<\/strong>\u00ab<\/h3>\n<ul>\n<li><strong>T\u00edtulo de la tesis:<\/strong>\u00a0 La did\u00e1ctica de la competencia comunicativa oral en el aula de e\/le en costa de marfil: problemas y persepectivas <\/li>\n<li><strong>Autor:<\/strong>\u00a0 Konan Herv\u00e9 Koffi <\/li>\n<li><strong>Universidad:<\/strong>\u00a0 Granada<\/li>\n<li><strong>Fecha de lectura de la tesis:<\/strong>\u00a0 06\/09\/2011<\/li>\n<\/ul>\n<p>&nbsp;<\/p>\n<h3>Direcci\u00f3n y tribunal<\/h3>\n<ul>\n<li><strong>Director de la tesis<\/strong>\n<ul>\n<li>Mar\u00eda  Eugenia Fernandez Fraile<\/li>\n<\/ul>\n<\/li>\n<li><strong>Tribunal<\/strong>\n<ul>\n<li>Presidente del tribunal: pierre Mart\u00ednez <\/li>\n<li>m. carmen Cort\u00e9s zaborras (vocal)<\/li>\n<li>Javier Suso l\u00f3pez (vocal)<\/li>\n<li>nahiye le\u00f3n Camar\u00e1 (vocal)<\/li>\n<\/ul>\n<\/li>\n<\/ul>\n<p>&nbsp;<\/p>\n","protected":false},"excerpt":{"rendered":"<p>Tesis doctoral de Konan Herv\u00e9 Koffi El espa\u00f1ol como lengua extranjera lleva m\u00e1s de medio siglo imparti\u00e9ndose como asignatura escolar [&hellip;]<\/p>\n","protected":false},"author":1,"featured_media":0,"comment_status":"open","ping_status":"open","sticky":false,"template":"","format":"standard","meta":{"site-sidebar-layout":"default","site-content-layout":"","ast-site-content-layout":"","site-content-style":"default","site-sidebar-style":"default","ast-global-header-display":"","ast-banner-title-visibility":"","ast-main-header-display":"","ast-hfb-above-header-display":"","ast-hfb-below-header-display":"","ast-hfb-mobile-header-display":"","site-post-title":"","ast-breadcrumbs-content":"","ast-featured-img":"","footer-sml-layout":"","theme-transparent-header-meta":"","adv-header-id-meta":"","stick-header-meta":"","header-above-stick-meta":"","header-main-stick-meta":"","header-below-stick-meta":"","astra-migrate-meta-layouts":"default","ast-page-background-enabled":"default","ast-page-background-meta":{"desktop":{"background-color":"var(--ast-global-color-4)","background-image":"","background-repeat":"repeat","background-position":"center center","background-size":"auto","background-attachment":"scroll","background-type":"","background-media":"","overlay-type":"","overlay-color":"","overlay-gradient":""},"tablet":{"background-color":"","background-image":"","background-repeat":"repeat","background-position":"center center","background-size":"auto","background-attachment":"scroll","background-type":"","background-media":"","overlay-type":"","overlay-color":"","overlay-gradient":""},"mobile":{"background-color":"","background-image":"","background-repeat":"repeat","background-position":"center center","background-size":"auto","background-attachment":"scroll","background-type":"","background-media":"","overlay-type":"","overlay-color":"","overlay-gradient":""}},"ast-content-background-meta":{"desktop":{"background-color":"var(--ast-global-color-5)","background-image":"","background-repeat":"repeat","background-position":"center center","background-size":"auto","background-attachment":"scroll","background-type":"","background-media":"","overlay-type":"","overlay-color":"","overlay-gradient":""},"tablet":{"background-color":"var(--ast-global-color-5)","background-image":"","background-repeat":"repeat","background-position":"center center","background-size":"auto","background-attachment":"scroll","background-type":"","background-media":"","overlay-type":"","overlay-color":"","overlay-gradient":""},"mobile":{"background-color":"var(--ast-global-color-5)","background-image":"","background-repeat":"repeat","background-position":"center center","background-size":"auto","background-attachment":"scroll","background-type":"","background-media":"","overlay-type":"","overlay-color":"","overlay-gradient":""}},"footnotes":""},"categories":[1891,8763,636,1341],"tags":[70479,220990,220992,141428,220993,220991],"class_list":["post-110770","post","type-post","status-publish","format-standard","hentry","category-ensenanza-de-lenguas","category-lengua-y-cultura","category-lengua-y-literatura","category-teoria-y-metodos-educativos","tag-javier-suso-lopez","tag-konan-herve-koffi","tag-m-carmen-cortes-zaborras","tag-maria-eugenia-fernandez-fraile","tag-nahiye-leon-camara","tag-pierre-Martinez"],"_links":{"self":[{"href":"https:\/\/www.deberes.net\/tesis\/wp-json\/wp\/v2\/posts\/110770","targetHints":{"allow":["GET"]}}],"collection":[{"href":"https:\/\/www.deberes.net\/tesis\/wp-json\/wp\/v2\/posts"}],"about":[{"href":"https:\/\/www.deberes.net\/tesis\/wp-json\/wp\/v2\/types\/post"}],"author":[{"embeddable":true,"href":"https:\/\/www.deberes.net\/tesis\/wp-json\/wp\/v2\/users\/1"}],"replies":[{"embeddable":true,"href":"https:\/\/www.deberes.net\/tesis\/wp-json\/wp\/v2\/comments?post=110770"}],"version-history":[{"count":0,"href":"https:\/\/www.deberes.net\/tesis\/wp-json\/wp\/v2\/posts\/110770\/revisions"}],"wp:attachment":[{"href":"https:\/\/www.deberes.net\/tesis\/wp-json\/wp\/v2\/media?parent=110770"}],"wp:term":[{"taxonomy":"category","embeddable":true,"href":"https:\/\/www.deberes.net\/tesis\/wp-json\/wp\/v2\/categories?post=110770"},{"taxonomy":"post_tag","embeddable":true,"href":"https:\/\/www.deberes.net\/tesis\/wp-json\/wp\/v2\/tags?post=110770"}],"curies":[{"name":"wp","href":"https:\/\/api.w.org\/{rel}","templated":true}]}}