{"id":110791,"date":"2011-08-09T00:00:00","date_gmt":"2011-08-09T00:00:00","guid":{"rendered":"https:\/\/www.deberes.net\/tesis\/sin-categoria\/la-regulacion-jura%c2%addica-laboral-aplicable-a-las-prestaciones-de-servicios-por-cuenta-ajena-en-la-actividad-agraria\/"},"modified":"2011-08-09T00:00:00","modified_gmt":"2011-08-09T00:00:00","slug":"la-regulacion-jura%c2%addica-laboral-aplicable-a-las-prestaciones-de-servicios-por-cuenta-ajena-en-la-actividad-agraria","status":"publish","type":"post","link":"https:\/\/www.deberes.net\/tesis\/derecho-del-trabajo-y-de-la-seguridad-social\/la-regulacion-jura%c2%addica-laboral-aplicable-a-las-prestaciones-de-servicios-por-cuenta-ajena-en-la-actividad-agraria\/","title":{"rendered":"La regulaci\u00f3n jur\u00eddica laboral aplicable a las prestaciones de servicios por cuenta ajena en la actividad agraria"},"content":{"rendered":"<h2>Tesis doctoral de <strong> Joaquin Vidal Vidal <\/strong><\/h2>\n<p>Se persigue abordar la determinaci\u00f3n de la regulaci\u00f3n jur\u00eddica laboral aplicable a las prestaciones de servicios por cuenta ajena en la actividad agraria, tanto en la propia explotaci\u00f3n agr\u00edcola propiamente dicha como en las actividades conectadas con la misma. la investigaci\u00f3n comprende esfuerzos por proponer la necesidad de una normativa laboral aplicable especializada y condensada que contemple las peculiaridades del trabajo agrario y agroalimentario dependiente del ordenamiento jur\u00eddico laboral con el fin de zanjar la problem\u00e1tica y la confusi\u00f3n que provoca el hecho de que actualmente una legislaci\u00f3n laboral no unificada ni especializada sino com\u00fan a todo el ordenamiento jur\u00eddico laboral sea la encargada de regular las prestaciones de servicios por cuenta ajena en la actividad agraria (empresas agrarias y agroalimentarias). Problem\u00e1tica que se traslada a las fuentes y tipos contractuales aplicables al sector agrario, ocup\u00e1ndonos en nuestra investigaci\u00f3n de las fuentes y de la relaci\u00f3n laboral individual, dejando para ulteriores investigaciones lo referente a la materia de seguridad social.<\/p>\n<p>&nbsp;<\/p>\n<h3>Datos acad\u00e9micos de la tesis doctoral \u00ab<strong>La regulaci\u00f3n jur\u00eddica laboral aplicable a las prestaciones de servicios por cuenta ajena en la actividad agraria<\/strong>\u00ab<\/h3>\n<ul>\n<li><strong>T\u00edtulo de la tesis:<\/strong>\u00a0 La regulaci\u00f3n jur\u00eddica laboral aplicable a las prestaciones de servicios por cuenta ajena en la actividad agraria <\/li>\n<li><strong>Autor:<\/strong>\u00a0 Joaquin Vidal Vidal <\/li>\n<li><strong>Universidad:<\/strong>\u00a0 Cat\u00f3lica de Valencia san vicente m\u00e1rtir<\/li>\n<li><strong>Fecha de lectura de la tesis:<\/strong>\u00a0 08\/09\/2011<\/li>\n<\/ul>\n<p>&nbsp;<\/p>\n<h3>Direcci\u00f3n y tribunal<\/h3>\n<ul>\n<li><strong>Director de la tesis<\/strong>\n<ul>\n<li>Luisa Vicedo Ca\u00f1ada<\/li>\n<\/ul>\n<\/li>\n<li><strong>Tribunal<\/strong>\n<ul>\n<li>Presidente del tribunal: Jos\u00e9 vicente Morote sarri\u00f3n <\/li>\n<li>Andr\u00e9s Miguel Cosialls ubach (vocal)<\/li>\n<li>Santiago Escribano pintor (vocal)<\/li>\n<li>Carlos Garc\u00eda gallego (vocal)<\/li>\n<\/ul>\n<\/li>\n<\/ul>\n<p>&nbsp;<\/p>\n","protected":false},"excerpt":{"rendered":"<p>Tesis doctoral de Joaquin Vidal Vidal Se persigue abordar la determinaci\u00f3n de la regulaci\u00f3n jur\u00eddica laboral aplicable a las prestaciones [&hellip;]<\/p>\n","protected":false},"author":1,"featured_media":0,"comment_status":"open","ping_status":"open","sticky":false,"template":"","format":"standard","meta":{"site-sidebar-layout":"default","site-content-layout":"","ast-site-content-layout":"","site-content-style":"default","site-sidebar-style":"default","ast-global-header-display":"","ast-banner-title-visibility":"","ast-main-header-display":"","ast-hfb-above-header-display":"","ast-hfb-below-header-display":"","ast-hfb-mobile-header-display":"","site-post-title":"","ast-breadcrumbs-content":"","ast-featured-img":"","footer-sml-layout":"","theme-transparent-header-meta":"","adv-header-id-meta":"","stick-header-meta":"","header-above-stick-meta":"","header-main-stick-meta":"","header-below-stick-meta":"","astra-migrate-meta-layouts":"default","ast-page-background-enabled":"default","ast-page-background-meta":{"desktop":{"background-color":"var(--ast-global-color-4)","background-image":"","background-repeat":"repeat","background-position":"center center","background-size":"auto","background-attachment":"scroll","background-type":"","background-media":"","overlay-type":"","overlay-color":"","overlay-gradient":""},"tablet":{"background-color":"","background-image":"","background-repeat":"repeat","background-position":"center center","background-size":"auto","background-attachment":"scroll","background-type":"","background-media":"","overlay-type":"","overlay-color":"","overlay-gradient":""},"mobile":{"background-color":"","background-image":"","background-repeat":"repeat","background-position":"center center","background-size":"auto","background-attachment":"scroll","background-type":"","background-media":"","overlay-type":"","overlay-color":"","overlay-gradient":""}},"ast-content-background-meta":{"desktop":{"background-color":"var(--ast-global-color-5)","background-image":"","background-repeat":"repeat","background-position":"center center","background-size":"auto","background-attachment":"scroll","background-type":"","background-media":"","overlay-type":"","overlay-color":"","overlay-gradient":""},"tablet":{"background-color":"var(--ast-global-color-5)","background-image":"","background-repeat":"repeat","background-position":"center center","background-size":"auto","background-attachment":"scroll","background-type":"","background-media":"","overlay-type":"","overlay-color":"","overlay-gradient":""},"mobile":{"background-color":"var(--ast-global-color-5)","background-image":"","background-repeat":"repeat","background-position":"center center","background-size":"auto","background-attachment":"scroll","background-type":"","background-media":"","overlay-type":"","overlay-color":"","overlay-gradient":""}},"footnotes":""},"categories":[131541,2170,23362,3894,5964],"tags":[192445,63269,221036,221037,135336,136468],"class_list":["post-110791","post","type-post","status-publish","format-standard","hentry","category-catolica-de-valencia-san-vicente-martir","category-derecho-del-trabajo-y-de-la-seguridad-social","category-derecho-estatutario","category-derecho-privado","category-derecho-publico","tag-andres-miguel-cosialls-ubach","tag-carlos-garcia-gallego","tag-joaquin-vidal-vidal","tag-jose-vicente-morote-sarrion","tag-luisa-vicedo-canada","tag-santiago-escribano-pintor"],"_links":{"self":[{"href":"https:\/\/www.deberes.net\/tesis\/wp-json\/wp\/v2\/posts\/110791","targetHints":{"allow":["GET"]}}],"collection":[{"href":"https:\/\/www.deberes.net\/tesis\/wp-json\/wp\/v2\/posts"}],"about":[{"href":"https:\/\/www.deberes.net\/tesis\/wp-json\/wp\/v2\/types\/post"}],"author":[{"embeddable":true,"href":"https:\/\/www.deberes.net\/tesis\/wp-json\/wp\/v2\/users\/1"}],"replies":[{"embeddable":true,"href":"https:\/\/www.deberes.net\/tesis\/wp-json\/wp\/v2\/comments?post=110791"}],"version-history":[{"count":0,"href":"https:\/\/www.deberes.net\/tesis\/wp-json\/wp\/v2\/posts\/110791\/revisions"}],"wp:attachment":[{"href":"https:\/\/www.deberes.net\/tesis\/wp-json\/wp\/v2\/media?parent=110791"}],"wp:term":[{"taxonomy":"category","embeddable":true,"href":"https:\/\/www.deberes.net\/tesis\/wp-json\/wp\/v2\/categories?post=110791"},{"taxonomy":"post_tag","embeddable":true,"href":"https:\/\/www.deberes.net\/tesis\/wp-json\/wp\/v2\/tags?post=110791"}],"curies":[{"name":"wp","href":"https:\/\/api.w.org\/{rel}","templated":true}]}}