{"id":110794,"date":"2011-09-09T00:00:00","date_gmt":"2011-09-09T00:00:00","guid":{"rendered":"https:\/\/www.deberes.net\/tesis\/sin-categoria\/organizacion-de-ciudad-consumo-energetico-y-emisiones-de-carbono\/"},"modified":"2011-09-09T00:00:00","modified_gmt":"2011-09-09T00:00:00","slug":"organizacion-de-ciudad-consumo-energetico-y-emisiones-de-carbono","status":"publish","type":"post","link":"https:\/\/www.deberes.net\/tesis\/urbanismo\/organizacion-de-ciudad-consumo-energetico-y-emisiones-de-carbono\/","title":{"rendered":"Organizaci\u00f3n de ciudad, consumo energ\u00e9tico y emisiones de carbono."},"content":{"rendered":"<h2>Tesis doctoral de <strong> Pere Espelt Lleonart <\/strong><\/h2>\n<p>Existen abundantes trabajos que cuantifican la construcci\u00f3n de edificios. Otros trabajos, muchos menos, han cuantificado algunos aspectos parciales de la urbanizaci\u00f3n, como pavimentos de diferentes materiales. No obstante, es escasa, o casi nula, la producci\u00f3n cient\u00edfica sobre evaluaci\u00f3n ambiental de tipolog\u00edas de tejidos urbanos, que integren sus costes de edificaci\u00f3n e infraestructuras. se presenta un an\u00e1lisis desagregado del coste ambiental de distintos modelos urban\u00edsticos con que inferir la repercusi\u00f3n de par\u00e1metros b\u00e1sicos como la densidad de viviendas y ciertos factores tipol\u00f3gicos como la ordenaci\u00f3n urban\u00edstica, el tipo edificatorio o la topolog\u00eda de las redes de infraestructura. Se cuantifican las emisiones en di\u00f3xido de carbono y la energ\u00eda no renovable utilizada para transformar, fabricar, transportar y construir la estructura y los cimientos de la edificaci\u00f3n, la infraestructura viaria, el arbolado y el alumbrado p\u00fablico, el abastecimiento de agua potable y el alcantarillado pluvial y residual de 28 hect\u00e1reas para seis diferentes modelos de ciudad. el c\u00e1lculo procede como un presupuesto, es decir, por agregaci\u00f3n sistem\u00e1tica de componentes y procesos elementales cuyos valores simples proceden del inventario de referencia internacional bedec adaptado por el instituto de tecnolog\u00eda de la construcci\u00f3n de catalu\u00f1a. Referidos a los ratios convencionales de la disciplina, los resultados son representativos de lugares y formas de ciudad referenciales del urbanismo (manhattan, barcelona, hong kong, mosc\u00fa, chicago y los \u00e1ngeles) y se estructuran en diferentes niveles de agregaci\u00f3n: por sectores (edificaci\u00f3n \/urbanizaci\u00f3n), por etapas (fabricaci\u00f3n\/construcci\u00f3n) y por cap\u00edtulos de obra. un an\u00e1lisis coste-estructura ha ido discriminando los componentes de coste ambiental que preponderan en cada nivel de agregaci\u00f3n. Se advierte que las diferentes partes contribuyen de manera muy distinta al valor total: la repercusi\u00f3n de los valores se muestra muy polarizada y no parece sujeta a la l\u00f3gica de coste econ\u00f3mico. Sin embargo, cuantitativamente preponderan unos pocos cap\u00edtulos de obra que imponen un cierto orden, el cual es ponderado en un segundo grado por factores tipol\u00f3gicos diversos.  la interpretaci\u00f3n de valores agregados presenta los problemas de legibilidad que emanan de la superposici\u00f3n de multitud de l\u00f3gicas distintas, lo que acarrea un nivel de complejidad elevado. En este sentido, aunque la interrelaci\u00f3n entre urbanizaci\u00f3n y edificaci\u00f3n es una correspondencia ineludible en la conformaci\u00f3n de tipolog\u00edas referenciales de tejidos urbanos posibles, se ha comprobado que sus costes ambientales desagregados no responden en absoluto a los mismos criterios. Si en la urbanizaci\u00f3n es determinante la densidad, en la edificaci\u00f3n aparece como concluyente la existencia o no de s\u00f3tanos para estacionamiento. luego, un an\u00e1lisis comparado entre modelos mediante ratios convencionales ha permitido inferir, y en cierta medida ponderar o jerarquizar, la repercusi\u00f3n de los factores tipol\u00f3gicos b\u00e1sicos ya mencionados, e incluso exponer el orden preferencial que sobre los distintos patrones de organizaci\u00f3n urbana se deducen de los resultados. Los patrones organizativos de ciudad que menor coste ambiental unitario suponen (ponderado por la poblaci\u00f3n albergada) son los de edificaci\u00f3n plurifamiliar en bloque aislado. si bien la investigaci\u00f3n ha permitido validar algunas de la hip\u00f3tesis de partida pero igualmente refutar otras, s\u00ed ha confirmado rotundamente que son absolutamente relevantes para definir la estructura de los costes ambientales las variables de definici\u00f3n tipol\u00f3gica utilizadas. Adem\u00e1s, valida un m\u00e9todo de aproximaci\u00f3n a la estimaci\u00f3n de costes ambientales de la producci\u00f3n de lo urbano, hoy d\u00eda limitado a los costes singulares de sus unidades constructivas. M\u00e9todo, que pretende comprobar las virtudes y defectos del uso de metodolog\u00edas de estimaci\u00f3n an\u00e1logas a las que se usan para estimar presupuestos econ\u00f3micos de las obras.<\/p>\n<p>&nbsp;<\/p>\n<h3>Datos acad\u00e9micos de la tesis doctoral \u00ab<strong>Organizaci\u00f3n de ciudad, consumo energ\u00e9tico y emisiones de carbono.<\/strong>\u00ab<\/h3>\n<ul>\n<li><strong>T\u00edtulo de la tesis:<\/strong>\u00a0 Organizaci\u00f3n de ciudad, consumo energ\u00e9tico y emisiones de carbono. <\/li>\n<li><strong>Autor:<\/strong>\u00a0 Pere Espelt Lleonart <\/li>\n<li><strong>Universidad:<\/strong>\u00a0 Polit\u00e9cnica de catalunya<\/li>\n<li><strong>Fecha de lectura de la tesis:<\/strong>\u00a0 09\/09\/2011<\/li>\n<\/ul>\n<p>&nbsp;<\/p>\n<h3>Direcci\u00f3n y tribunal<\/h3>\n<ul>\n<li><strong>Director de la tesis<\/strong>\n<ul>\n<li>Manuel Herc\u00e9 Vallejo<\/li>\n<\/ul>\n<\/li>\n<li><strong>Tribunal<\/strong>\n<ul>\n<li>Presidente del tribunal: Antonio  ricardo Mar\u00ed bernat <\/li>\n<li>agustin Hernandez aja (vocal)<\/li>\n<li>Miguel Corominas ayala (vocal)<\/li>\n<li>Carlos Nardiz ortiz (vocal)<\/li>\n<\/ul>\n<\/li>\n<\/ul>\n<p>&nbsp;<\/p>\n","protected":false},"excerpt":{"rendered":"<p>Tesis doctoral de Pere Espelt Lleonart Existen abundantes trabajos que cuantifican la construcci\u00f3n de edificios. Otros trabajos, muchos menos, han [&hellip;]<\/p>\n","protected":false},"author":1,"featured_media":0,"comment_status":"open","ping_status":"open","sticky":false,"template":"","format":"standard","meta":{"site-sidebar-layout":"default","site-content-layout":"","ast-site-content-layout":"","site-content-style":"default","site-sidebar-style":"default","ast-global-header-display":"","ast-banner-title-visibility":"","ast-main-header-display":"","ast-hfb-above-header-display":"","ast-hfb-below-header-display":"","ast-hfb-mobile-header-display":"","site-post-title":"","ast-breadcrumbs-content":"","ast-featured-img":"","footer-sml-layout":"","theme-transparent-header-meta":"","adv-header-id-meta":"","stick-header-meta":"","header-above-stick-meta":"","header-main-stick-meta":"","header-below-stick-meta":"","astra-migrate-meta-layouts":"default","ast-page-background-enabled":"default","ast-page-background-meta":{"desktop":{"background-color":"var(--ast-global-color-4)","background-image":"","background-repeat":"repeat","background-position":"center center","background-size":"auto","background-attachment":"scroll","background-type":"","background-media":"","overlay-type":"","overlay-color":"","overlay-gradient":""},"tablet":{"background-color":"","background-image":"","background-repeat":"repeat","background-position":"center center","background-size":"auto","background-attachment":"scroll","background-type":"","background-media":"","overlay-type":"","overlay-color":"","overlay-gradient":""},"mobile":{"background-color":"","background-image":"","background-repeat":"repeat","background-position":"center center","background-size":"auto","background-attachment":"scroll","background-type":"","background-media":"","overlay-type":"","overlay-color":"","overlay-gradient":""}},"ast-content-background-meta":{"desktop":{"background-color":"var(--ast-global-color-5)","background-image":"","background-repeat":"repeat","background-position":"center center","background-size":"auto","background-attachment":"scroll","background-type":"","background-media":"","overlay-type":"","overlay-color":"","overlay-gradient":""},"tablet":{"background-color":"var(--ast-global-color-5)","background-image":"","background-repeat":"repeat","background-position":"center center","background-size":"auto","background-attachment":"scroll","background-type":"","background-media":"","overlay-type":"","overlay-color":"","overlay-gradient":""},"mobile":{"background-color":"var(--ast-global-color-5)","background-image":"","background-repeat":"repeat","background-position":"center center","background-size":"auto","background-attachment":"scroll","background-type":"","background-media":"","overlay-type":"","overlay-color":"","overlay-gradient":""}},"footnotes":""},"categories":[38117,15596,15699,5371],"tags":[49227,30307,38034,30387,15605,221041],"class_list":["post-110794","post","type-post","status-publish","format-standard","hentry","category-metrologia-de-la-edificacion","category-politecnica-de-catalunya","category-tecnicas-de-diseno-arquitectonico","category-urbanismo","tag-agustin-hernandez-aja","tag-antonio-ricardo-mari-bernat","tag-carlos-nardiz-ortiz","tag-manuel-herce-vallejo","tag-miguel-corominas-ayala","tag-pere-espelt-lleonart"],"_links":{"self":[{"href":"https:\/\/www.deberes.net\/tesis\/wp-json\/wp\/v2\/posts\/110794","targetHints":{"allow":["GET"]}}],"collection":[{"href":"https:\/\/www.deberes.net\/tesis\/wp-json\/wp\/v2\/posts"}],"about":[{"href":"https:\/\/www.deberes.net\/tesis\/wp-json\/wp\/v2\/types\/post"}],"author":[{"embeddable":true,"href":"https:\/\/www.deberes.net\/tesis\/wp-json\/wp\/v2\/users\/1"}],"replies":[{"embeddable":true,"href":"https:\/\/www.deberes.net\/tesis\/wp-json\/wp\/v2\/comments?post=110794"}],"version-history":[{"count":0,"href":"https:\/\/www.deberes.net\/tesis\/wp-json\/wp\/v2\/posts\/110794\/revisions"}],"wp:attachment":[{"href":"https:\/\/www.deberes.net\/tesis\/wp-json\/wp\/v2\/media?parent=110794"}],"wp:term":[{"taxonomy":"category","embeddable":true,"href":"https:\/\/www.deberes.net\/tesis\/wp-json\/wp\/v2\/categories?post=110794"},{"taxonomy":"post_tag","embeddable":true,"href":"https:\/\/www.deberes.net\/tesis\/wp-json\/wp\/v2\/tags?post=110794"}],"curies":[{"name":"wp","href":"https:\/\/api.w.org\/{rel}","templated":true}]}}