{"id":110806,"date":"2011-09-09T00:00:00","date_gmt":"2011-09-09T00:00:00","guid":{"rendered":"https:\/\/www.deberes.net\/tesis\/sin-categoria\/en-la-carne-desnuda-la-escarcha-modalizacion-la%c2%adrica-y-construccion-simbolica-en-la-poesa%c2%ada-de-jose-hierro\/"},"modified":"2011-09-09T00:00:00","modified_gmt":"2011-09-09T00:00:00","slug":"en-la-carne-desnuda-la-escarcha-modalizacion-la%c2%adrica-y-construccion-simbolica-en-la-poesa%c2%ada-de-jose-hierro","status":"publish","type":"post","link":"https:\/\/www.deberes.net\/tesis\/lengua-y-literatura\/en-la-carne-desnuda-la-escarcha-modalizacion-la%c2%adrica-y-construccion-simbolica-en-la-poesa%c2%ada-de-jose-hierro\/","title":{"rendered":"\u00aben la carne desnuda la escarcha\u00bb. modalizaci\u00f3n l\u00edrica y construcci\u00f3n simb\u00f3lica en la poes\u00edade jos\u00e9 hierro"},"content":{"rendered":"<h2>Tesis doctoral de <strong> Elia Saneleuterio Temporal <\/strong><\/h2>\n<p>En la tesis doctoral #en la carne desnuda la escarcha#. Modalizaci\u00f3n l\u00edrica y construcci\u00f3n simb\u00f3lica en la poes\u00eda de jos\u00e9 hierro se lleva a cabo un recorrido por la obra po\u00e9tica del santanderino de adopci\u00f3n pepe hierro (1922-2002) mediante el cual se confirma la hip\u00f3tesis de que la poes\u00eda puede dividirse en dos \u00e9pocas creativas diferenciadas, correspondientes a dos po\u00e9ticas tambi\u00e9n diferentes. Para ello, se analiza la obra del poeta desde dos perspectivas b\u00e1sicas en todo discurso l\u00edrico: la modalizaci\u00f3n l\u00edrica y los procedimientos simb\u00f3licos que se construyen. Seg\u00fan ambas perspectivas es posible, en efecto, determinar un punto de inflexi\u00f3n en su poes\u00eda y delimitar en ella, por tanto, dos momentos cuyas caracter\u00edsticas se definen a lo largo del trabajo. los caminos anal\u00edticos que hemos abierto en las distintas secciones desembocan en un par de conclusiones principales que podr\u00edan sintetizar de alguna manera gran parte de los hallazgos que se desmenuzan en la tesis: por un lado, que las actitudes l\u00edricas del primer hierro se acomodan en menor o mayor medida a las po\u00e9ticas realistas vigentes en la posguerra y evolucionan despu\u00e9s hacia formas posmodernas en consonancia con las corrientes de la joven poes\u00eda; por otro lado, que la construcci\u00f3n simb\u00f3lica de sus libros, aunque no resulta tan determinante, es tambi\u00e9n diferente seg\u00fan los libros, presentando ciertas similitudes generales en los pertenecientes a cada una de las \u00e9pocas. As\u00ed, tanto desde el punto de vista de las frecuencias de aparici\u00f3n de ciertos s\u00edmbolos o fen\u00f3menos pragm\u00e1ticos, como desde sus posibles interpretaciones, el punto de inflexi\u00f3n coincide: entre cuanto s\u00e9 de m\u00ed y libro de las alucinaciones.<\/p>\n<p>&nbsp;<\/p>\n<h3>Datos acad\u00e9micos de la tesis doctoral \u00ab<strong>\u00aben la carne desnuda la escarcha\u00bb. modalizaci\u00f3n l\u00edrica y construcci\u00f3n simb\u00f3lica en la poes\u00edade jos\u00e9 hierro<\/strong>\u00ab<\/h3>\n<ul>\n<li><strong>T\u00edtulo de la tesis:<\/strong>\u00a0 \u00aben la carne desnuda la escarcha\u00bb. modalizaci\u00f3n l\u00edrica y construcci\u00f3n simb\u00f3lica en la poes\u00edade jos\u00e9 hierro <\/li>\n<li><strong>Autor:<\/strong>\u00a0 Elia Saneleuterio Temporal <\/li>\n<li><strong>Universidad:<\/strong>\u00a0 Universitat de val\u00e9ncia (estudi general)<\/li>\n<li><strong>Fecha de lectura de la tesis:<\/strong>\u00a0 09\/09\/2011<\/li>\n<\/ul>\n<p>&nbsp;<\/p>\n<h3>Direcci\u00f3n y tribunal<\/h3>\n<ul>\n<li><strong>Director de la tesis<\/strong>\n<ul>\n<li>Arcadio L\u00f3pez Casanova<\/li>\n<\/ul>\n<\/li>\n<li><strong>Tribunal<\/strong>\n<ul>\n<li>Presidente del tribunal: joan Oleza sim\u00f3 <\/li>\n<li>giovanni gentile giuseppe Marchetti (vocal)<\/li>\n<li>\u00e1ngel lu\u00eds Prieto de paula (vocal)<\/li>\n<li>Francisco Javier Diez de revenga torres (vocal)<\/li>\n<\/ul>\n<\/li>\n<\/ul>\n<p>&nbsp;<\/p>\n","protected":false},"excerpt":{"rendered":"<p>Tesis doctoral de Elia Saneleuterio Temporal En la tesis doctoral #en la carne desnuda la escarcha#. Modalizaci\u00f3n l\u00edrica y construcci\u00f3n [&hellip;]<\/p>\n","protected":false},"author":1,"featured_media":0,"comment_status":"open","ping_status":"open","sticky":false,"template":"","format":"standard","meta":{"site-sidebar-layout":"default","site-content-layout":"","ast-site-content-layout":"","site-content-style":"default","site-sidebar-style":"default","ast-global-header-display":"","ast-banner-title-visibility":"","ast-main-header-display":"","ast-hfb-above-header-display":"","ast-hfb-below-header-display":"","ast-hfb-mobile-header-display":"","site-post-title":"","ast-breadcrumbs-content":"","ast-featured-img":"","footer-sml-layout":"","theme-transparent-header-meta":"","adv-header-id-meta":"","stick-header-meta":"","header-above-stick-meta":"","header-main-stick-meta":"","header-below-stick-meta":"","astra-migrate-meta-layouts":"default","ast-page-background-enabled":"default","ast-page-background-meta":{"desktop":{"background-color":"var(--ast-global-color-4)","background-image":"","background-repeat":"repeat","background-position":"center center","background-size":"auto","background-attachment":"scroll","background-type":"","background-media":"","overlay-type":"","overlay-color":"","overlay-gradient":""},"tablet":{"background-color":"","background-image":"","background-repeat":"repeat","background-position":"center center","background-size":"auto","background-attachment":"scroll","background-type":"","background-media":"","overlay-type":"","overlay-color":"","overlay-gradient":""},"mobile":{"background-color":"","background-image":"","background-repeat":"repeat","background-position":"center center","background-size":"auto","background-attachment":"scroll","background-type":"","background-media":"","overlay-type":"","overlay-color":"","overlay-gradient":""}},"ast-content-background-meta":{"desktop":{"background-color":"var(--ast-global-color-5)","background-image":"","background-repeat":"repeat","background-position":"center center","background-size":"auto","background-attachment":"scroll","background-type":"","background-media":"","overlay-type":"","overlay-color":"","overlay-gradient":""},"tablet":{"background-color":"var(--ast-global-color-5)","background-image":"","background-repeat":"repeat","background-position":"center center","background-size":"auto","background-attachment":"scroll","background-type":"","background-media":"","overlay-type":"","overlay-color":"","overlay-gradient":""},"mobile":{"background-color":"var(--ast-global-color-5)","background-image":"","background-repeat":"repeat","background-position":"center center","background-size":"auto","background-attachment":"scroll","background-type":"","background-media":"","overlay-type":"","overlay-color":"","overlay-gradient":""}},"footnotes":""},"categories":[636],"tags":[18649,46012,221059,8638,221060,46013],"class_list":["post-110806","post","type-post","status-publish","format-standard","hentry","category-lengua-y-literatura","tag-angel-luis-prieto-de-paula","tag-arcadio-lopez-casanova","tag-elia-saneleuterio-temporal","tag-francisco-javier-diez-de-revenga-torres","tag-giovanni-gentile-giuseppe-marchetti","tag-joan-oleza-simo"],"_links":{"self":[{"href":"https:\/\/www.deberes.net\/tesis\/wp-json\/wp\/v2\/posts\/110806","targetHints":{"allow":["GET"]}}],"collection":[{"href":"https:\/\/www.deberes.net\/tesis\/wp-json\/wp\/v2\/posts"}],"about":[{"href":"https:\/\/www.deberes.net\/tesis\/wp-json\/wp\/v2\/types\/post"}],"author":[{"embeddable":true,"href":"https:\/\/www.deberes.net\/tesis\/wp-json\/wp\/v2\/users\/1"}],"replies":[{"embeddable":true,"href":"https:\/\/www.deberes.net\/tesis\/wp-json\/wp\/v2\/comments?post=110806"}],"version-history":[{"count":0,"href":"https:\/\/www.deberes.net\/tesis\/wp-json\/wp\/v2\/posts\/110806\/revisions"}],"wp:attachment":[{"href":"https:\/\/www.deberes.net\/tesis\/wp-json\/wp\/v2\/media?parent=110806"}],"wp:term":[{"taxonomy":"category","embeddable":true,"href":"https:\/\/www.deberes.net\/tesis\/wp-json\/wp\/v2\/categories?post=110806"},{"taxonomy":"post_tag","embeddable":true,"href":"https:\/\/www.deberes.net\/tesis\/wp-json\/wp\/v2\/tags?post=110806"}],"curies":[{"name":"wp","href":"https:\/\/api.w.org\/{rel}","templated":true}]}}