{"id":110811,"date":"2011-09-09T00:00:00","date_gmt":"2011-09-09T00:00:00","guid":{"rendered":"https:\/\/www.deberes.net\/tesis\/sin-categoria\/el-descubrimiento-cultural-de-la-arquitectura-popular-en-espana-alfredo-baeschlin-1883-1964-y-el-influjo-centroeuropeo\/"},"modified":"2011-09-09T00:00:00","modified_gmt":"2011-09-09T00:00:00","slug":"el-descubrimiento-cultural-de-la-arquitectura-popular-en-espana-alfredo-baeschlin-1883-1964-y-el-influjo-centroeuropeo","status":"publish","type":"post","link":"https:\/\/www.deberes.net\/tesis\/historia-de-la-arquitectura\/el-descubrimiento-cultural-de-la-arquitectura-popular-en-espana-alfredo-baeschlin-1883-1964-y-el-influjo-centroeuropeo\/","title":{"rendered":"El descubrimiento cultural de la arquitectura popular en espa\u00f1a. alfredo baeschlin (1883-1964) y el influjo centroeuropeo"},"content":{"rendered":"<h2>Tesis doctoral de <strong> Juan  Antonio Garc\u00eda-esparza <\/strong><\/h2>\n<p>Esta tesis pretende un acercamiento por parte del t\u00e9cnico respecto del patrimonio arquitect\u00f3nico referido como el conjunto de edificios que, a lo largo del tiempo han sufrido una serie de intervenciones antr\u00f3picas, devenidas de corrientes culturales, que han plasmado su impronta referida al saber constructivo, h\u00e1bitos, pensamientos, ideas y necesidades de las sociedades que han construido y transformado.  se parte de un objetivo principal respecto de la investigaci\u00f3n en base a la experiencia en la observaci\u00f3n de la arquitectura popular que, en muchos casos, toma diferentes v\u00edas de expresividad seg\u00fan sean los ojos que la hayan observado, heredado, vivido o simplemente estudiado, y que tras la intervenci\u00f3n antr\u00f3pica de aquel, pierde o no, capacidad de comunicar la historia de quienes la conformaron. Surge hoy, un conflicto dialectico entre las gentes del lugar, herederos y pacientes de su propia cultural popular, y el experto que, a trav\u00e9s de sus conocimientos te\u00f3ricos, reconoce una obra de arte y reinterpreta su adecuaci\u00f3n contempor\u00e1nea. Bastar\u00e1 hacer un repaso a la historia de los movimientos populares para advertir cierta intransigencia devenida por movimientos en boga entre los estudiosos, y la continua estratificaci\u00f3n edilicia por parte de los oriundos que, respetan su pasado aunque a su vez admiran una necesaria evoluci\u00f3n hacia el futuro.  la incursi\u00f3n se ha planteado desde una vertiente un tanto particular, aunque como se ver\u00e1, debidamente justificada por sucesivos procesos hist\u00f3ricos europeos que, a trav\u00e9s de personajes relevantes en la historia de la cultura de nuestro pa\u00eds se conform\u00f3, lo que vendr\u00eda a ser a\u00f1os m\u00e1s tarde, una educaci\u00f3n y una estimulaci\u00f3n sensorial de ra\u00edces centroeuropeas que adoptar\u00edan y transmitir\u00edan como una nueva forma de mirar a quienes posteriormente ser\u00edan las cabezas pensantes de la espa\u00f1a de principios del xx.   la tesis se plantea en cinco cap\u00edtulos. El primero consiste en una reflexi\u00f3n sobre aspectos ligados a la identidad, la educaci\u00f3n y la implicaci\u00f3n filos\u00f3fica y pedag\u00f3gica. El segundo, se centra en los trasvases culturales y arquitect\u00f3nicos de principios del siglo xx. El tercero, particulariza en el proceso de industrializaci\u00f3n y crecimiento del entorno urbano y la experiencia est\u00e9tica moderna. El cuarto, se encarga de abordar la instrucci\u00f3n social y las implicaciones culturales durante la segunda rep\u00fablica y la posterior guerra civil, y el quinto se propone como una reflexi\u00f3n final sobre la valorizaci\u00f3n de la arquitectura tradicional en suiza, todo ello siguiendo la peripecia vital del arquitecto suizo alfredo baeschlin.<\/p>\n<p>&nbsp;<\/p>\n<h3>Datos acad\u00e9micos de la tesis doctoral \u00ab<strong>El descubrimiento cultural de la arquitectura popular en espa\u00f1a. alfredo baeschlin (1883-1964) y el influjo centroeuropeo<\/strong>\u00ab<\/h3>\n<ul>\n<li><strong>T\u00edtulo de la tesis:<\/strong>\u00a0 El descubrimiento cultural de la arquitectura popular en espa\u00f1a. alfredo baeschlin (1883-1964) y el influjo centroeuropeo <\/li>\n<li><strong>Autor:<\/strong>\u00a0 Juan  Antonio Garc\u00eda-esparza <\/li>\n<li><strong>Universidad:<\/strong>\u00a0 Universitat de val\u00e9ncia (estudi general)<\/li>\n<li><strong>Fecha de lectura de la tesis:<\/strong>\u00a0 09\/09\/2011<\/li>\n<\/ul>\n<p>&nbsp;<\/p>\n<h3>Direcci\u00f3n y tribunal<\/h3>\n<ul>\n<li><strong>Director de la tesis<\/strong>\n<ul>\n<li>Joan Francesc Mateu Belles<\/li>\n<\/ul>\n<\/li>\n<li><strong>Tribunal<\/strong>\n<ul>\n<li>Presidente del tribunal: josefina Gomez mendoza <\/li>\n<li>liliana Palaia p\u00e9rez (vocal)<\/li>\n<li>Javier Benlloch marco (vocal)<\/li>\n<li>fabio Fatiguso (vocal)<\/li>\n<\/ul>\n<\/li>\n<\/ul>\n<p>&nbsp;<\/p>\n","protected":false},"excerpt":{"rendered":"<p>Tesis doctoral de Juan Antonio Garc\u00eda-esparza Esta tesis pretende un acercamiento por parte del t\u00e9cnico respecto del patrimonio arquitect\u00f3nico referido [&hellip;]<\/p>\n","protected":false},"author":1,"featured_media":0,"comment_status":"open","ping_status":"open","sticky":false,"template":"","format":"standard","meta":{"site-sidebar-layout":"default","site-content-layout":"","ast-site-content-layout":"","site-content-style":"default","site-sidebar-style":"default","ast-global-header-display":"","ast-banner-title-visibility":"","ast-main-header-display":"","ast-hfb-above-header-display":"","ast-hfb-below-header-display":"","ast-hfb-mobile-header-display":"","site-post-title":"","ast-breadcrumbs-content":"","ast-featured-img":"","footer-sml-layout":"","theme-transparent-header-meta":"","adv-header-id-meta":"","stick-header-meta":"","header-above-stick-meta":"","header-main-stick-meta":"","header-below-stick-meta":"","astra-migrate-meta-layouts":"default","ast-page-background-enabled":"default","ast-page-background-meta":{"desktop":{"background-color":"var(--ast-global-color-4)","background-image":"","background-repeat":"repeat","background-position":"center center","background-size":"auto","background-attachment":"scroll","background-type":"","background-media":"","overlay-type":"","overlay-color":"","overlay-gradient":""},"tablet":{"background-color":"","background-image":"","background-repeat":"repeat","background-position":"center center","background-size":"auto","background-attachment":"scroll","background-type":"","background-media":"","overlay-type":"","overlay-color":"","overlay-gradient":""},"mobile":{"background-color":"","background-image":"","background-repeat":"repeat","background-position":"center center","background-size":"auto","background-attachment":"scroll","background-type":"","background-media":"","overlay-type":"","overlay-color":"","overlay-gradient":""}},"ast-content-background-meta":{"desktop":{"background-color":"var(--ast-global-color-5)","background-image":"","background-repeat":"repeat","background-position":"center center","background-size":"auto","background-attachment":"scroll","background-type":"","background-media":"","overlay-type":"","overlay-color":"","overlay-gradient":""},"tablet":{"background-color":"var(--ast-global-color-5)","background-image":"","background-repeat":"repeat","background-position":"center center","background-size":"auto","background-attachment":"scroll","background-type":"","background-media":"","overlay-type":"","overlay-color":"","overlay-gradient":""},"mobile":{"background-color":"var(--ast-global-color-5)","background-image":"","background-repeat":"repeat","background-position":"center center","background-size":"auto","background-attachment":"scroll","background-type":"","background-media":"","overlay-type":"","overlay-color":"","overlay-gradient":""}},"footnotes":""},"categories":[11004,1745,2563,31506],"tags":[221066,37648,14149,14951,221065,97661],"class_list":["post-110811","post","type-post","status-publish","format-standard","hentry","category-cultura-y-personalidad","category-historia-de-la-arquitectura","category-historia-del-arte-de-los-siglos-xix-y-xx","category-tradicion","tag-fabio-fatiguso","tag-javier-benlloch-marco","tag-joan-francesc-mateu-belles","tag-josefina-gomez-mendoza","tag-juan-antonio-garcia-esparza","tag-liliana-palaia-perez"],"_links":{"self":[{"href":"https:\/\/www.deberes.net\/tesis\/wp-json\/wp\/v2\/posts\/110811","targetHints":{"allow":["GET"]}}],"collection":[{"href":"https:\/\/www.deberes.net\/tesis\/wp-json\/wp\/v2\/posts"}],"about":[{"href":"https:\/\/www.deberes.net\/tesis\/wp-json\/wp\/v2\/types\/post"}],"author":[{"embeddable":true,"href":"https:\/\/www.deberes.net\/tesis\/wp-json\/wp\/v2\/users\/1"}],"replies":[{"embeddable":true,"href":"https:\/\/www.deberes.net\/tesis\/wp-json\/wp\/v2\/comments?post=110811"}],"version-history":[{"count":0,"href":"https:\/\/www.deberes.net\/tesis\/wp-json\/wp\/v2\/posts\/110811\/revisions"}],"wp:attachment":[{"href":"https:\/\/www.deberes.net\/tesis\/wp-json\/wp\/v2\/media?parent=110811"}],"wp:term":[{"taxonomy":"category","embeddable":true,"href":"https:\/\/www.deberes.net\/tesis\/wp-json\/wp\/v2\/categories?post=110811"},{"taxonomy":"post_tag","embeddable":true,"href":"https:\/\/www.deberes.net\/tesis\/wp-json\/wp\/v2\/tags?post=110811"}],"curies":[{"name":"wp","href":"https:\/\/api.w.org\/{rel}","templated":true}]}}