{"id":110816,"date":"2011-12-09T00:00:00","date_gmt":"2011-12-09T00:00:00","guid":{"rendered":"https:\/\/www.deberes.net\/tesis\/sin-categoria\/intelligent-monitoring-and-diagnosis-of-power-transformers-in-the-context-of-an-asset-management-model\/"},"modified":"2011-12-09T00:00:00","modified_gmt":"2011-12-09T00:00:00","slug":"intelligent-monitoring-and-diagnosis-of-power-transformers-in-the-context-of-an-asset-management-model","status":"publish","type":"post","link":"https:\/\/www.deberes.net\/tesis\/ingenieria-y-tecnologia-electricas\/intelligent-monitoring-and-diagnosis-of-power-transformers-in-the-context-of-an-asset-management-model\/","title":{"rendered":"Intelligent monitoring and diagnosis of power transformers in the context of an asset management model"},"content":{"rendered":"<h2>Tesis doctoral de <strong> Juan  Lorenzo Vel\u00e1squez Contreras <\/strong><\/h2>\n<p>Los transformadores de potencia son activos altamente costosos y de gran importancia en los sistemas el\u00e9ctricos de potencia. Por esta raz\u00f3n, la monitorizaci\u00f3n de condici\u00f3n, as\u00ed como la ejecuci\u00f3n de medidas de diagn\u00f3stico, son piezas claves para la gesti\u00f3n del ciclo de vida \u00fatil de transformadores. Para la implementaci\u00f3n de un sistema de gesti\u00f3n de activos, la automatizaci\u00f3n de los procedimientos usados por expertos al momento de evaluar la condici\u00f3n t\u00e9cnica de los activos ha sido formulada en esta tesis como una mejora importante para la gesti\u00f3n del ciclo de vida de transformadores. Como resultado, un sistema inteligente de monitorizaci\u00f3n y diagn\u00f3stico, capaz de evaluar e interrelacionar de manera autom\u00e1tica los resultados de diferentes medidas de diagn\u00f3stico, ha sido desarrollado en el marco de un sistema de gesti\u00f3n de activos que integra todos los ingredientes de la gesti\u00f3n de activos en \u00fanico enfoque.<\/p>\n<p>&nbsp;<\/p>\n<h3>Datos acad\u00e9micos de la tesis doctoral \u00ab<strong>Intelligent monitoring and diagnosis of power transformers in the context of an asset management model<\/strong>\u00ab<\/h3>\n<ul>\n<li><strong>T\u00edtulo de la tesis:<\/strong>\u00a0 Intelligent monitoring and diagnosis of power transformers in the context of an asset management model <\/li>\n<li><strong>Autor:<\/strong>\u00a0 Juan  Lorenzo Vel\u00e1squez Contreras <\/li>\n<li><strong>Universidad:<\/strong>\u00a0 Polit\u00e9cnica de catalunya<\/li>\n<li><strong>Fecha de lectura de la tesis:<\/strong>\u00a0 12\/09\/2011<\/li>\n<\/ul>\n<p>&nbsp;<\/p>\n<h3>Direcci\u00f3n y tribunal<\/h3>\n<ul>\n<li><strong>Director de la tesis<\/strong>\n<ul>\n<li>Samuel Galcer\u00e1n Arellano<\/li>\n<\/ul>\n<\/li>\n<li><strong>Tribunal<\/strong>\n<ul>\n<li>Presidente del tribunal: szymon Banaszak banaszak <\/li>\n<li>Jorge Pleite guerra (vocal)<\/li>\n<li>  (vocal)<\/li>\n<li>  (vocal)<\/li>\n<\/ul>\n<\/li>\n<\/ul>\n<p>&nbsp;<\/p>\n","protected":false},"excerpt":{"rendered":"<p>Tesis doctoral de Juan Lorenzo Vel\u00e1squez Contreras Los transformadores de potencia son activos altamente costosos y de gran importancia en [&hellip;]<\/p>\n","protected":false},"author":1,"featured_media":0,"comment_status":"open","ping_status":"open","sticky":false,"template":"","format":"standard","meta":{"site-sidebar-layout":"default","site-content-layout":"","ast-site-content-layout":"","site-content-style":"default","site-sidebar-style":"default","ast-global-header-display":"","ast-banner-title-visibility":"","ast-main-header-display":"","ast-hfb-above-header-display":"","ast-hfb-below-header-display":"","ast-hfb-mobile-header-display":"","site-post-title":"","ast-breadcrumbs-content":"","ast-featured-img":"","footer-sml-layout":"","theme-transparent-header-meta":"","adv-header-id-meta":"","stick-header-meta":"","header-above-stick-meta":"","header-main-stick-meta":"","header-below-stick-meta":"","astra-migrate-meta-layouts":"default","ast-page-background-enabled":"default","ast-page-background-meta":{"desktop":{"background-color":"var(--ast-global-color-4)","background-image":"","background-repeat":"repeat","background-position":"center center","background-size":"auto","background-attachment":"scroll","background-type":"","background-media":"","overlay-type":"","overlay-color":"","overlay-gradient":""},"tablet":{"background-color":"","background-image":"","background-repeat":"repeat","background-position":"center center","background-size":"auto","background-attachment":"scroll","background-type":"","background-media":"","overlay-type":"","overlay-color":"","overlay-gradient":""},"mobile":{"background-color":"","background-image":"","background-repeat":"repeat","background-position":"center center","background-size":"auto","background-attachment":"scroll","background-type":"","background-media":"","overlay-type":"","overlay-color":"","overlay-gradient":""}},"ast-content-background-meta":{"desktop":{"background-color":"var(--ast-global-color-5)","background-image":"","background-repeat":"repeat","background-position":"center center","background-size":"auto","background-attachment":"scroll","background-type":"","background-media":"","overlay-type":"","overlay-color":"","overlay-gradient":""},"tablet":{"background-color":"var(--ast-global-color-5)","background-image":"","background-repeat":"repeat","background-position":"center center","background-size":"auto","background-attachment":"scroll","background-type":"","background-media":"","overlay-type":"","overlay-color":"","overlay-gradient":""},"mobile":{"background-color":"var(--ast-global-color-5)","background-image":"","background-repeat":"repeat","background-position":"center center","background-size":"auto","background-attachment":"scroll","background-type":"","background-media":"","overlay-type":"","overlay-color":"","overlay-gradient":""}},"footnotes":""},"categories":[8096,15596],"tags":[184197,221073,48628,221074],"class_list":["post-110816","post","type-post","status-publish","format-standard","hentry","category-ingenieria-y-tecnologia-electricas","category-politecnica-de-catalunya","tag-jorge-pleite-guerra","tag-juan-lorenzo-velasquez-contreras","tag-samuel-galceran-arellano","tag-szymon-banaszak-banaszak"],"_links":{"self":[{"href":"https:\/\/www.deberes.net\/tesis\/wp-json\/wp\/v2\/posts\/110816","targetHints":{"allow":["GET"]}}],"collection":[{"href":"https:\/\/www.deberes.net\/tesis\/wp-json\/wp\/v2\/posts"}],"about":[{"href":"https:\/\/www.deberes.net\/tesis\/wp-json\/wp\/v2\/types\/post"}],"author":[{"embeddable":true,"href":"https:\/\/www.deberes.net\/tesis\/wp-json\/wp\/v2\/users\/1"}],"replies":[{"embeddable":true,"href":"https:\/\/www.deberes.net\/tesis\/wp-json\/wp\/v2\/comments?post=110816"}],"version-history":[{"count":0,"href":"https:\/\/www.deberes.net\/tesis\/wp-json\/wp\/v2\/posts\/110816\/revisions"}],"wp:attachment":[{"href":"https:\/\/www.deberes.net\/tesis\/wp-json\/wp\/v2\/media?parent=110816"}],"wp:term":[{"taxonomy":"category","embeddable":true,"href":"https:\/\/www.deberes.net\/tesis\/wp-json\/wp\/v2\/categories?post=110816"},{"taxonomy":"post_tag","embeddable":true,"href":"https:\/\/www.deberes.net\/tesis\/wp-json\/wp\/v2\/tags?post=110816"}],"curies":[{"name":"wp","href":"https:\/\/api.w.org\/{rel}","templated":true}]}}