{"id":110830,"date":"2011-12-09T00:00:00","date_gmt":"2011-12-09T00:00:00","guid":{"rendered":"https:\/\/www.deberes.net\/tesis\/sin-categoria\/el-tratamiento-de-la-muerte-en-el-album-ilustrado-infantil-obras-publicadas-en-castellano-1980-2008\/"},"modified":"2011-12-09T00:00:00","modified_gmt":"2011-12-09T00:00:00","slug":"el-tratamiento-de-la-muerte-en-el-album-ilustrado-infantil-obras-publicadas-en-castellano-1980-2008","status":"publish","type":"post","link":"https:\/\/www.deberes.net\/tesis\/analisis-literario\/el-tratamiento-de-la-muerte-en-el-album-ilustrado-infantil-obras-publicadas-en-castellano-1980-2008\/","title":{"rendered":"El tratamiento de la muerte en el \u00e1lbum ilustrado infantil. obras publicadas en castellano (1980-2008)"},"content":{"rendered":"<h2>Tesis doctoral de <strong> JavierIgnacio Arnal Gil <\/strong><\/h2>\n<p>El tratamiento de la muerte en el \u00e1lbum infantil. Obras publicadas en castellano (1980-2008) gira en torno a tres ejes fundamentales, literatura, infancia y muerte, y muestra la manera en que el \u00e1lbum infantil acerca la muerte a los ni\u00f1os a trav\u00e9s de sus p\u00e1ginas.  a lo largo de este estudio se presta especial atenci\u00f3n a los tab\u00faes que siguen vivos dentro de un tema que no ha dejado de ser tab\u00fa, al tratamiento de los sentimientos que la muerte provoca, a los protagonistas, dolientes y fallecidos, a las causas de fallecimiento, a las fases de comprensi\u00f3n de la muerte del ni\u00f1o y de la ni\u00f1a, a la despedida, y al trabajo en pos de la desmitificaci\u00f3n de la muerte.  en ocasiones el \u00e1lbum infantil se muestra audaz y aborda sin tapujos diversos aspectos relacionados con la muerte, algunos verdaderamente comprometidos. Pero no siempre sucede as\u00ed. Tambi\u00e9n existen otros aspectos de tratamiento inc\u00f3modo a los que este g\u00e9nero literario les dedica poca o ninguna atenci\u00f3n.<\/p>\n<p>&nbsp;<\/p>\n<h3>Datos acad\u00e9micos de la tesis doctoral \u00ab<strong>El tratamiento de la muerte en el \u00e1lbum ilustrado infantil. obras publicadas en castellano (1980-2008)<\/strong>\u00ab<\/h3>\n<ul>\n<li><strong>T\u00edtulo de la tesis:<\/strong>\u00a0 El tratamiento de la muerte en el \u00e1lbum ilustrado infantil. obras publicadas en castellano (1980-2008) <\/li>\n<li><strong>Autor:<\/strong>\u00a0 JavierIgnacio Arnal Gil <\/li>\n<li><strong>Universidad:<\/strong>\u00a0 Pa\u00eds vasco\/euskal herriko unibertsitatea<\/li>\n<li><strong>Fecha de lectura de la tesis:<\/strong>\u00a0 12\/09\/2011<\/li>\n<\/ul>\n<p>&nbsp;<\/p>\n<h3>Direcci\u00f3n y tribunal<\/h3>\n<ul>\n<li><strong>Director de la tesis<\/strong>\n<ul>\n<li>Xabier Etxaniz Erle<\/li>\n<\/ul>\n<\/li>\n<li><strong>Tribunal<\/strong>\n<ul>\n<li>Presidente del tribunal: alfredo Go\u00f1i grandmontagne <\/li>\n<li>agustin De la herran gascon (vocal)<\/li>\n<li>pedro c\u00e9sar Cerrillo torremocha (vocal)<\/li>\n<li>rosa Mar\u00eda Tabernero sala (vocal)<\/li>\n<\/ul>\n<\/li>\n<\/ul>\n<p>&nbsp;<\/p>\n","protected":false},"excerpt":{"rendered":"<p>Tesis doctoral de JavierIgnacio Arnal Gil El tratamiento de la muerte en el \u00e1lbum infantil. Obras publicadas en castellano (1980-2008) [&hellip;]<\/p>\n","protected":false},"author":1,"featured_media":0,"comment_status":"open","ping_status":"open","sticky":false,"template":"","format":"standard","meta":{"site-sidebar-layout":"default","site-content-layout":"","ast-site-content-layout":"","site-content-style":"default","site-sidebar-style":"default","ast-global-header-display":"","ast-banner-title-visibility":"","ast-main-header-display":"","ast-hfb-above-header-display":"","ast-hfb-below-header-display":"","ast-hfb-mobile-header-display":"","site-post-title":"","ast-breadcrumbs-content":"","ast-featured-img":"","footer-sml-layout":"","theme-transparent-header-meta":"","adv-header-id-meta":"","stick-header-meta":"","header-above-stick-meta":"","header-main-stick-meta":"","header-below-stick-meta":"","astra-migrate-meta-layouts":"default","ast-page-background-enabled":"default","ast-page-background-meta":{"desktop":{"background-color":"var(--ast-global-color-4)","background-image":"","background-repeat":"repeat","background-position":"center center","background-size":"auto","background-attachment":"scroll","background-type":"","background-media":"","overlay-type":"","overlay-color":"","overlay-gradient":""},"tablet":{"background-color":"","background-image":"","background-repeat":"repeat","background-position":"center center","background-size":"auto","background-attachment":"scroll","background-type":"","background-media":"","overlay-type":"","overlay-color":"","overlay-gradient":""},"mobile":{"background-color":"","background-image":"","background-repeat":"repeat","background-position":"center center","background-size":"auto","background-attachment":"scroll","background-type":"","background-media":"","overlay-type":"","overlay-color":"","overlay-gradient":""}},"ast-content-background-meta":{"desktop":{"background-color":"var(--ast-global-color-5)","background-image":"","background-repeat":"repeat","background-position":"center center","background-size":"auto","background-attachment":"scroll","background-type":"","background-media":"","overlay-type":"","overlay-color":"","overlay-gradient":""},"tablet":{"background-color":"var(--ast-global-color-5)","background-image":"","background-repeat":"repeat","background-position":"center center","background-size":"auto","background-attachment":"scroll","background-type":"","background-media":"","overlay-type":"","overlay-color":"","overlay-gradient":""},"mobile":{"background-color":"var(--ast-global-color-5)","background-image":"","background-repeat":"repeat","background-position":"center center","background-size":"auto","background-attachment":"scroll","background-type":"","background-media":"","overlay-type":"","overlay-color":"","overlay-gradient":""}},"footnotes":""},"categories":[148,636,12909,11958],"tags":[121265,28063,221096,44925,38370,176279],"class_list":["post-110830","post","type-post","status-publish","format-standard","hentry","category-analisis-literario","category-lengua-y-literatura","category-pais-vasco-euskal-herriko-unibertsitatea","category-teorias-educativas","tag-agustin-de-la-herran-gascon","tag-alfredo-goni-grandmontagne","tag-javierignacio-arnal-gil","tag-pedro-cesar-cerrillo-torremocha","tag-rosa-maria-tabernero-sala","tag-xabier-etxaniz-erle"],"_links":{"self":[{"href":"https:\/\/www.deberes.net\/tesis\/wp-json\/wp\/v2\/posts\/110830","targetHints":{"allow":["GET"]}}],"collection":[{"href":"https:\/\/www.deberes.net\/tesis\/wp-json\/wp\/v2\/posts"}],"about":[{"href":"https:\/\/www.deberes.net\/tesis\/wp-json\/wp\/v2\/types\/post"}],"author":[{"embeddable":true,"href":"https:\/\/www.deberes.net\/tesis\/wp-json\/wp\/v2\/users\/1"}],"replies":[{"embeddable":true,"href":"https:\/\/www.deberes.net\/tesis\/wp-json\/wp\/v2\/comments?post=110830"}],"version-history":[{"count":0,"href":"https:\/\/www.deberes.net\/tesis\/wp-json\/wp\/v2\/posts\/110830\/revisions"}],"wp:attachment":[{"href":"https:\/\/www.deberes.net\/tesis\/wp-json\/wp\/v2\/media?parent=110830"}],"wp:term":[{"taxonomy":"category","embeddable":true,"href":"https:\/\/www.deberes.net\/tesis\/wp-json\/wp\/v2\/categories?post=110830"},{"taxonomy":"post_tag","embeddable":true,"href":"https:\/\/www.deberes.net\/tesis\/wp-json\/wp\/v2\/tags?post=110830"}],"curies":[{"name":"wp","href":"https:\/\/api.w.org\/{rel}","templated":true}]}}