{"id":110861,"date":"2018-03-11T10:37:04","date_gmt":"2018-03-11T10:37:04","guid":{"rendered":"https:\/\/www.deberes.net\/tesis\/sin-categoria\/gripe-pandemica-de-2009-evaluacion-de-los-metodos-para-el-diagnostico-del-virus-influenza-a-h1n1-2009-y-caracterizacion-de-la-infeccion-neumococica-asociada\/"},"modified":"2018-03-11T10:37:04","modified_gmt":"2018-03-11T10:37:04","slug":"gripe-pandemica-de-2009-evaluacion-de-los-metodos-para-el-diagnostico-del-virus-influenza-a-h1n1-2009-y-caracterizacion-de-la-infeccion-neumococica-asociada","status":"publish","type":"post","link":"https:\/\/www.deberes.net\/tesis\/virologia\/gripe-pandemica-de-2009-evaluacion-de-los-metodos-para-el-diagnostico-del-virus-influenza-a-h1n1-2009-y-caracterizacion-de-la-infeccion-neumococica-asociada\/","title":{"rendered":"Gripe pand\u00e9mica de 2009. evaluaci\u00f3n de los m\u00e9todos para el diagn\u00f3stico del virus influenza a (h1n1) 2009 y caracterizaci\u00f3n de la infecci\u00f3n neumoc\u00f3cica asociada"},"content":{"rendered":"<h2>Tesis doctoral de <strong> Pedro Antequera Rodr\u00edguez <\/strong><\/h2>\n<p>La pandemia de gripe de 2009, asociada al virus influenza a h1n1 \/09, requiri\u00f3 t\u00e9cnicas como la pcr mediante retrotranscripci\u00f3n inversa a tiempo real que permitieran un r\u00e1pido diagn\u00f3stico y vigilancia de la infecci\u00f3n. El desarrollo de pruebas r\u00e1pidas inmunocromatogr\u00e1ficas de detecci\u00f3n de ant\u00edgeno han permitido una primera l\u00ednea diagn\u00f3stica que aportan resultados en 15min. Estudios preliminares muestran sensibilidades en el rango de 10-69%. La recogida y el transporte al laboratorio son dos de los pilares para el diagn\u00f3stico microbiol\u00f3gico. El aspirado nasofar\u00edngeo ha sido considerado en general una de las mejores tipo de muestras para la detecci\u00f3n de los virus respiratorios. Con el objetivo de mejorar el rendimiento diagn\u00f3stico se consider\u00f3 la combinaci\u00f3n de un hisopo nasal y far\u00edngeo. Un estudio demostr\u00f3 que la toma de la muestra nasal y far\u00edngea combinada obtenida por frotis proporcionaba una mejor muestra cl\u00ednica, en comparaci\u00f3n con el exudado nasal. Sin embargo, a\u00fan no hay comparaciones directas entre el frotis nasofar\u00edngeo combinado  y el aspirado nasofar\u00edngeo para un diagn\u00f3stico  r\u00e1pido del nuevo virus mediante pcr. La infecci\u00f3n neumoc\u00f3cica asociada a la gripe es frecuente. La informaci\u00f3n que constata la interacci\u00f3n de ambos microorganismos, procede de antiguos datos epidemiol\u00f3gicos de morbi-mortalidad asociada a la sobreinfecci\u00f3n bacteriana durante las pandemias de gripe o bien deriva de estudios que relacionan la enfermedad neumoc\u00f3cica con la actividad viral.<\/p>\n<p>&nbsp;<\/p>\n<h3>Datos acad\u00e9micos de la tesis doctoral \u00ab<strong>Gripe pand\u00e9mica de 2009. evaluaci\u00f3n de los m\u00e9todos para el diagn\u00f3stico del virus influenza a (h1n1) 2009 y caracterizaci\u00f3n de la infecci\u00f3n neumoc\u00f3cica asociada<\/strong>\u00ab<\/h3>\n<ul>\n<li><strong>T\u00edtulo de la tesis:<\/strong>\u00a0 Gripe pand\u00e9mica de 2009. evaluaci\u00f3n de los m\u00e9todos para el diagn\u00f3stico del virus influenza a (h1n1) 2009 y caracterizaci\u00f3n de la infecci\u00f3n neumoc\u00f3cica asociada <\/li>\n<li><strong>Autor:<\/strong>\u00a0 Pedro Antequera Rodr\u00edguez <\/li>\n<li><strong>Universidad:<\/strong>\u00a0 Miguel hern\u00e1ndez de elche<\/li>\n<li><strong>Fecha de lectura de la tesis:<\/strong>\u00a0 15\/09\/2011<\/li>\n<\/ul>\n<p>&nbsp;<\/p>\n<h3>Direcci\u00f3n y tribunal<\/h3>\n<ul>\n<li><strong>Director de la tesis<\/strong>\n<ul>\n<li>Felix Gutierrez Rodero<\/li>\n<\/ul>\n<\/li>\n<li><strong>Tribunal<\/strong>\n<ul>\n<li>Presidente del tribunal: concepcion Gimeno cardona <\/li>\n<li>Antonio Guerrero espejo (vocal)<\/li>\n<li>enrique Ortega gonz\u00e1lez (vocal)<\/li>\n<li>alfredo Cano sanchez (vocal)<\/li>\n<\/ul>\n<\/li>\n<\/ul>\n<p>&nbsp;<\/p>\n","protected":false},"excerpt":{"rendered":"<p>Tesis doctoral de Pedro Antequera Rodr\u00edguez La pandemia de gripe de 2009, asociada al virus influenza a h1n1 \/09, requiri\u00f3 [&hellip;]<\/p>\n","protected":false},"author":1,"featured_media":0,"comment_status":"open","ping_status":"open","sticky":false,"template":"","format":"standard","meta":{"site-sidebar-layout":"default","site-content-layout":"","ast-site-content-layout":"","site-content-style":"default","site-sidebar-style":"default","ast-global-header-display":"","ast-banner-title-visibility":"","ast-main-header-display":"","ast-hfb-above-header-display":"","ast-hfb-below-header-display":"","ast-hfb-mobile-header-display":"","site-post-title":"","ast-breadcrumbs-content":"","ast-featured-img":"","footer-sml-layout":"","theme-transparent-header-meta":"","adv-header-id-meta":"","stick-header-meta":"","header-above-stick-meta":"","header-main-stick-meta":"","header-below-stick-meta":"","astra-migrate-meta-layouts":"default","ast-page-background-enabled":"default","ast-page-background-meta":{"desktop":{"background-color":"var(--ast-global-color-4)","background-image":"","background-repeat":"repeat","background-position":"center center","background-size":"auto","background-attachment":"scroll","background-type":"","background-media":"","overlay-type":"","overlay-color":"","overlay-gradient":""},"tablet":{"background-color":"","background-image":"","background-repeat":"repeat","background-position":"center center","background-size":"auto","background-attachment":"scroll","background-type":"","background-media":"","overlay-type":"","overlay-color":"","overlay-gradient":""},"mobile":{"background-color":"","background-image":"","background-repeat":"repeat","background-position":"center center","background-size":"auto","background-attachment":"scroll","background-type":"","background-media":"","overlay-type":"","overlay-color":"","overlay-gradient":""}},"ast-content-background-meta":{"desktop":{"background-color":"var(--ast-global-color-5)","background-image":"","background-repeat":"repeat","background-position":"center center","background-size":"auto","background-attachment":"scroll","background-type":"","background-media":"","overlay-type":"","overlay-color":"","overlay-gradient":""},"tablet":{"background-color":"var(--ast-global-color-5)","background-image":"","background-repeat":"repeat","background-position":"center center","background-size":"auto","background-attachment":"scroll","background-type":"","background-media":"","overlay-type":"","overlay-color":"","overlay-gradient":""},"mobile":{"background-color":"var(--ast-global-color-5)","background-image":"","background-repeat":"repeat","background-position":"center center","background-size":"auto","background-attachment":"scroll","background-type":"","background-media":"","overlay-type":"","overlay-color":"","overlay-gradient":""}},"footnotes":""},"categories":[1085,597,37169,280],"tags":[62167,4944,49199,42304,59382,221134],"class_list":["post-110861","post","type-post","status-publish","format-standard","hentry","category-enfermedades-infecciosas","category-microbiologia-clinica","category-miguel-hernandez-de-elche","category-virologia","tag-alfredo-cano-sanchez","tag-antonio-guerrero-espejo","tag-concepcion-gimeno-cardona","tag-enrique-ortega-gonzalez","tag-felix-gutierrez-rodero","tag-pedro-antequera-rodriguez"],"_links":{"self":[{"href":"https:\/\/www.deberes.net\/tesis\/wp-json\/wp\/v2\/posts\/110861","targetHints":{"allow":["GET"]}}],"collection":[{"href":"https:\/\/www.deberes.net\/tesis\/wp-json\/wp\/v2\/posts"}],"about":[{"href":"https:\/\/www.deberes.net\/tesis\/wp-json\/wp\/v2\/types\/post"}],"author":[{"embeddable":true,"href":"https:\/\/www.deberes.net\/tesis\/wp-json\/wp\/v2\/users\/1"}],"replies":[{"embeddable":true,"href":"https:\/\/www.deberes.net\/tesis\/wp-json\/wp\/v2\/comments?post=110861"}],"version-history":[{"count":0,"href":"https:\/\/www.deberes.net\/tesis\/wp-json\/wp\/v2\/posts\/110861\/revisions"}],"wp:attachment":[{"href":"https:\/\/www.deberes.net\/tesis\/wp-json\/wp\/v2\/media?parent=110861"}],"wp:term":[{"taxonomy":"category","embeddable":true,"href":"https:\/\/www.deberes.net\/tesis\/wp-json\/wp\/v2\/categories?post=110861"},{"taxonomy":"post_tag","embeddable":true,"href":"https:\/\/www.deberes.net\/tesis\/wp-json\/wp\/v2\/tags?post=110861"}],"curies":[{"name":"wp","href":"https:\/\/api.w.org\/{rel}","templated":true}]}}