{"id":110865,"date":"2018-03-11T10:37:09","date_gmt":"2018-03-11T10:37:09","guid":{"rendered":""},"modified":"2018-03-11T10:37:09","modified_gmt":"2018-03-11T10:37:09","slug":"patrones-culturales-y-estructuras-individuales-en-los-entornos-profesionales-institucionales-y-sociales-un-estudio-de-su-incidencia-en-la-evolucion-del-cancer-cervico-uterino-en-las-mujeres-atendid","status":"publish","type":"post","link":"https:\/\/www.deberes.net\/tesis\/salud-publica\/patrones-culturales-y-estructuras-individuales-en-los-entornos-profesionales-institucionales-y-sociales-un-estudio-de-su-incidencia-en-la-evolucion-del-cancer-cervico-uterino-en-las-mujeres-atendid\/","title":{"rendered":"Patrones culturales y estructuras individuales en los entornos profesionales, institucionales y sociales. un estudio de su incidencia en la evoluci\u00f3n del c\u00e1ncer c\u00e9rvico uterino, en las mujeres atendidas en el centro estatal de cancerolog\u00eda de colima, m\u00e9xico."},"content":{"rendered":"<h2>Tesis doctoral de <strong> Guillermo Silva Maga\u00f1a <\/strong><\/h2>\n<p>En  m\u00e9xico,  el  c\u00e1ncer  c\u00e9rvico uterino  se  presenta  con  una  tasa  de mortalidad de 3.8, mientras  que para el  estado de colima tuvo una tasa de 5.4 por 100,000, siendo la neoplasia con mayor \u00edndice de mortalidad en mujeres con edades superiores a los 15 a\u00f1os, si bien los patrones culturales se definen como, los s\u00edmbolos o representaciones que aparecen como las expresiones particulares de un grupo sociocultural: y que incluye rasgos, representaciones colectivas, premisas y suposiciones de una visi\u00f3n del mundo particular de una cultura, obliga a  conocer los patrones culturales de mujeres que desarrollaron c\u00e1ncer c\u00e9rvico uterino en el estado de colima,  m\u00e9xico.  para tal estudio se plantea una metodolog\u00eda con un referente antropol\u00f3gico cultural y dise\u00f1o cualitativo,  se realiz\u00f3  etnograf\u00eda  durante  12 meses  a 15 mujeres  con c\u00e1ncer c\u00e9rvico uterino en fase terminal.  Se utiliz\u00f3 el  m\u00e9todo de spradley para  el  an\u00e1lisis  de datos.  Los resultados. Emergieron  categor\u00edas  en lo individual, como  la  construcci\u00f3n  de  la  salud, salud reproductiva, el desconocimiento; en lo familiar y relaci\u00f3n de pareja  el machismo, el abandono y la violencia basada en g\u00e9nero; las categor\u00edas relacionadas a los profesionales,  la  comunicaci\u00f3n  de  la  enfermedad, la despersonalizaci\u00f3n del cuidado y la administraci\u00f3n de los sistemas y pol\u00edticas de manera pr\u00edstina. Los miembros de la cultura en estudio est\u00e1n tan estrechamente  solidarios con ella que desde que se nace los hace penetrar en ella misma por diversos caminos de manera consciente o inconsciente, cristaliz\u00e1ndose as\u00ed los complejos culturales a manera de juicios de valor, motivaciones, centros de inter\u00e9s. Adem\u00e1s de que los rasgos, elementos y complejos  culturales (vistos de una manera inmaterial) est\u00e1n dados por relaciones de parentesco en cada una de las estructuras sociales de estudio, y que conforman con ello los patrones culturales.<\/p>\n<p>&nbsp;<\/p>\n<h3>Datos acad\u00e9micos de la tesis doctoral \u00ab<strong>Patrones culturales y estructuras individuales en los entornos profesionales, institucionales y sociales. un estudio de su incidencia en la evoluci\u00f3n del c\u00e1ncer c\u00e9rvico uterino, en las mujeres atendidas en el centro estatal de cancerolog\u00eda de colima, m\u00e9xico.<\/strong>\u00ab<\/h3>\n<ul>\n<li><strong>T\u00edtulo de la tesis:<\/strong>\u00a0 Patrones culturales y estructuras individuales en los entornos profesionales, institucionales y sociales. un estudio de su incidencia en la evoluci\u00f3n del c\u00e1ncer c\u00e9rvico uterino, en las mujeres atendidas en el centro estatal de cancerolog\u00eda de colima, m\u00e9xico. <\/li>\n<li><strong>Autor:<\/strong>\u00a0 Guillermo Silva Maga\u00f1a <\/li>\n<li><strong>Universidad:<\/strong>\u00a0 Alicante<\/li>\n<li><strong>Fecha de lectura de la tesis:<\/strong>\u00a0 15\/09\/2011<\/li>\n<\/ul>\n<p>&nbsp;<\/p>\n<h3>Direcci\u00f3n y tribunal<\/h3>\n<ul>\n<li><strong>Director de la tesis<\/strong>\n<ul>\n<li>Jose Siles Gonzalez<\/li>\n<\/ul>\n<\/li>\n<li><strong>Tribunal<\/strong>\n<ul>\n<li>Presidente del tribunal: amparo Nogales espert <\/li>\n<li>Manuel Jes\u00fas Garc\u00eda mart\u00ednez (vocal)<\/li>\n<li>Antonio  claret Garc\u00eda mart\u00ednez (vocal)<\/li>\n<li>carmen isabel Gomez garcia (vocal)<\/li>\n<\/ul>\n<\/li>\n<\/ul>\n<p>&nbsp;<\/p>\n","protected":false},"excerpt":{"rendered":"<p>Tesis doctoral de Guillermo Silva Maga\u00f1a En m\u00e9xico, el c\u00e1ncer c\u00e9rvico uterino se presenta con una tasa de mortalidad de [&hellip;]<\/p>\n","protected":false},"author":1,"featured_media":0,"comment_status":"open","ping_status":"open","sticky":false,"template":"","format":"standard","meta":{"site-sidebar-layout":"default","site-content-layout":"","ast-site-content-layout":"","site-content-style":"default","site-sidebar-style":"default","ast-global-header-display":"","ast-banner-title-visibility":"","ast-main-header-display":"","ast-hfb-above-header-display":"","ast-hfb-below-header-display":"","ast-hfb-mobile-header-display":"","site-post-title":"","ast-breadcrumbs-content":"","ast-featured-img":"","footer-sml-layout":"","theme-transparent-header-meta":"","adv-header-id-meta":"","stick-header-meta":"","header-above-stick-meta":"","header-main-stick-meta":"","header-below-stick-meta":"","astra-migrate-meta-layouts":"default","ast-page-background-enabled":"default","ast-page-background-meta":{"desktop":{"background-color":"var(--ast-global-color-4)","background-image":"","background-repeat":"repeat","background-position":"center center","background-size":"auto","background-attachment":"scroll","background-type":"","background-media":"","overlay-type":"","overlay-color":"","overlay-gradient":""},"tablet":{"background-color":"","background-image":"","background-repeat":"repeat","background-position":"center center","background-size":"auto","background-attachment":"scroll","background-type":"","background-media":"","overlay-type":"","overlay-color":"","overlay-gradient":""},"mobile":{"background-color":"","background-image":"","background-repeat":"repeat","background-position":"center center","background-size":"auto","background-attachment":"scroll","background-type":"","background-media":"","overlay-type":"","overlay-color":"","overlay-gradient":""}},"ast-content-background-meta":{"desktop":{"background-color":"var(--ast-global-color-5)","background-image":"","background-repeat":"repeat","background-position":"center center","background-size":"auto","background-attachment":"scroll","background-type":"","background-media":"","overlay-type":"","overlay-color":"","overlay-gradient":""},"tablet":{"background-color":"var(--ast-global-color-5)","background-image":"","background-repeat":"repeat","background-position":"center center","background-size":"auto","background-attachment":"scroll","background-type":"","background-media":"","overlay-type":"","overlay-color":"","overlay-gradient":""},"mobile":{"background-color":"var(--ast-global-color-5)","background-image":"","background-repeat":"repeat","background-position":"center center","background-size":"auto","background-attachment":"scroll","background-type":"","background-media":"","overlay-type":"","overlay-color":"","overlay-gradient":""}},"footnotes":""},"categories":[19166,983,3994,8113,967],"tags":[72605,124144,136934,221141,124142,128284],"class_list":["post-110865","post","type-post","status-publish","format-standard","hentry","category-alicante","category-antropologia-cultural","category-filiacion-familia-y-parentesco","category-posicion-social-de-la-mujer","category-salud-publica","tag-amparo-nogales-espert","tag-antonio-claret-garcia-Martinez","tag-carmen-isabel-gomez-garcia","tag-guillermo-silva-magana","tag-jose-siles-gonzalez","tag-manuel-jesus-garcia-Martinez"],"_links":{"self":[{"href":"https:\/\/www.deberes.net\/tesis\/wp-json\/wp\/v2\/posts\/110865","targetHints":{"allow":["GET"]}}],"collection":[{"href":"https:\/\/www.deberes.net\/tesis\/wp-json\/wp\/v2\/posts"}],"about":[{"href":"https:\/\/www.deberes.net\/tesis\/wp-json\/wp\/v2\/types\/post"}],"author":[{"embeddable":true,"href":"https:\/\/www.deberes.net\/tesis\/wp-json\/wp\/v2\/users\/1"}],"replies":[{"embeddable":true,"href":"https:\/\/www.deberes.net\/tesis\/wp-json\/wp\/v2\/comments?post=110865"}],"version-history":[{"count":0,"href":"https:\/\/www.deberes.net\/tesis\/wp-json\/wp\/v2\/posts\/110865\/revisions"}],"wp:attachment":[{"href":"https:\/\/www.deberes.net\/tesis\/wp-json\/wp\/v2\/media?parent=110865"}],"wp:term":[{"taxonomy":"category","embeddable":true,"href":"https:\/\/www.deberes.net\/tesis\/wp-json\/wp\/v2\/categories?post=110865"},{"taxonomy":"post_tag","embeddable":true,"href":"https:\/\/www.deberes.net\/tesis\/wp-json\/wp\/v2\/tags?post=110865"}],"curies":[{"name":"wp","href":"https:\/\/api.w.org\/{rel}","templated":true}]}}