{"id":110876,"date":"2018-03-11T10:37:09","date_gmt":"2018-03-11T10:37:09","guid":{"rendered":""},"modified":"2018-03-11T10:37:09","modified_gmt":"2018-03-11T10:37:09","slug":"tu-mira-la-foto-pero-no-se-la-ensenes-a-nadie-analisis-de-la-practica-fotografica-los-discursos-y-las-representaciones-de-ninos-y-adolescentes-en-el-contexto-de-talleres-de-fotografa%c2%ada-parti","status":"publish","type":"post","link":"https:\/\/www.deberes.net\/tesis\/etnografia-y-etnologia\/tu-mira-la-foto-pero-no-se-la-ensenes-a-nadie-analisis-de-la-practica-fotografica-los-discursos-y-las-representaciones-de-ninos-y-adolescentes-en-el-contexto-de-talleres-de-fotografa%c2%ada-parti\/","title":{"rendered":"\u00abt\u00fa mira la foto, pero no se la ense\u00f1es a nadie\u00bb. an\u00e1lisis de la pr\u00e1ctica fotogr\u00e1fica, los discursos y las representaciones de ni\u00f1os y adolescentes en el contexto de talleres de fotograf\u00edaparticipativa. dos estudios de caso."},"content":{"rendered":"<h2>Tesis doctoral de <strong> Paula Gonz\u00e1lez Granados <\/strong><\/h2>\n<p>Esta investigaci\u00f3n se centra en poner a prueba una metodolog\u00eda, la fotograf\u00eda participativa, con ni\u00f1os y adolescentes en riesgo de exclusi\u00f3n social. a trav\u00e9s del trabajo de campo extenso, basado en la observaci\u00f3n participante y las entrevistas en profundidad realizadas entorno a las imagines producidas por los participantes, los objetivos se basan en analizar los discursos sobre sus vidas, su cotidianidad y aquellas cuestiones que les importan y les preocupan. en esta investigaci\u00f3n es particularmente importante el uso de metodolog\u00edas que hacen m\u00e1s comprensible nuestro trabajo como investigadores en un entorno determinado, implicandonos con los participantes en un trabajo comun que fomenta la colaboraci\u00f3n en pro de objetivos comunes.<\/p>\n<p>&nbsp;<\/p>\n<h3>Datos acad\u00e9micos de la tesis doctoral \u00ab<strong>\u00abt\u00fa mira la foto, pero no se la ense\u00f1es a nadie\u00bb. an\u00e1lisis de la pr\u00e1ctica fotogr\u00e1fica, los discursos y las representaciones de ni\u00f1os y adolescentes en el contexto de talleres de fotograf\u00edaparticipativa. dos estudios de caso.<\/strong>\u00ab<\/h3>\n<ul>\n<li><strong>T\u00edtulo de la tesis:<\/strong>\u00a0 \u00abt\u00fa mira la foto, pero no se la ense\u00f1es a nadie\u00bb. an\u00e1lisis de la pr\u00e1ctica fotogr\u00e1fica, los discursos y las representaciones de ni\u00f1os y adolescentes en el contexto de talleres de fotograf\u00edaparticipativa. dos estudios de caso. <\/li>\n<li><strong>Autor:<\/strong>\u00a0 Paula Gonz\u00e1lez Granados <\/li>\n<li><strong>Universidad:<\/strong>\u00a0 Rovira i virgili<\/li>\n<li><strong>Fecha de lectura de la tesis:<\/strong>\u00a0 15\/09\/2011<\/li>\n<\/ul>\n<p>&nbsp;<\/p>\n<h3>Direcci\u00f3n y tribunal<\/h3>\n<ul>\n<li><strong>Director de la tesis<\/strong>\n<ul>\n<li>Joan Prat Caros<\/li>\n<\/ul>\n<\/li>\n<li><strong>Tribunal<\/strong>\n<ul>\n<li>Presidente del tribunal: oriol Romani alfonso <\/li>\n<li>Jos\u00e9 carmelo Lis\u00f3n  arcal (vocal)<\/li>\n<li>gemma Orobitg canal (vocal)<\/li>\n<li>Mar\u00eda  teresa Tapada bertelli (vocal)<\/li>\n<\/ul>\n<\/li>\n<\/ul>\n<p>&nbsp;<\/p>\n","protected":false},"excerpt":{"rendered":"<p>Tesis doctoral de Paula Gonz\u00e1lez Granados Esta investigaci\u00f3n se centra en poner a prueba una metodolog\u00eda, la fotograf\u00eda participativa, con [&hellip;]<\/p>\n","protected":false},"author":1,"featured_media":0,"comment_status":"open","ping_status":"open","sticky":false,"template":"","format":"standard","meta":{"site-sidebar-layout":"default","site-content-layout":"","ast-site-content-layout":"","site-content-style":"default","site-sidebar-style":"default","ast-global-header-display":"","ast-banner-title-visibility":"","ast-main-header-display":"","ast-hfb-above-header-display":"","ast-hfb-below-header-display":"","ast-hfb-mobile-header-display":"","site-post-title":"","ast-breadcrumbs-content":"","ast-featured-img":"","footer-sml-layout":"","theme-transparent-header-meta":"","adv-header-id-meta":"","stick-header-meta":"","header-above-stick-meta":"","header-main-stick-meta":"","header-below-stick-meta":"","astra-migrate-meta-layouts":"default","ast-page-background-enabled":"default","ast-page-background-meta":{"desktop":{"background-color":"var(--ast-global-color-4)","background-image":"","background-repeat":"repeat","background-position":"center center","background-size":"auto","background-attachment":"scroll","background-type":"","background-media":"","overlay-type":"","overlay-color":"","overlay-gradient":""},"tablet":{"background-color":"","background-image":"","background-repeat":"repeat","background-position":"center center","background-size":"auto","background-attachment":"scroll","background-type":"","background-media":"","overlay-type":"","overlay-color":"","overlay-gradient":""},"mobile":{"background-color":"","background-image":"","background-repeat":"repeat","background-position":"center center","background-size":"auto","background-attachment":"scroll","background-type":"","background-media":"","overlay-type":"","overlay-color":"","overlay-gradient":""}},"ast-content-background-meta":{"desktop":{"background-color":"var(--ast-global-color-5)","background-image":"","background-repeat":"repeat","background-position":"center center","background-size":"auto","background-attachment":"scroll","background-type":"","background-media":"","overlay-type":"","overlay-color":"","overlay-gradient":""},"tablet":{"background-color":"var(--ast-global-color-5)","background-image":"","background-repeat":"repeat","background-position":"center center","background-size":"auto","background-attachment":"scroll","background-type":"","background-media":"","overlay-type":"","overlay-color":"","overlay-gradient":""},"mobile":{"background-color":"var(--ast-global-color-5)","background-image":"","background-repeat":"repeat","background-position":"center center","background-size":"auto","background-attachment":"scroll","background-type":"","background-media":"","overlay-type":"","overlay-color":"","overlay-gradient":""}},"footnotes":""},"categories":[983,2720,726,18759],"tags":[159588,6029,205168,68041,33554,221154],"class_list":["post-110876","post","type-post","status-publish","format-standard","hentry","category-antropologia-cultural","category-antropologia-social","category-etnografia-y-etnologia","category-rovira-i-virgili","tag-gemma-orobitg-canal","tag-joan-prat-caros","tag-jose-carmelo-lison-arcal","tag-maria-teresa-tapada-bertelli","tag-oriol-romani-alfonso","tag-paula-gonzalez-granados"],"_links":{"self":[{"href":"https:\/\/www.deberes.net\/tesis\/wp-json\/wp\/v2\/posts\/110876","targetHints":{"allow":["GET"]}}],"collection":[{"href":"https:\/\/www.deberes.net\/tesis\/wp-json\/wp\/v2\/posts"}],"about":[{"href":"https:\/\/www.deberes.net\/tesis\/wp-json\/wp\/v2\/types\/post"}],"author":[{"embeddable":true,"href":"https:\/\/www.deberes.net\/tesis\/wp-json\/wp\/v2\/users\/1"}],"replies":[{"embeddable":true,"href":"https:\/\/www.deberes.net\/tesis\/wp-json\/wp\/v2\/comments?post=110876"}],"version-history":[{"count":0,"href":"https:\/\/www.deberes.net\/tesis\/wp-json\/wp\/v2\/posts\/110876\/revisions"}],"wp:attachment":[{"href":"https:\/\/www.deberes.net\/tesis\/wp-json\/wp\/v2\/media?parent=110876"}],"wp:term":[{"taxonomy":"category","embeddable":true,"href":"https:\/\/www.deberes.net\/tesis\/wp-json\/wp\/v2\/categories?post=110876"},{"taxonomy":"post_tag","embeddable":true,"href":"https:\/\/www.deberes.net\/tesis\/wp-json\/wp\/v2\/tags?post=110876"}],"curies":[{"name":"wp","href":"https:\/\/api.w.org\/{rel}","templated":true}]}}