{"id":110883,"date":"2018-03-11T10:37:09","date_gmt":"2018-03-11T10:37:09","guid":{"rendered":"https:\/\/www.deberes.net\/tesis\/sin-categoria\/tnfr2-nuevas-actividades-biologicas-y-moduladoras\/"},"modified":"2018-03-11T10:37:09","modified_gmt":"2018-03-11T10:37:09","slug":"tnfr2-nuevas-actividades-biologicas-y-moduladoras","status":"publish","type":"post","link":"https:\/\/www.deberes.net\/tesis\/bioquimica-molecular\/tnfr2-nuevas-actividades-biologicas-y-moduladoras\/","title":{"rendered":"Tnfr2, nuevas actividades biol\u00f3gicas y moduladoras"},"content":{"rendered":"<h2>Tesis doctoral de <strong> Lucia Cabal  Hierro <\/strong><\/h2>\n<p>En el presente trabajo hemos caracterizado funcionalmente al receptor tnfr2 estudiando su capacidad de activaci\u00f3n de nf-\u00c2\u00bfb y jnk y su interacci\u00f3n con prote\u00ednas adaptadoras traf. Paralelamente, hemos identificado los residuos del receptor responsables de la degradaci\u00f3n de traf2, de la cual depende en gran medida la se\u00f1alizaci\u00f3n del tnfr2, y estudiado la importancia que este fen\u00f3meno tiene en la interconexi\u00f3n existente entre el tnfr1 y el tnfr2. Para profundizar en esta cuesti\u00f3n, hemos generado un sistema de l\u00edneas celulares que expresan de manera estable al receptor quim\u00e9rico rank-tnfr2 y que nos permite activar mediante el tratamiento con rankl o tnf al tnfr1 y al tnfr2 tanto de manera individual como conjunta.<\/p>\n<p>&nbsp;<\/p>\n<h3>Datos acad\u00e9micos de la tesis doctoral \u00ab<strong>Tnfr2, nuevas actividades biol\u00f3gicas y moduladoras<\/strong>\u00ab<\/h3>\n<ul>\n<li><strong>T\u00edtulo de la tesis:<\/strong>\u00a0 Tnfr2, nuevas actividades biol\u00f3gicas y moduladoras <\/li>\n<li><strong>Autor:<\/strong>\u00a0 Lucia Cabal  Hierro <\/li>\n<li><strong>Universidad:<\/strong>\u00a0 Oviedo<\/li>\n<li><strong>Fecha de lectura de la tesis:<\/strong>\u00a0 16\/09\/2011<\/li>\n<\/ul>\n<p>&nbsp;<\/p>\n<h3>Direcci\u00f3n y tribunal<\/h3>\n<ul>\n<li><strong>Director de la tesis<\/strong>\n<ul>\n<li>Pedro Manuel S\u00e1nchez Lazo<\/li>\n<\/ul>\n<\/li>\n<li><strong>Tribunal<\/strong>\n<ul>\n<li>Presidente del tribunal: pilar De la pe\u00f1a cortines <\/li>\n<li>pedro Crespo baraja (vocal)<\/li>\n<li>henning Walczak (vocal)<\/li>\n<li>Javier Le\u00f3n serrano (vocal)<\/li>\n<\/ul>\n<\/li>\n<\/ul>\n<p>&nbsp;<\/p>\n","protected":false},"excerpt":{"rendered":"<p>Tesis doctoral de Lucia Cabal Hierro En el presente trabajo hemos caracterizado funcionalmente al receptor tnfr2 estudiando su capacidad de [&hellip;]<\/p>\n","protected":false},"author":1,"featured_media":0,"comment_status":"open","ping_status":"open","sticky":false,"template":"","format":"standard","meta":{"site-sidebar-layout":"default","site-content-layout":"","ast-site-content-layout":"","site-content-style":"default","site-sidebar-style":"default","ast-global-header-display":"","ast-banner-title-visibility":"","ast-main-header-display":"","ast-hfb-above-header-display":"","ast-hfb-below-header-display":"","ast-hfb-mobile-header-display":"","site-post-title":"","ast-breadcrumbs-content":"","ast-featured-img":"","footer-sml-layout":"","theme-transparent-header-meta":"","adv-header-id-meta":"","stick-header-meta":"","header-above-stick-meta":"","header-main-stick-meta":"","header-below-stick-meta":"","astra-migrate-meta-layouts":"default","ast-page-background-enabled":"default","ast-page-background-meta":{"desktop":{"background-color":"var(--ast-global-color-4)","background-image":"","background-repeat":"repeat","background-position":"center center","background-size":"auto","background-attachment":"scroll","background-type":"","background-media":"","overlay-type":"","overlay-color":"","overlay-gradient":""},"tablet":{"background-color":"","background-image":"","background-repeat":"repeat","background-position":"center center","background-size":"auto","background-attachment":"scroll","background-type":"","background-media":"","overlay-type":"","overlay-color":"","overlay-gradient":""},"mobile":{"background-color":"","background-image":"","background-repeat":"repeat","background-position":"center center","background-size":"auto","background-attachment":"scroll","background-type":"","background-media":"","overlay-type":"","overlay-color":"","overlay-gradient":""}},"ast-content-background-meta":{"desktop":{"background-color":"var(--ast-global-color-5)","background-image":"","background-repeat":"repeat","background-position":"center center","background-size":"auto","background-attachment":"scroll","background-type":"","background-media":"","overlay-type":"","overlay-color":"","overlay-gradient":""},"tablet":{"background-color":"var(--ast-global-color-5)","background-image":"","background-repeat":"repeat","background-position":"center center","background-size":"auto","background-attachment":"scroll","background-type":"","background-media":"","overlay-type":"","overlay-color":"","overlay-gradient":""},"mobile":{"background-color":"var(--ast-global-color-5)","background-image":"","background-repeat":"repeat","background-position":"center center","background-size":"auto","background-attachment":"scroll","background-type":"","background-media":"","overlay-type":"","overlay-color":"","overlay-gradient":""}},"footnotes":""},"categories":[115,32698,1027,8846,3178],"tags":[213297,14452,221164,142745,189628,94089],"class_list":["post-110883","post","type-post","status-publish","format-standard","hentry","category-bioquimica-molecular","category-fenomenos-de-membrana","category-oncologia","category-oviedo","category-proteinas","tag-henning-walczak","tag-javier-leon-serrano","tag-lucia-cabal-hierro","tag-pedro-crespo-baraja","tag-pedro-manuel-sanchez-lazo","tag-pilar-de-la-pena-cortines"],"_links":{"self":[{"href":"https:\/\/www.deberes.net\/tesis\/wp-json\/wp\/v2\/posts\/110883","targetHints":{"allow":["GET"]}}],"collection":[{"href":"https:\/\/www.deberes.net\/tesis\/wp-json\/wp\/v2\/posts"}],"about":[{"href":"https:\/\/www.deberes.net\/tesis\/wp-json\/wp\/v2\/types\/post"}],"author":[{"embeddable":true,"href":"https:\/\/www.deberes.net\/tesis\/wp-json\/wp\/v2\/users\/1"}],"replies":[{"embeddable":true,"href":"https:\/\/www.deberes.net\/tesis\/wp-json\/wp\/v2\/comments?post=110883"}],"version-history":[{"count":0,"href":"https:\/\/www.deberes.net\/tesis\/wp-json\/wp\/v2\/posts\/110883\/revisions"}],"wp:attachment":[{"href":"https:\/\/www.deberes.net\/tesis\/wp-json\/wp\/v2\/media?parent=110883"}],"wp:term":[{"taxonomy":"category","embeddable":true,"href":"https:\/\/www.deberes.net\/tesis\/wp-json\/wp\/v2\/categories?post=110883"},{"taxonomy":"post_tag","embeddable":true,"href":"https:\/\/www.deberes.net\/tesis\/wp-json\/wp\/v2\/tags?post=110883"}],"curies":[{"name":"wp","href":"https:\/\/api.w.org\/{rel}","templated":true}]}}