{"id":110892,"date":"2018-03-11T10:37:09","date_gmt":"2018-03-11T10:37:09","guid":{"rendered":"https:\/\/www.deberes.net\/tesis\/sin-categoria\/el-patron-comercial-de-la-industria-agroalimentaria-el-caso-de-la-union-europea-ue-12-1985-2007\/"},"modified":"2018-03-11T10:37:09","modified_gmt":"2018-03-11T10:37:09","slug":"el-patron-comercial-de-la-industria-agroalimentaria-el-caso-de-la-union-europea-ue-12-1985-2007","status":"publish","type":"post","link":"https:\/\/www.deberes.net\/tesis\/economia-del-area-europea\/el-patron-comercial-de-la-industria-agroalimentaria-el-caso-de-la-union-europea-ue-12-1985-2007\/","title":{"rendered":"El patr\u00f3n comercial de la industria agroalimentaria: el caso de la uni\u00f3n europea (ue-12) 1985-2007"},"content":{"rendered":"<h2>Tesis doctoral de <strong> Mar\u00eda Teresa Fern\u00e1ndez N\u00fa\u00f1ez <\/strong><\/h2>\n<p>La presente investigaci\u00f3n parte de un an\u00e1lisis exploratorio de la posici\u00f3n competitiva de la industria agroalimentaria de 12 pa\u00edses de la uni\u00f3n europea (ue-12), a partir de su comportamiento en el mercado comunitario, durante el per\u00edodo 1985-2007. Dicho estudio exploratorio, siguiendo un enfoque metodol\u00f3gico diferente al enfoque tradicional, permitir\u00e1 destacar distintos factores determinantes de la capacidad competitiva de las exportaciones de los diferentes pa\u00edses. Bajo este nuevo enfoque, el patr\u00f3n de los intercambios comerciales se configura como un elemento clave en el an\u00e1lisis de la competitividad.  con posterioridad al an\u00e1lisis exploratorio mencionado, se lleva a cabo un estudio detallado del patr\u00f3n del comercio intracomunitario de la industria agroalimentaria en la ue-12 durante el mencionado per\u00edodo.  para ello, en primer lugar, se analizan los cambios registrados en la composici\u00f3n de las exportaciones intracomunitarias de la industria agroalimentaria, adem\u00e1s de  los factores determinantes de esos cambios. Se persigue conocer, si tras los procesos de integraci\u00f3n europea, los pa\u00edses han aproximado su estructura comercial de productos agroalimentarios a la del patr\u00f3n comunitario; si este proceso de similitud lleva consigo una mayor diversificaci\u00f3n o concentraci\u00f3n de estas exportaciones; y cu\u00e1les son las principales fuerzas que han conducido a todos estos cambios. en segundo lugar, se incorpora un nuevo marco emp\u00edrico para analizar la evoluci\u00f3n del patr\u00f3n comercial exterior de los distintos pa\u00edses que conforman la ue12, abord\u00e1ndose las siguientes cuestiones: \u00c2\u00bfc\u00f3mo ha evolucionado el patr\u00f3n comercial a lo largo del tiempo? \u00c2\u00bfqu\u00e9 factores est\u00e1n detr\u00e1s de los cambios registrados en el patr\u00f3n comercial? \u00c2\u00bfcu\u00e1les son los principales factores que determinan cada componente de los flujos comerciales? \u00c2\u00bfc\u00f3mo influye el desarrollo de un componente de los flujos comerciales en el desarrollo de otro componente? La propuesta de un modelo emp\u00edrico din\u00e1mico es una aportaci\u00f3n original de esta tesis. Dicha propuesta no s\u00f3lo permite combinar los determinantes del comercio atendiendo tanto a las teor\u00edas tradicionales del comercio internacional como a las nuevas, sino que tambi\u00e9n enriquece los determinantes considerados al tener en cuenta la existencia de interacciones din\u00e1micas entre los diferentes componentes del comercio. El esquema emp\u00edrico que se proporciona posibilita el contraste de la influencia y significaci\u00f3n de dichas interacciones. Entre otros resultados, los contrastes realizados aportan prueba emp\u00edrica de que dichas interacciones son factores relevantes en la configuraci\u00f3n del patr\u00f3n comercial exterior de la industria agroalimentaria de la ue12.<\/p>\n<p>&nbsp;<\/p>\n<h3>Datos acad\u00e9micos de la tesis doctoral \u00ab<strong>El patr\u00f3n comercial de la industria agroalimentaria: el caso de la uni\u00f3n europea (ue-12) 1985-2007<\/strong>\u00ab<\/h3>\n<ul>\n<li><strong>T\u00edtulo de la tesis:<\/strong>\u00a0 El patr\u00f3n comercial de la industria agroalimentaria: el caso de la uni\u00f3n europea (ue-12) 1985-2007 <\/li>\n<li><strong>Autor:<\/strong>\u00a0 Mar\u00eda Teresa Fern\u00e1ndez N\u00fa\u00f1ez <\/li>\n<li><strong>Universidad:<\/strong>\u00a0 Extremadura<\/li>\n<li><strong>Fecha de lectura de la tesis:<\/strong>\u00a0 16\/09\/2011<\/li>\n<\/ul>\n<p>&nbsp;<\/p>\n<h3>Direcci\u00f3n y tribunal<\/h3>\n<ul>\n<li><strong>Director de la tesis<\/strong>\n<ul>\n<li>Miguel \u00e1ngel M\u00e1rquez Paniagua<\/li>\n<\/ul>\n<\/li>\n<li><strong>Tribunal<\/strong>\n<ul>\n<li>Presidente del tribunal: rafael Myro sanchez <\/li>\n<li>Mar\u00eda Maesso corral (vocal)<\/li>\n<li>carmen Diaz mora (vocal)<\/li>\n<li>salvador Gil pareja (vocal)<\/li>\n<\/ul>\n<\/li>\n<\/ul>\n<p>&nbsp;<\/p>\n","protected":false},"excerpt":{"rendered":"<p>Tesis doctoral de Mar\u00eda Teresa Fern\u00e1ndez N\u00fa\u00f1ez La presente investigaci\u00f3n parte de un an\u00e1lisis exploratorio de la posici\u00f3n competitiva de [&hellip;]<\/p>\n","protected":false},"author":1,"featured_media":0,"comment_status":"open","ping_status":"open","sticky":false,"template":"","format":"standard","meta":{"site-sidebar-layout":"default","site-content-layout":"","ast-site-content-layout":"","site-content-style":"default","site-sidebar-style":"default","ast-global-header-display":"","ast-banner-title-visibility":"","ast-main-header-display":"","ast-hfb-above-header-display":"","ast-hfb-below-header-display":"","ast-hfb-mobile-header-display":"","site-post-title":"","ast-breadcrumbs-content":"","ast-featured-img":"","footer-sml-layout":"","theme-transparent-header-meta":"","adv-header-id-meta":"","stick-header-meta":"","header-above-stick-meta":"","header-main-stick-meta":"","header-below-stick-meta":"","astra-migrate-meta-layouts":"default","ast-page-background-enabled":"default","ast-page-background-meta":{"desktop":{"background-color":"var(--ast-global-color-4)","background-image":"","background-repeat":"repeat","background-position":"center center","background-size":"auto","background-attachment":"scroll","background-type":"","background-media":"","overlay-type":"","overlay-color":"","overlay-gradient":""},"tablet":{"background-color":"","background-image":"","background-repeat":"repeat","background-position":"center center","background-size":"auto","background-attachment":"scroll","background-type":"","background-media":"","overlay-type":"","overlay-color":"","overlay-gradient":""},"mobile":{"background-color":"","background-image":"","background-repeat":"repeat","background-position":"center center","background-size":"auto","background-attachment":"scroll","background-type":"","background-media":"","overlay-type":"","overlay-color":"","overlay-gradient":""}},"ast-content-background-meta":{"desktop":{"background-color":"var(--ast-global-color-5)","background-image":"","background-repeat":"repeat","background-position":"center center","background-size":"auto","background-attachment":"scroll","background-type":"","background-media":"","overlay-type":"","overlay-color":"","overlay-gradient":""},"tablet":{"background-color":"var(--ast-global-color-5)","background-image":"","background-repeat":"repeat","background-position":"center center","background-size":"auto","background-attachment":"scroll","background-type":"","background-media":"","overlay-type":"","overlay-color":"","overlay-gradient":""},"mobile":{"background-color":"var(--ast-global-color-5)","background-image":"","background-repeat":"repeat","background-position":"center center","background-size":"auto","background-attachment":"scroll","background-type":"","background-media":"","overlay-type":"","overlay-color":"","overlay-gradient":""}},"footnotes":""},"categories":[83,949,8571,6830],"tags":[77613,56212,221176,100513,12222,178993],"class_list":["post-110892","post","type-post","status-publish","format-standard","hentry","category-economia-del-area-europea","category-extremadura","category-sector-agroalimentario","category-teoria-del-comercio-internacional","tag-carmen-diaz-mora","tag-maria-maesso-corral","tag-maria-teresa-fernandez-nunez","tag-miguel-angel-marquez-paniagua","tag-rafael-myro-sanchez","tag-salvador-gil-pareja"],"_links":{"self":[{"href":"https:\/\/www.deberes.net\/tesis\/wp-json\/wp\/v2\/posts\/110892","targetHints":{"allow":["GET"]}}],"collection":[{"href":"https:\/\/www.deberes.net\/tesis\/wp-json\/wp\/v2\/posts"}],"about":[{"href":"https:\/\/www.deberes.net\/tesis\/wp-json\/wp\/v2\/types\/post"}],"author":[{"embeddable":true,"href":"https:\/\/www.deberes.net\/tesis\/wp-json\/wp\/v2\/users\/1"}],"replies":[{"embeddable":true,"href":"https:\/\/www.deberes.net\/tesis\/wp-json\/wp\/v2\/comments?post=110892"}],"version-history":[{"count":0,"href":"https:\/\/www.deberes.net\/tesis\/wp-json\/wp\/v2\/posts\/110892\/revisions"}],"wp:attachment":[{"href":"https:\/\/www.deberes.net\/tesis\/wp-json\/wp\/v2\/media?parent=110892"}],"wp:term":[{"taxonomy":"category","embeddable":true,"href":"https:\/\/www.deberes.net\/tesis\/wp-json\/wp\/v2\/categories?post=110892"},{"taxonomy":"post_tag","embeddable":true,"href":"https:\/\/www.deberes.net\/tesis\/wp-json\/wp\/v2\/tags?post=110892"}],"curies":[{"name":"wp","href":"https:\/\/api.w.org\/{rel}","templated":true}]}}