{"id":1109,"date":"1994-01-01T00:00:00","date_gmt":"1994-01-01T00:00:00","guid":{"rendered":"https:\/\/www.deberes.net\/tesis\/1994\/01\/01\/valor-nutritivo-de-pastos-de-montana-e-intensidad-de-seleccion-ejercida-sobre-los-mismos-por-dos-razas-ovinas-churra-y-merina\/"},"modified":"1994-01-01T00:00:00","modified_gmt":"1994-01-01T00:00:00","slug":"valor-nutritivo-de-pastos-de-montana-e-intensidad-de-seleccion-ejercida-sobre-los-mismos-por-dos-razas-ovinas-churra-y-merina","status":"publish","type":"post","link":"https:\/\/www.deberes.net\/tesis\/ciencias-agrarias\/valor-nutritivo-de-pastos-de-montana-e-intensidad-de-seleccion-ejercida-sobre-los-mismos-por-dos-razas-ovinas-churra-y-merina\/","title":{"rendered":"Valor nutritivo de pastos de monta\u00f1a e intensidad de seleccion ejercida sobre los mismos por dos razas ovinas (churra y merina)."},"content":{"rendered":"<h2>Tesis doctoral de <strong>  Rodriguez Revesado M. Pilar <\/strong><\/h2>\n<p>Este trabajo se realizo con el objetivo de conocer la evolucion, a lo largo de la estacion de pastoreo estival, del valor nutritivo de la materia vegetal en oferta y de la dieta seleccionada por animales de raza churra y merina, en seis comunidades vegetales de monta\u00f1a. Para ello se utilizaron cuatro machos ovinos castrados de cada raza, fistulados en el esofago. El estudio se llevo a cabo en el puerto de san isidro (leon).  entre los principales resultados cabria rese\u00f1ar, de modo muy resumido lo siguiente:  el valor nutritivo del pasto, asi como el de la dieta seleccionada por los animales, se vieron afectados por la epoca de muestreo y por la comunidad vegetal estudiada.  la dieta seleccionada por cada una de las razas presento diferencias significativas en su composicion morfologica.<\/p>\n<p>&nbsp;<\/p>\n<h3>Datos acad\u00e9micos de la tesis doctoral \u00ab<strong>Valor nutritivo de pastos de monta\u00f1a e intensidad de seleccion ejercida sobre los mismos por dos razas ovinas (churra y merina).<\/strong>\u00ab<\/h3>\n<ul>\n<li><strong>T\u00edtulo de la tesis:<\/strong>\u00a0 Valor nutritivo de pastos de monta\u00f1a e intensidad de seleccion ejercida sobre los mismos por dos razas ovinas (churra y merina). <\/li>\n<li><strong>Autor:<\/strong>\u00a0  Rodriguez Revesado M. Pilar <\/li>\n<li><strong>Universidad:<\/strong>\u00a0 Le\u00f3n<\/li>\n<li><strong>Fecha de lectura de la tesis:<\/strong>\u00a0 01\/01\/1994<\/li>\n<\/ul>\n<p>&nbsp;<\/p>\n<h3>Direcci\u00f3n y tribunal<\/h3>\n<ul>\n<li><strong>Director de la tesis<\/strong>\n<ul>\n<li>\u00e1ngel Ruiz Mantec\u00f3n<\/li>\n<\/ul>\n<\/li>\n<li><strong>Tribunal<\/strong>\n<ul>\n<li>Presidente del tribunal: Augusto Gomez Cabrera <\/li>\n<li>Teresa Castro Madrigal (vocal)<\/li>\n<li> Gonz\u00e1lez \u00e1lvarez Jes\u00fas Salvador (vocal)<\/li>\n<li>Adolfo Falagan Prieto (vocal)<\/li>\n<\/ul>\n<\/li>\n<\/ul>\n<p>&nbsp;<\/p>\n","protected":false},"excerpt":{"rendered":"<p>Tesis doctoral de Rodriguez Revesado M. Pilar Este trabajo se realizo con el objetivo de conocer la evolucion, a lo [&hellip;]<\/p>\n","protected":false},"author":1,"featured_media":0,"comment_status":"open","ping_status":"open","sticky":false,"template":"","format":"standard","meta":{"site-sidebar-layout":"default","site-content-layout":"","ast-site-content-layout":"","site-content-style":"default","site-sidebar-style":"default","ast-global-header-display":"","ast-banner-title-visibility":"","ast-main-header-display":"","ast-hfb-above-header-display":"","ast-hfb-below-header-display":"","ast-hfb-mobile-header-display":"","site-post-title":"","ast-breadcrumbs-content":"","ast-featured-img":"","footer-sml-layout":"","theme-transparent-header-meta":"","adv-header-id-meta":"","stick-header-meta":"","header-above-stick-meta":"","header-main-stick-meta":"","header-below-stick-meta":"","astra-migrate-meta-layouts":"default","ast-page-background-enabled":"default","ast-page-background-meta":{"desktop":{"background-color":"var(--ast-global-color-4)","background-image":"","background-repeat":"repeat","background-position":"center center","background-size":"auto","background-attachment":"scroll","background-type":"","background-media":"","overlay-type":"","overlay-color":"","overlay-gradient":""},"tablet":{"background-color":"","background-image":"","background-repeat":"repeat","background-position":"center center","background-size":"auto","background-attachment":"scroll","background-type":"","background-media":"","overlay-type":"","overlay-color":"","overlay-gradient":""},"mobile":{"background-color":"","background-image":"","background-repeat":"repeat","background-position":"center center","background-size":"auto","background-attachment":"scroll","background-type":"","background-media":"","overlay-type":"","overlay-color":"","overlay-gradient":""}},"ast-content-background-meta":{"desktop":{"background-color":"var(--ast-global-color-5)","background-image":"","background-repeat":"repeat","background-position":"center center","background-size":"auto","background-attachment":"scroll","background-type":"","background-media":"","overlay-type":"","overlay-color":"","overlay-gradient":""},"tablet":{"background-color":"var(--ast-global-color-5)","background-image":"","background-repeat":"repeat","background-position":"center center","background-size":"auto","background-attachment":"scroll","background-type":"","background-media":"","overlay-type":"","overlay-color":"","overlay-gradient":""},"mobile":{"background-color":"var(--ast-global-color-5)","background-image":"","background-repeat":"repeat","background-position":"center center","background-size":"auto","background-attachment":"scroll","background-type":"","background-media":"","overlay-type":"","overlay-color":"","overlay-gradient":""}},"footnotes":""},"categories":[494,4430,2048,1944,1946],"tags":[4577,4574,2050,4576,4573,4575],"class_list":["post-1109","post","type-post","status-publish","format-standard","hentry","category-ciencias-agrarias","category-leon","category-nutricion-animal","category-ovinos","category-produccion-animal","tag-adolfo-falagan-prieto","tag-angel-ruiz-mantecon","tag-augusto-gomez-cabrera","tag-gonzalez-alvarez-jesus-salvador","tag-rodriguez-revesado-m-pilar","tag-teresa-castro-madrigal"],"_links":{"self":[{"href":"https:\/\/www.deberes.net\/tesis\/wp-json\/wp\/v2\/posts\/1109","targetHints":{"allow":["GET"]}}],"collection":[{"href":"https:\/\/www.deberes.net\/tesis\/wp-json\/wp\/v2\/posts"}],"about":[{"href":"https:\/\/www.deberes.net\/tesis\/wp-json\/wp\/v2\/types\/post"}],"author":[{"embeddable":true,"href":"https:\/\/www.deberes.net\/tesis\/wp-json\/wp\/v2\/users\/1"}],"replies":[{"embeddable":true,"href":"https:\/\/www.deberes.net\/tesis\/wp-json\/wp\/v2\/comments?post=1109"}],"version-history":[{"count":0,"href":"https:\/\/www.deberes.net\/tesis\/wp-json\/wp\/v2\/posts\/1109\/revisions"}],"wp:attachment":[{"href":"https:\/\/www.deberes.net\/tesis\/wp-json\/wp\/v2\/media?parent=1109"}],"wp:term":[{"taxonomy":"category","embeddable":true,"href":"https:\/\/www.deberes.net\/tesis\/wp-json\/wp\/v2\/categories?post=1109"},{"taxonomy":"post_tag","embeddable":true,"href":"https:\/\/www.deberes.net\/tesis\/wp-json\/wp\/v2\/tags?post=1109"}],"curies":[{"name":"wp","href":"https:\/\/api.w.org\/{rel}","templated":true}]}}