{"id":11090,"date":"2001-02-06T00:00:00","date_gmt":"2001-02-06T00:00:00","guid":{"rendered":"https:\/\/www.deberes.net\/tesis\/sin-categoria\/atencion-domiciliaria-para-pacientes-con-infeccion-por-vih-cuatro-anos-de-experiencia-personal\/"},"modified":"2001-02-06T00:00:00","modified_gmt":"2001-02-06T00:00:00","slug":"atencion-domiciliaria-para-pacientes-con-infeccion-por-vih-cuatro-anos-de-experiencia-personal","status":"publish","type":"post","link":"https:\/\/www.deberes.net\/tesis\/sin-categoria\/atencion-domiciliaria-para-pacientes-con-infeccion-por-vih-cuatro-anos-de-experiencia-personal\/","title":{"rendered":"Atenci\u00f3n domiciliaria para pacientes con infecci\u00f3n por vih. cuatro a\u00f1os de experiencia personal."},"content":{"rendered":"<h2>Tesis doctoral de <strong> Luis Buzon Rueda <\/strong><\/h2>\n<p>Introducci\u00f3n  en Madrid a finales de la d\u00e9cada de los ochenta, el elevado n\u00famero de pacientes con infecci\u00f3n por el vih muy evolucionados que no pod\u00edan ser atendidos en r\u00e9gimen de consultas externas en el hospital, incluyendo pacientes en situaci\u00f3n terminal, supon\u00edan un reto asistencial para el que no exist\u00eda un est\u00e1ndar de cuidados. La mayor\u00eda de los enfermos precisaban ingresar en la planta del hospital, recibiendo cuidados que no eran los adecuados para su situaci\u00f3n cl\u00ednica.  objetivos  evaluar la factibilidad de realizar atenci\u00f3n domiciliaria (ad) desde un hospital terciario (Madrid, \u00e1rea 4. Hospital \u00abram\u00f3n y cajal\u00bb) a pacientes adultos con sida, previamente atendidos en las consultas externas, con un euqipo de sanitarios expertos en los cuidados de enfermos con vih. Evaluar las caracter\u00edsticas de los enfermos, los problemas planteados durante su atenci\u00f3n, el grado de control de los s\u00edntomas y los recursos utilizados en la ad. Conocer el grado de satisfacci\u00f3n de los cuidadores primarios con este tipo de modalidad asistencial.  enfermos y m\u00e9todos  estudio prospectivo que abarca de 1990 hasta 1944. El equipo de ad estaba constituido por un m\u00e9dico y una enfermera del hospital. El \u00e1rea 4 tenia aproximadamente 500.000 habitantes y solo el 10% de la poblaci\u00f3n estaba atendida por la a. Primaria en centros de salud. La ad se oferto como un tipo de cuidados complementarios y no excluyentes con la hospitalizaci\u00f3n tradicional.  los datos fueron recogidos y resgistrados de forma sistem\u00e1tica y concurrente, de acuerdo a un protocolo de recogida de la informaci\u00f3n. No exist\u00eda grupo control. Al acabar el periodo de estudio se pas\u00f3 una encuesta de dise\u00f1o propio a los cuidadores, en relaci\u00f3n con su experiencia con la ad.  resultados  se incluyeron 144 pacientes, realiz\u00e1ndose un total de 233 intervenciones de ad. Se practicaron diferentes tipos de cuidados:  1,- cuidados paliativos en pacientes en situaci\u00f3n ter<\/p>\n<p>&nbsp;<\/p>\n<h3>Datos acad\u00e9micos de la tesis doctoral \u00ab<strong>Atenci\u00f3n domiciliaria para pacientes con infecci\u00f3n por vih. cuatro a\u00f1os de experiencia personal.<\/strong>\u00ab<\/h3>\n<ul>\n<li><strong>T\u00edtulo de la tesis:<\/strong>\u00a0 Atenci\u00f3n domiciliaria para pacientes con infecci\u00f3n por vih. cuatro a\u00f1os de experiencia personal. <\/li>\n<li><strong>Autor:<\/strong>\u00a0 Luis Buzon Rueda <\/li>\n<li><strong>Universidad:<\/strong>\u00a0 Aut\u00f3noma de Madrid<\/li>\n<li><strong>Fecha de lectura de la tesis:<\/strong>\u00a0 02\/06\/2001<\/li>\n<\/ul>\n<p>&nbsp;<\/p>\n<h3>Direcci\u00f3n y tribunal<\/h3>\n<ul>\n<li><strong>Director de la tesis<\/strong>\n<ul>\n<li> Mart\u00ednez L\u00f3pez De Letona Juan<\/li>\n<\/ul>\n<\/li>\n<li><strong>Tribunal<\/strong>\n<ul>\n<li>Presidente del tribunal: valent\u00edn Cuervas-mons mart\u00ednez <\/li>\n<li>Francisco Pardas vazquez (vocal)<\/li>\n<li>agust\u00edn Mu\u00f1oz sanz (vocal)<\/li>\n<li>Juli\u00e1n Ru\u00edz galiana (vocal)<\/li>\n<\/ul>\n<\/li>\n<\/ul>\n<p>&nbsp;<\/p>\n","protected":false},"excerpt":{"rendered":"<p>Tesis doctoral de Luis Buzon Rueda Introducci\u00f3n en Madrid a finales de la d\u00e9cada de los ochenta, el elevado n\u00famero [&hellip;]<\/p>\n","protected":false},"author":1,"featured_media":0,"comment_status":"open","ping_status":"open","sticky":false,"template":"","format":"standard","meta":{"site-sidebar-layout":"default","site-content-layout":"","ast-site-content-layout":"","site-content-style":"default","site-sidebar-style":"default","ast-global-header-display":"","ast-banner-title-visibility":"","ast-main-header-display":"","ast-hfb-above-header-display":"","ast-hfb-below-header-display":"","ast-hfb-mobile-header-display":"","site-post-title":"","ast-breadcrumbs-content":"","ast-featured-img":"","footer-sml-layout":"","theme-transparent-header-meta":"","adv-header-id-meta":"","stick-header-meta":"","header-above-stick-meta":"","header-main-stick-meta":"","header-below-stick-meta":"","astra-migrate-meta-layouts":"default","ast-page-background-enabled":"default","ast-page-background-meta":{"desktop":{"background-color":"var(--ast-global-color-4)","background-image":"","background-repeat":"repeat","background-position":"center center","background-size":"auto","background-attachment":"scroll","background-type":"","background-media":"","overlay-type":"","overlay-color":"","overlay-gradient":""},"tablet":{"background-color":"","background-image":"","background-repeat":"repeat","background-position":"center center","background-size":"auto","background-attachment":"scroll","background-type":"","background-media":"","overlay-type":"","overlay-color":"","overlay-gradient":""},"mobile":{"background-color":"","background-image":"","background-repeat":"repeat","background-position":"center center","background-size":"auto","background-attachment":"scroll","background-type":"","background-media":"","overlay-type":"","overlay-color":"","overlay-gradient":""}},"ast-content-background-meta":{"desktop":{"background-color":"var(--ast-global-color-5)","background-image":"","background-repeat":"repeat","background-position":"center center","background-size":"auto","background-attachment":"scroll","background-type":"","background-media":"","overlay-type":"","overlay-color":"","overlay-gradient":""},"tablet":{"background-color":"var(--ast-global-color-5)","background-image":"","background-repeat":"repeat","background-position":"center center","background-size":"auto","background-attachment":"scroll","background-type":"","background-media":"","overlay-type":"","overlay-color":"","overlay-gradient":""},"mobile":{"background-color":"var(--ast-global-color-5)","background-image":"","background-repeat":"repeat","background-position":"center center","background-size":"auto","background-attachment":"scroll","background-type":"","background-media":"","overlay-type":"","overlay-color":"","overlay-gradient":""}},"footnotes":""},"categories":[1],"tags":[36463,36462,36464,36461,7522,29649],"class_list":["post-11090","post","type-post","status-publish","format-standard","hentry","category-sin-categoria","tag-agustin-munoz-sanz","tag-francisco-pardas-vazquez","tag-julian-ruiz-galiana","tag-luis-buzon-rueda","tag-Martinez-lopez-de-letona-juan","tag-valentin-cuervas-mons-Martinez"],"_links":{"self":[{"href":"https:\/\/www.deberes.net\/tesis\/wp-json\/wp\/v2\/posts\/11090","targetHints":{"allow":["GET"]}}],"collection":[{"href":"https:\/\/www.deberes.net\/tesis\/wp-json\/wp\/v2\/posts"}],"about":[{"href":"https:\/\/www.deberes.net\/tesis\/wp-json\/wp\/v2\/types\/post"}],"author":[{"embeddable":true,"href":"https:\/\/www.deberes.net\/tesis\/wp-json\/wp\/v2\/users\/1"}],"replies":[{"embeddable":true,"href":"https:\/\/www.deberes.net\/tesis\/wp-json\/wp\/v2\/comments?post=11090"}],"version-history":[{"count":0,"href":"https:\/\/www.deberes.net\/tesis\/wp-json\/wp\/v2\/posts\/11090\/revisions"}],"wp:attachment":[{"href":"https:\/\/www.deberes.net\/tesis\/wp-json\/wp\/v2\/media?parent=11090"}],"wp:term":[{"taxonomy":"category","embeddable":true,"href":"https:\/\/www.deberes.net\/tesis\/wp-json\/wp\/v2\/categories?post=11090"},{"taxonomy":"post_tag","embeddable":true,"href":"https:\/\/www.deberes.net\/tesis\/wp-json\/wp\/v2\/tags?post=11090"}],"curies":[{"name":"wp","href":"https:\/\/api.w.org\/{rel}","templated":true}]}}