{"id":11091,"date":"2001-04-06T00:00:00","date_gmt":"2001-04-06T00:00:00","guid":{"rendered":"https:\/\/www.deberes.net\/tesis\/sin-categoria\/aspectos-linguisticos-en-la-obra-de-pedro-caba\/"},"modified":"2001-04-06T00:00:00","modified_gmt":"2001-04-06T00:00:00","slug":"aspectos-linguisticos-en-la-obra-de-pedro-caba","status":"publish","type":"post","link":"https:\/\/www.deberes.net\/tesis\/linguistica\/aspectos-linguisticos-en-la-obra-de-pedro-caba\/","title":{"rendered":"Aspectos linguisticos en la obra de pedro caba"},"content":{"rendered":"<h2>Tesis doctoral de <strong> Marcelino Cotilla Vaca <\/strong><\/h2>\n<p>Se identifican los rangos que conforman la personalidad y la obra del fil\u00f3sofo y ensayista pedro caba. Partimos del influjo directo que sobre este autor ejerce la generaci\u00f3n novecentista, asi como las principales corrientes del pensamiento europeo de mediados de siglo xx.  a trav\u00e9s de los puntos fundamentales de su pensamiento, empezamos a desglosar cada uno de los elementos linguisticos rese\u00f1ables.  se encuentran planteados en cuatro partes. Formacion de palabras (derivacion, composici\u00f3n, parasintesis, acronimos y cruces), otros aspectos l\u00e9xicos (arca\u00edsmos, coloquialismos, dialectalismos, barbarismos, cultismos y tecnicismos), otros aspectos sem\u00e1nticos(recursos ret\u00f3ricos, desplazamientos, juegos etimol\u00f3gicos) y otros aspectos sint\u00e1cticos (oracionales, textuales, coloquiales y de indole fraseol\u00f3gica). Se observa la conjunci\u00f3n entre elementos de impronta culta y cientificistas con otros de indole popular.  los elementos linguisticos desarrollan los rasgos tem\u00e1ticos planteados. a traves de ellos llegamos a la conclusi\u00f3n de que nos encontramos ante un autor plenamente literario, independientemente del genero y el talante de cada obra concreta.<\/p>\n<p>&nbsp;<\/p>\n<h3>Datos acad\u00e9micos de la tesis doctoral \u00ab<strong>Aspectos linguisticos en la obra de pedro caba<\/strong>\u00ab<\/h3>\n<ul>\n<li><strong>T\u00edtulo de la tesis:<\/strong>\u00a0 Aspectos linguisticos en la obra de pedro caba <\/li>\n<li><strong>Autor:<\/strong>\u00a0 Marcelino Cotilla Vaca <\/li>\n<li><strong>Universidad:<\/strong>\u00a0 Extremadura<\/li>\n<li><strong>Fecha de lectura de la tesis:<\/strong>\u00a0 04\/06\/2001<\/li>\n<\/ul>\n<p>&nbsp;<\/p>\n<h3>Direcci\u00f3n y tribunal<\/h3>\n<ul>\n<li><strong>Director de la tesis<\/strong>\n<ul>\n<li>Miguel \u00e1ngel Rebollo Tor\u00edo<\/li>\n<\/ul>\n<\/li>\n<li><strong>Tribunal<\/strong>\n<ul>\n<li>Presidente del tribunal: Antonio Narbona jim\u00e9nez <\/li>\n<li>Jos\u00e9 Manuel Gonz\u00e1lez calvo (vocal)<\/li>\n<li>Manuel Ariza viguera (vocal)<\/li>\n<li>Mar\u00eda  de los angeles Hermosilla  alvarez (vocal)<\/li>\n<\/ul>\n<\/li>\n<\/ul>\n<p>&nbsp;<\/p>\n","protected":false},"excerpt":{"rendered":"<p>Tesis doctoral de Marcelino Cotilla Vaca Se identifican los rangos que conforman la personalidad y la obra del fil\u00f3sofo y [&hellip;]<\/p>\n","protected":false},"author":1,"featured_media":0,"comment_status":"open","ping_status":"open","sticky":false,"template":"","format":"standard","meta":{"site-sidebar-layout":"default","site-content-layout":"","ast-site-content-layout":"","site-content-style":"default","site-sidebar-style":"default","ast-global-header-display":"","ast-banner-title-visibility":"","ast-main-header-display":"","ast-hfb-above-header-display":"","ast-hfb-below-header-display":"","ast-hfb-mobile-header-display":"","site-post-title":"","ast-breadcrumbs-content":"","ast-featured-img":"","footer-sml-layout":"","theme-transparent-header-meta":"","adv-header-id-meta":"","stick-header-meta":"","header-above-stick-meta":"","header-main-stick-meta":"","header-below-stick-meta":"","astra-migrate-meta-layouts":"default","ast-page-background-enabled":"default","ast-page-background-meta":{"desktop":{"background-color":"var(--ast-global-color-4)","background-image":"","background-repeat":"repeat","background-position":"center center","background-size":"auto","background-attachment":"scroll","background-type":"","background-media":"","overlay-type":"","overlay-color":"","overlay-gradient":""},"tablet":{"background-color":"","background-image":"","background-repeat":"repeat","background-position":"center center","background-size":"auto","background-attachment":"scroll","background-type":"","background-media":"","overlay-type":"","overlay-color":"","overlay-gradient":""},"mobile":{"background-color":"","background-image":"","background-repeat":"repeat","background-position":"center center","background-size":"auto","background-attachment":"scroll","background-type":"","background-media":"","overlay-type":"","overlay-color":"","overlay-gradient":""}},"ast-content-background-meta":{"desktop":{"background-color":"var(--ast-global-color-5)","background-image":"","background-repeat":"repeat","background-position":"center center","background-size":"auto","background-attachment":"scroll","background-type":"","background-media":"","overlay-type":"","overlay-color":"","overlay-gradient":""},"tablet":{"background-color":"var(--ast-global-color-5)","background-image":"","background-repeat":"repeat","background-position":"center center","background-size":"auto","background-attachment":"scroll","background-type":"","background-media":"","overlay-type":"","overlay-color":"","overlay-gradient":""},"mobile":{"background-color":"var(--ast-global-color-5)","background-image":"","background-repeat":"repeat","background-position":"center center","background-size":"auto","background-attachment":"scroll","background-type":"","background-media":"","overlay-type":"","overlay-color":"","overlay-gradient":""}},"footnotes":""},"categories":[3925,949,2301,59,62,886,980],"tags":[21472,19503,7909,36465,36466,19502],"class_list":["post-11091","post","type-post","status-publish","format-standard","hentry","category-estilo-y-retorica","category-extremadura","category-lexicografia","category-linguistica","category-linguistica-sincronica","category-semantica","category-semiologia","tag-antonio-narbona-jimenez","tag-jose-manuel-gonzalez-calvo","tag-manuel-ariza-viguera","tag-marcelino-cotilla-vaca","tag-maria-de-los-angeles-hermosilla-alvarez","tag-miguel-angel-rebollo-torio"],"_links":{"self":[{"href":"https:\/\/www.deberes.net\/tesis\/wp-json\/wp\/v2\/posts\/11091","targetHints":{"allow":["GET"]}}],"collection":[{"href":"https:\/\/www.deberes.net\/tesis\/wp-json\/wp\/v2\/posts"}],"about":[{"href":"https:\/\/www.deberes.net\/tesis\/wp-json\/wp\/v2\/types\/post"}],"author":[{"embeddable":true,"href":"https:\/\/www.deberes.net\/tesis\/wp-json\/wp\/v2\/users\/1"}],"replies":[{"embeddable":true,"href":"https:\/\/www.deberes.net\/tesis\/wp-json\/wp\/v2\/comments?post=11091"}],"version-history":[{"count":0,"href":"https:\/\/www.deberes.net\/tesis\/wp-json\/wp\/v2\/posts\/11091\/revisions"}],"wp:attachment":[{"href":"https:\/\/www.deberes.net\/tesis\/wp-json\/wp\/v2\/media?parent=11091"}],"wp:term":[{"taxonomy":"category","embeddable":true,"href":"https:\/\/www.deberes.net\/tesis\/wp-json\/wp\/v2\/categories?post=11091"},{"taxonomy":"post_tag","embeddable":true,"href":"https:\/\/www.deberes.net\/tesis\/wp-json\/wp\/v2\/tags?post=11091"}],"curies":[{"name":"wp","href":"https:\/\/api.w.org\/{rel}","templated":true}]}}