{"id":110922,"date":"2018-03-11T10:37:15","date_gmt":"2018-03-11T10:37:15","guid":{"rendered":"https:\/\/www.deberes.net\/tesis\/sin-categoria\/la-guarda-y-custodia-de-los-hijos-en-las-crisis-matrimoniales\/"},"modified":"2018-03-11T10:37:15","modified_gmt":"2018-03-11T10:37:15","slug":"la-guarda-y-custodia-de-los-hijos-en-las-crisis-matrimoniales","status":"publish","type":"post","link":"https:\/\/www.deberes.net\/tesis\/cordoba\/la-guarda-y-custodia-de-los-hijos-en-las-crisis-matrimoniales\/","title":{"rendered":"La guarda y custodia de los hijos en las crisis matrimoniales"},"content":{"rendered":"<h2>Tesis doctoral de <strong> Bernardo Eugenio Cruz Gallardo <\/strong><\/h2>\n<p>El motivo de elaborar la tesis doctoral sobre la guarda y custodia de los hijos en las crisis matrimoniales, no ha sido otro que buscar respuestas para las cuestiones jur\u00eddicas suscitadas por la doctrina y la jurisprudencia en la interpretaci\u00f3n de la ley, al analizar los diferentes reg\u00edmenes de convivencia entre progenitores e hijos, y la organizaci\u00f3n de los elementos comunes (guarda y custodia, alimentos, vivienda y derecho de visita) derivados de aquella, a fin de favorecer el inter\u00e9s del menor en la nueva situaci\u00f3n familiar, para el desarrollo de la personalidad.   con tal prop\u00f3sito hemos analizado el valor jur\u00eddico que la doctrina de autores y la jurisprudencia atribuyen a la guarda y custodia. Funci\u00f3n que trasciende al \u00e1mbito privado, y exige un ejercicio obligatorio y no meramente facultativo, bajo los principios de corresponsabilidad parental y coparentalidad. Su ejercicio difiere durante la normalidad matrimonial de la acaecida tras la ruptura matrimonial.   el acento pr\u00e1ctico del trabajo lo ha puesto el estudio de las resoluciones judiciales analizas sobre la relaci\u00f3n parental. Muestran como se ha fraguado en espa\u00f1a -fundamentalmente a lo largo de los a\u00f1os noventa del siglo anterior y en el primer lustro del siglo actual-, el criterio judicial definido en la reforma del c\u00f3digo civil propiciada por la ley 11\/1981, de 13 de mayo sobre los efectos que produce la ruptura matrimonial en los hijos menores de edad, consistente en la protecci\u00f3n del inter\u00e9s superior del menor y el ejercicio de la patria potestad por los progenitores en un plano de igualdad.   el trabajo se compone de cinco cap\u00edtulos, divididos en cuatro grandes bloques: el inter\u00e9s del menor; la guarda y custodia exclusiva o unilateral de los hijos; la guarda y custodia compartida, y finalmente la guarda y custodia ejercida excepcionalmente por terceras personas.  \tel inter\u00e9s superior del menor es un concepto jur\u00eddico indeterminado, en constante transformaci\u00f3n social, informador de la legislaci\u00f3n de derecho de familia y de la relaci\u00f3n paterno-filial, y por su relevancia hemos cre\u00eddo conveniente dedicarle el cap\u00edtulo segundo del trabajo.   \tla funci\u00f3n de guarda y custodia -eje central del trabajo-, y las materias relacionadas con ella (alimentos, vivienda, derecho de visita, responsabilidad extracontractual) estudiadas en tres cap\u00edtulos corroboran que la instituci\u00f3n de la patria potestad actualmente es una funci\u00f3n compleja, y las decisiones adoptadas exigen a la previa audiencia de los hijos en los asuntos que les afecten, de acuerdo con su personalidad y respetando su integridad f\u00edsica y psicol\u00f3gica. El primer cap\u00edtulo, a modo de introducci\u00f3n, comienza con el an\u00e1lisis de la evoluci\u00f3n cronol\u00f3gica reciente de esta funci\u00f3n en el derecho positivo; al estudio de cada uno de los elementos subjetivos (progenitores, hijos, abuelos, juez, ministerio fiscal, y especialistas) y formales (el convenio regulador y la sentencia) que intervienen en la funci\u00f3n parental, y finalmente los diferentes reg\u00edmenes de convivencia y modos de ejercicio de la patria potestad.   el cap\u00edtulo tercero -el m\u00e1s extenso-, dedicado al an\u00e1lisis de la funci\u00f3n de guarda y custodia exclusiva o unilateral, hace hincapi\u00e9 en la participaci\u00f3n del progenitor no custodio en la responsabilidad parental mediante la vigilancia, el control y la colaboraci\u00f3n con el otro progenitor. En este cap\u00edtulo hemos desarrollado el estudio de materias \u00edntimamente ligadas a la funci\u00f3n de guarda y custodia que afectan a los hijos, motivado por la preferencia que otorga el c\u00f3digo civil a este r\u00e9gimen de convivencia frente a la custodia compartida. Al contrario de lo regulado en el c\u00f3digo civil de catalu\u00f1a -aprobado por ley 25\/2010, de 29 de julio, reguladora del libro segundo del c\u00f3digo civil de catalu\u00f1a, relativo a la persona y la familia- y en la ley 2\/2010, de 26 de mayo, de igualdad en las relaciones familiares ante la ruptura de convivencia de los padres de la comunidad aut\u00f3noma de arag\u00f3n, que conceden a la custodia compartida el protagonismo legal que merece. El cap\u00edtulo cuarto pretende articular el r\u00e9gimen de guarda y custodia compartida, especialmente al amparo del an\u00e1lisis de la ley 15\/2005 de 15 de julio. El cap\u00edtulo quinto y \u00faltimo, versa sobre la figura excepcional del guardador familiar, advertimos la necesidad de regular su funci\u00f3n de atenci\u00f3n y cuidado de los hijos, en forma compatible con el titular de la patria potestad, bajo el control judicial.<\/p>\n<p>&nbsp;<\/p>\n<h3>Datos acad\u00e9micos de la tesis doctoral \u00ab<strong>La guarda y custodia de los hijos en las crisis matrimoniales<\/strong>\u00ab<\/h3>\n<ul>\n<li><strong>T\u00edtulo de la tesis:<\/strong>\u00a0 La guarda y custodia de los hijos en las crisis matrimoniales <\/li>\n<li><strong>Autor:<\/strong>\u00a0 Bernardo Eugenio Cruz Gallardo <\/li>\n<li><strong>Universidad:<\/strong>\u00a0 C\u00f3rdoba<\/li>\n<li><strong>Fecha de lectura de la tesis:<\/strong>\u00a0 16\/09\/2011<\/li>\n<\/ul>\n<p>&nbsp;<\/p>\n<h3>Direcci\u00f3n y tribunal<\/h3>\n<ul>\n<li><strong>Director de la tesis<\/strong>\n<ul>\n<li>Ignacio Gallego Dom\u00ednguez<\/li>\n<\/ul>\n<\/li>\n<li><strong>Tribunal<\/strong>\n<ul>\n<li>Presidente del tribunal: Jos\u00e9 manuel Gonzalez porras <\/li>\n<li>Luis Javier Gutierrez jerez (vocal)<\/li>\n<li>cristina de Amunategui rodriguez (vocal)<\/li>\n<li>Jos\u00e9 Perez de vargas mu\u00f1oz (vocal)<\/li>\n<\/ul>\n<\/li>\n<\/ul>\n<p>&nbsp;<\/p>\n","protected":false},"excerpt":{"rendered":"<p>Tesis doctoral de Bernardo Eugenio Cruz Gallardo El motivo de elaborar la tesis doctoral sobre la guarda y custodia de [&hellip;]<\/p>\n","protected":false},"author":1,"featured_media":0,"comment_status":"open","ping_status":"open","sticky":false,"template":"","format":"standard","meta":{"site-sidebar-layout":"default","site-content-layout":"","ast-site-content-layout":"","site-content-style":"default","site-sidebar-style":"default","ast-global-header-display":"","ast-banner-title-visibility":"","ast-main-header-display":"","ast-hfb-above-header-display":"","ast-hfb-below-header-display":"","ast-hfb-mobile-header-display":"","site-post-title":"","ast-breadcrumbs-content":"","ast-featured-img":"","footer-sml-layout":"","theme-transparent-header-meta":"","adv-header-id-meta":"","stick-header-meta":"","header-above-stick-meta":"","header-main-stick-meta":"","header-below-stick-meta":"","astra-migrate-meta-layouts":"default","ast-page-background-enabled":"default","ast-page-background-meta":{"desktop":{"background-color":"var(--ast-global-color-4)","background-image":"","background-repeat":"repeat","background-position":"center center","background-size":"auto","background-attachment":"scroll","background-type":"","background-media":"","overlay-type":"","overlay-color":"","overlay-gradient":""},"tablet":{"background-color":"","background-image":"","background-repeat":"repeat","background-position":"center center","background-size":"auto","background-attachment":"scroll","background-type":"","background-media":"","overlay-type":"","overlay-color":"","overlay-gradient":""},"mobile":{"background-color":"","background-image":"","background-repeat":"repeat","background-position":"center center","background-size":"auto","background-attachment":"scroll","background-type":"","background-media":"","overlay-type":"","overlay-color":"","overlay-gradient":""}},"ast-content-background-meta":{"desktop":{"background-color":"var(--ast-global-color-5)","background-image":"","background-repeat":"repeat","background-position":"center center","background-size":"auto","background-attachment":"scroll","background-type":"","background-media":"","overlay-type":"","overlay-color":"","overlay-gradient":""},"tablet":{"background-color":"var(--ast-global-color-5)","background-image":"","background-repeat":"repeat","background-position":"center center","background-size":"auto","background-attachment":"scroll","background-type":"","background-media":"","overlay-type":"","overlay-color":"","overlay-gradient":""},"mobile":{"background-color":"var(--ast-global-color-5)","background-image":"","background-repeat":"repeat","background-position":"center center","background-size":"auto","background-attachment":"scroll","background-type":"","background-media":"","overlay-type":"","overlay-color":"","overlay-gradient":""}},"footnotes":""},"categories":[973,1251],"tags":[221221,101984,20822,5642,40648,76531],"class_list":["post-110922","post","type-post","status-publish","format-standard","hentry","category-cordoba","category-derecho-civil","tag-bernardo-eugenio-cruz-gallardo","tag-cristina-de-amunategui-rodriguez","tag-ignacio-gallego-dominguez","tag-jose-manuel-gonzalez-porras","tag-jose-perez-de-vargas-munoz","tag-luis-javier-gutierrez-jerez"],"_links":{"self":[{"href":"https:\/\/www.deberes.net\/tesis\/wp-json\/wp\/v2\/posts\/110922","targetHints":{"allow":["GET"]}}],"collection":[{"href":"https:\/\/www.deberes.net\/tesis\/wp-json\/wp\/v2\/posts"}],"about":[{"href":"https:\/\/www.deberes.net\/tesis\/wp-json\/wp\/v2\/types\/post"}],"author":[{"embeddable":true,"href":"https:\/\/www.deberes.net\/tesis\/wp-json\/wp\/v2\/users\/1"}],"replies":[{"embeddable":true,"href":"https:\/\/www.deberes.net\/tesis\/wp-json\/wp\/v2\/comments?post=110922"}],"version-history":[{"count":0,"href":"https:\/\/www.deberes.net\/tesis\/wp-json\/wp\/v2\/posts\/110922\/revisions"}],"wp:attachment":[{"href":"https:\/\/www.deberes.net\/tesis\/wp-json\/wp\/v2\/media?parent=110922"}],"wp:term":[{"taxonomy":"category","embeddable":true,"href":"https:\/\/www.deberes.net\/tesis\/wp-json\/wp\/v2\/categories?post=110922"},{"taxonomy":"post_tag","embeddable":true,"href":"https:\/\/www.deberes.net\/tesis\/wp-json\/wp\/v2\/tags?post=110922"}],"curies":[{"name":"wp","href":"https:\/\/api.w.org\/{rel}","templated":true}]}}