{"id":110939,"date":"2018-03-11T10:37:15","date_gmt":"2018-03-11T10:37:15","guid":{"rendered":"https:\/\/www.deberes.net\/tesis\/sin-categoria\/marco-de-referencia-para-diseno-y-dimensionamiento-de-los-recursos-humanos-en-la-infraestructura-de-tecnologa%c2%adas-de-la-informacion-y-comunicaciones\/"},"modified":"2018-03-11T10:37:15","modified_gmt":"2018-03-11T10:37:15","slug":"marco-de-referencia-para-diseno-y-dimensionamiento-de-los-recursos-humanos-en-la-infraestructura-de-tecnologa%c2%adas-de-la-informacion-y-comunicaciones","status":"publish","type":"post","link":"https:\/\/www.deberes.net\/tesis\/tecnologia-de-las-telecomunicaciones\/marco-de-referencia-para-diseno-y-dimensionamiento-de-los-recursos-humanos-en-la-infraestructura-de-tecnologa%c2%adas-de-la-informacion-y-comunicaciones\/","title":{"rendered":"Marco de referencia para dise\u00f1o y dimensionamiento de los recursos humanos en la infraestructura de tecnolog\u00edas de la informaci\u00f3n y comunicaciones"},"content":{"rendered":"<h2>Tesis doctoral de <strong> Pedro Juan Baquero P\u00e9rez <\/strong><\/h2>\n<p>Se pretende desarrollar un conjunto de modelos de una organizaci\u00f3n de tecnolog\u00edas de la informaci\u00f3n y comunicaciones, que sirva como harramientas para su dise\u00f1o. Se configura en tres modelos: modelos organizativo, din\u00e1mico y tecnol\u00f3gico. Adem\u00e1s, se aplica la simulaci\u00f3n de sistemas de elementos discretos (des) y la l\u00f3gica borrosa para el dimensionamiento de los recursos humanos que operan en una infraestructura de este tipo. Por \u00faltimo, se desarrolla un m\u00e9todo de dimensionamiento de los recursos humanos a partir de ensayos emp\u00edricos basados en la simulaci\u00f3n des.<\/p>\n<p>&nbsp;<\/p>\n<h3>Datos acad\u00e9micos de la tesis doctoral \u00ab<strong>Marco de referencia para dise\u00f1o y dimensionamiento de los recursos humanos en la infraestructura de tecnolog\u00edas de la informaci\u00f3n y comunicaciones<\/strong>\u00ab<\/h3>\n<ul>\n<li><strong>T\u00edtulo de la tesis:<\/strong>\u00a0 Marco de referencia para dise\u00f1o y dimensionamiento de los recursos humanos en la infraestructura de tecnolog\u00edas de la informaci\u00f3n y comunicaciones <\/li>\n<li><strong>Autor:<\/strong>\u00a0 Pedro Juan Baquero P\u00e9rez <\/li>\n<li><strong>Universidad:<\/strong>\u00a0 La laguna<\/li>\n<li><strong>Fecha de lectura de la tesis:<\/strong>\u00a0 19\/09\/2011<\/li>\n<\/ul>\n<p>&nbsp;<\/p>\n<h3>Direcci\u00f3n y tribunal<\/h3>\n<ul>\n<li><strong>Director de la tesis<\/strong>\n<ul>\n<li>Rosa Mar\u00eda Aguilar Chinea<\/li>\n<\/ul>\n<\/li>\n<li><strong>Tribunal<\/strong>\n<ul>\n<li>Presidente del tribunal: lorenzo Moreno ruiz <\/li>\n<li>Jos\u00e9 Juan Hern\u00e1ndez cabrera (vocal)<\/li>\n<li>Carlos Suarez rey (vocal)<\/li>\n<li>Jaime Bonache p\u00e9rez (vocal)<\/li>\n<\/ul>\n<\/li>\n<\/ul>\n<p>&nbsp;<\/p>\n","protected":false},"excerpt":{"rendered":"<p>Tesis doctoral de Pedro Juan Baquero P\u00e9rez Se pretende desarrollar un conjunto de modelos de una organizaci\u00f3n de tecnolog\u00edas de [&hellip;]<\/p>\n","protected":false},"author":1,"featured_media":0,"comment_status":"open","ping_status":"open","sticky":false,"template":"","format":"standard","meta":{"site-sidebar-layout":"default","site-content-layout":"","ast-site-content-layout":"","site-content-style":"default","site-sidebar-style":"default","ast-global-header-display":"","ast-banner-title-visibility":"","ast-main-header-display":"","ast-hfb-above-header-display":"","ast-hfb-below-header-display":"","ast-hfb-mobile-header-display":"","site-post-title":"","ast-breadcrumbs-content":"","ast-featured-img":"","footer-sml-layout":"","theme-transparent-header-meta":"","adv-header-id-meta":"","stick-header-meta":"","header-above-stick-meta":"","header-main-stick-meta":"","header-below-stick-meta":"","astra-migrate-meta-layouts":"default","ast-page-background-enabled":"default","ast-page-background-meta":{"desktop":{"background-color":"var(--ast-global-color-4)","background-image":"","background-repeat":"repeat","background-position":"center center","background-size":"auto","background-attachment":"scroll","background-type":"","background-media":"","overlay-type":"","overlay-color":"","overlay-gradient":""},"tablet":{"background-color":"","background-image":"","background-repeat":"repeat","background-position":"center center","background-size":"auto","background-attachment":"scroll","background-type":"","background-media":"","overlay-type":"","overlay-color":"","overlay-gradient":""},"mobile":{"background-color":"","background-image":"","background-repeat":"repeat","background-position":"center center","background-size":"auto","background-attachment":"scroll","background-type":"","background-media":"","overlay-type":"","overlay-color":"","overlay-gradient":""}},"ast-content-background-meta":{"desktop":{"background-color":"var(--ast-global-color-5)","background-image":"","background-repeat":"repeat","background-position":"center center","background-size":"auto","background-attachment":"scroll","background-type":"","background-media":"","overlay-type":"","overlay-color":"","overlay-gradient":""},"tablet":{"background-color":"var(--ast-global-color-5)","background-image":"","background-repeat":"repeat","background-position":"center center","background-size":"auto","background-attachment":"scroll","background-type":"","background-media":"","overlay-type":"","overlay-color":"","overlay-gradient":""},"mobile":{"background-color":"var(--ast-global-color-5)","background-image":"","background-repeat":"repeat","background-position":"center center","background-size":"auto","background-attachment":"scroll","background-type":"","background-media":"","overlay-type":"","overlay-color":"","overlay-gradient":""}},"footnotes":""},"categories":[7570,13880,9915,13227,2489],"tags":[88686,71072,203181,10253,221246,212608],"class_list":["post-110939","post","type-post","status-publish","format-standard","hentry","category-gestion-de-recursos-humanos","category-informatica","category-la-laguna","category-simulacion","category-tecnologia-de-las-telecomunicaciones","tag-carlos-suarez-rey","tag-jaime-bonache-perez","tag-jose-juan-hernandez-cabrera","tag-lorenzo-moreno-ruiz","tag-pedro-juan-baquero-perez","tag-rosa-maria-aguilar-chinea"],"_links":{"self":[{"href":"https:\/\/www.deberes.net\/tesis\/wp-json\/wp\/v2\/posts\/110939","targetHints":{"allow":["GET"]}}],"collection":[{"href":"https:\/\/www.deberes.net\/tesis\/wp-json\/wp\/v2\/posts"}],"about":[{"href":"https:\/\/www.deberes.net\/tesis\/wp-json\/wp\/v2\/types\/post"}],"author":[{"embeddable":true,"href":"https:\/\/www.deberes.net\/tesis\/wp-json\/wp\/v2\/users\/1"}],"replies":[{"embeddable":true,"href":"https:\/\/www.deberes.net\/tesis\/wp-json\/wp\/v2\/comments?post=110939"}],"version-history":[{"count":0,"href":"https:\/\/www.deberes.net\/tesis\/wp-json\/wp\/v2\/posts\/110939\/revisions"}],"wp:attachment":[{"href":"https:\/\/www.deberes.net\/tesis\/wp-json\/wp\/v2\/media?parent=110939"}],"wp:term":[{"taxonomy":"category","embeddable":true,"href":"https:\/\/www.deberes.net\/tesis\/wp-json\/wp\/v2\/categories?post=110939"},{"taxonomy":"post_tag","embeddable":true,"href":"https:\/\/www.deberes.net\/tesis\/wp-json\/wp\/v2\/tags?post=110939"}],"curies":[{"name":"wp","href":"https:\/\/api.w.org\/{rel}","templated":true}]}}