{"id":110981,"date":"2018-03-11T10:37:15","date_gmt":"2018-03-11T10:37:15","guid":{"rendered":"https:\/\/www.deberes.net\/tesis\/sin-categoria\/atencion-selectiva-como-mecanismo-de-regulacion-emocioal-y-factor-de-vulnerabilidad-a-la-depresion\/"},"modified":"2018-03-11T10:37:15","modified_gmt":"2018-03-11T10:37:15","slug":"atencion-selectiva-como-mecanismo-de-regulacion-emocioal-y-factor-de-vulnerabilidad-a-la-depresion","status":"publish","type":"post","link":"https:\/\/www.deberes.net\/tesis\/psicologia\/atencion-selectiva-como-mecanismo-de-regulacion-emocioal-y-factor-de-vulnerabilidad-a-la-depresion\/","title":{"rendered":"Atenci\u00f3n selectiva como mecanismo de regulaci\u00f3n emocioal y factor de  vulnerabilidad a la depresi\u00f3n."},"content":{"rendered":"<h2>Tesis doctoral de <strong> Alvaro Sanchez Lopez <\/strong><\/h2>\n<p>En este trabajo se analiz\u00f3 el papel de diferentes pautas de atenci\u00f3n selectiva como posibles mecanismos de regulaci\u00f3n emocional, y, a su vez, se consider\u00f3 el papel de dichos patrones atencionales en el desarrollo y\/o mantenimiento de la depresi\u00f3n. ju nto a un estudio de validaci\u00f3n de los est\u00edmulos experimentales empleados en el trabajo (estudio 1), \u00e9ste consta de otros dos estudios.  se presenta un estudio 2 con una muestra de estudiantes universitarios en el cual se evaluaron varios aspectos ref eridos a la relaci\u00f3n de los mecanismos de atenci\u00f3n selectiva con factores de vulnerabilidad a la depresi\u00f3n, as\u00ed como su posible papel como mecanismos de regulaci\u00f3n emocional. El estudio se compuso de tres fases diferentes de investigaci\u00f3n, dos de tip o experimental y otra en la que se realizaron an\u00e1lisis mediante dise\u00f1os de tipo tanto transversal como longitudinal. finalmente, se presenta un estudio 3 con una muestra cl\u00ednica. Este estudio permiti\u00f3 verificar la similitud de los sesgos atencionales  observados en personas vulnerables en el estudio 2 en personas cl\u00ednicamente deprimidas. Este \u00faltimo estudio tambi\u00e9n permiti\u00f3 analizar el papel de los sesgos atencionales como mecanismos de regulaci\u00f3n emocional ante una condici\u00f3n experimental de estr \u00e9s inducido. los resultados muestran que el estilo atencional caracter\u00edstico de las personas no vulnerables a deprimirse se caracteriza por sesgos atencionales a expresiones de alegr\u00eda y, en algunas ocasiones, a evitar atender a expresiones de enfado  y tristeza. La funcionalidad de estas pautas se estableci\u00f3 a trav\u00e9s de su papel predictor de mejores respuestas de regulaci\u00f3n emocional tras una inducci\u00f3n negativa y tras una inducci\u00f3n de estr\u00e9s, as\u00ed como por su influencia en el mantenimiento de est ados de \u00e1nimo alegres. Un factor de vulnerabilidad a la depresi\u00f3n asociado a la reducci\u00f3n de estas pautas adaptativas o funcionales fue la presencia de esquemas negativos latentes, mientras que otros factores como el estilo rumiativo parecen estar m\u00e1 s asociados con la presencia de los sesgos negativos caracter\u00edsticos en la depresi\u00f3n. Mediante sistemas de registro de movimientos oculares ha sido posible analizar con mayor precisi\u00f3n la naturaleza de esos sesgos, encontr\u00e1ndose pautas sesgadas de ma yor atenci\u00f3n sosotenida y dificultades de desenganche de expresiones negativas. Este tipo de sesgos parecen ser marcadores estables de vulnerabilidad, produci\u00e9ndose incluso en personas vulnerables pero que nunca han desarrollado un episodio depresivo<\/p>\n<p>&nbsp;<\/p>\n<h3>Datos acad\u00e9micos de la tesis doctoral \u00ab<strong>Atenci\u00f3n selectiva como mecanismo de regulaci\u00f3n emocioal y factor de  vulnerabilidad a la depresi\u00f3n.<\/strong>\u00ab<\/h3>\n<ul>\n<li><strong>T\u00edtulo de la tesis:<\/strong>\u00a0 Atenci\u00f3n selectiva como mecanismo de regulaci\u00f3n emocioal y factor de  vulnerabilidad a la depresi\u00f3n. <\/li>\n<li><strong>Autor:<\/strong>\u00a0 Alvaro Sanchez Lopez <\/li>\n<li><strong>Universidad:<\/strong>\u00a0 Complutense de Madrid<\/li>\n<li><strong>Fecha de lectura de la tesis:<\/strong>\u00a0 22\/09\/2011<\/li>\n<\/ul>\n<p>&nbsp;<\/p>\n<h3>Direcci\u00f3n y tribunal<\/h3>\n<ul>\n<li><strong>Director de la tesis<\/strong>\n<ul>\n<li>Mar\u00eda Carmen Valiente Ots<\/li>\n<\/ul>\n<\/li>\n<li><strong>Tribunal<\/strong>\n<ul>\n<li>Presidente del tribunal: Jes\u00fas Sanz fernandez <\/li>\n<li>rosa Mar\u00eda Ba\u00f1os rivera (vocal)<\/li>\n<li>Mar\u00eda  teresa Bajo molina (vocal)<\/li>\n<li>cristina Botella arbona (vocal)<\/li>\n<\/ul>\n<\/li>\n<\/ul>\n<p>&nbsp;<\/p>\n","protected":false},"excerpt":{"rendered":"<p>Tesis doctoral de Alvaro Sanchez Lopez En este trabajo se analiz\u00f3 el papel de diferentes pautas de atenci\u00f3n selectiva como [&hellip;]<\/p>\n","protected":false},"author":1,"featured_media":0,"comment_status":"open","ping_status":"open","sticky":false,"template":"","format":"standard","meta":{"site-sidebar-layout":"default","site-content-layout":"","ast-site-content-layout":"","site-content-style":"default","site-sidebar-style":"default","ast-global-header-display":"","ast-banner-title-visibility":"","ast-main-header-display":"","ast-hfb-above-header-display":"","ast-hfb-below-header-display":"","ast-hfb-mobile-header-display":"","site-post-title":"","ast-breadcrumbs-content":"","ast-featured-img":"","footer-sml-layout":"","theme-transparent-header-meta":"","adv-header-id-meta":"","stick-header-meta":"","header-above-stick-meta":"","header-main-stick-meta":"","header-below-stick-meta":"","astra-migrate-meta-layouts":"default","ast-page-background-enabled":"default","ast-page-background-meta":{"desktop":{"background-color":"var(--ast-global-color-4)","background-image":"","background-repeat":"repeat","background-position":"center center","background-size":"auto","background-attachment":"scroll","background-type":"","background-media":"","overlay-type":"","overlay-color":"","overlay-gradient":""},"tablet":{"background-color":"","background-image":"","background-repeat":"repeat","background-position":"center center","background-size":"auto","background-attachment":"scroll","background-type":"","background-media":"","overlay-type":"","overlay-color":"","overlay-gradient":""},"mobile":{"background-color":"","background-image":"","background-repeat":"repeat","background-position":"center center","background-size":"auto","background-attachment":"scroll","background-type":"","background-media":"","overlay-type":"","overlay-color":"","overlay-gradient":""}},"ast-content-background-meta":{"desktop":{"background-color":"var(--ast-global-color-5)","background-image":"","background-repeat":"repeat","background-position":"center center","background-size":"auto","background-attachment":"scroll","background-type":"","background-media":"","overlay-type":"","overlay-color":"","overlay-gradient":""},"tablet":{"background-color":"var(--ast-global-color-5)","background-image":"","background-repeat":"repeat","background-position":"center center","background-size":"auto","background-attachment":"scroll","background-type":"","background-media":"","overlay-type":"","overlay-color":"","overlay-gradient":""},"mobile":{"background-color":"var(--ast-global-color-5)","background-image":"","background-repeat":"repeat","background-position":"center center","background-size":"auto","background-attachment":"scroll","background-type":"","background-media":"","overlay-type":"","overlay-color":"","overlay-gradient":""}},"footnotes":""},"categories":[986,324],"tags":[221313,12122,5450,221314,14557,12124],"class_list":["post-110981","post","type-post","status-publish","format-standard","hentry","category-complutense-de-madrid","category-psicologia","tag-alvaro-sanchez-lopez","tag-cristina-botella-arbona","tag-jesus-sanz-fernandez","tag-maria-carmen-valiente-ots","tag-maria-teresa-bajo-molina","tag-rosa-maria-banos-rivera"],"_links":{"self":[{"href":"https:\/\/www.deberes.net\/tesis\/wp-json\/wp\/v2\/posts\/110981","targetHints":{"allow":["GET"]}}],"collection":[{"href":"https:\/\/www.deberes.net\/tesis\/wp-json\/wp\/v2\/posts"}],"about":[{"href":"https:\/\/www.deberes.net\/tesis\/wp-json\/wp\/v2\/types\/post"}],"author":[{"embeddable":true,"href":"https:\/\/www.deberes.net\/tesis\/wp-json\/wp\/v2\/users\/1"}],"replies":[{"embeddable":true,"href":"https:\/\/www.deberes.net\/tesis\/wp-json\/wp\/v2\/comments?post=110981"}],"version-history":[{"count":0,"href":"https:\/\/www.deberes.net\/tesis\/wp-json\/wp\/v2\/posts\/110981\/revisions"}],"wp:attachment":[{"href":"https:\/\/www.deberes.net\/tesis\/wp-json\/wp\/v2\/media?parent=110981"}],"wp:term":[{"taxonomy":"category","embeddable":true,"href":"https:\/\/www.deberes.net\/tesis\/wp-json\/wp\/v2\/categories?post=110981"},{"taxonomy":"post_tag","embeddable":true,"href":"https:\/\/www.deberes.net\/tesis\/wp-json\/wp\/v2\/tags?post=110981"}],"curies":[{"name":"wp","href":"https:\/\/api.w.org\/{rel}","templated":true}]}}