{"id":110999,"date":"2018-03-11T10:37:20","date_gmt":"2018-03-11T10:37:20","guid":{"rendered":"https:\/\/www.deberes.net\/tesis\/sin-categoria\/los-derechos-fundamentales-de-los-presos-y-su-reinsercion-social\/"},"modified":"2018-03-11T10:37:20","modified_gmt":"2018-03-11T10:37:20","slug":"los-derechos-fundamentales-de-los-presos-y-su-reinsercion-social","status":"publish","type":"post","link":"https:\/\/www.deberes.net\/tesis\/alcala\/los-derechos-fundamentales-de-los-presos-y-su-reinsercion-social\/","title":{"rendered":"Los derechos fundamentales de los presos y su reinserci\u00f3n social"},"content":{"rendered":"<h2>Tesis doctoral de <strong> Montserrat L\u00f3pez Melero <\/strong><\/h2>\n<p>La investigaci\u00f3n centra su atenci\u00f3n en el papel de los derechos fundamentales de los presos. Tomamos como base las reglas m\u00ednimas para el tratamiento de reclusos y las reglas penitenciarias europeas de 1973, con la finalidad de respetar los derechos de los reclusos y reforzar el cumplimiento del principio de legalidad en la ejecuci\u00f3n penitenciaria. Es decir, considerando al preso como sujeto perteneciente de la sociedad y no como sujeto excluido, titular de derechos reconocidos constitucionalmente y de derechos que nacen de la relaci\u00f3n penitenciaria, como es el caso del tratamiento penitenciario. Los derechos de los presos vienen reconocidos en las principales declaraciones de derechos humanos mediante el reconocimiento impl\u00edcito de una serie de derechos, los cuales son tambi\u00e9n aplicables a las personas que est\u00e1n en situaci\u00f3n de prisi\u00f3n.En este sentido, antes de analizar la concepci\u00f3n de los derechos de los presos se estudia la prisi\u00f3n hasta nuestros d\u00edas, existiendo un considerable avance. A continuaci\u00f3n, se prosigue con el an\u00e1lisis de los derechos fundamentales de nuestra constituci\u00f3n que son m\u00e1s representativos en cuanto a su vulneraci\u00f3n en los centros penitenciarios. Asimismo se estudian aquellos derechos que pueden suponer la consecuci\u00f3n del fin primordial de las prisiones, reconocido constitucionalmente, que no es otro que la reeducaci\u00f3n y reinserci\u00f3n social de los presos. Es decir, se trata de analizar la relaci\u00f3n entre los derechos fundamentales tanto del ciudadano como del recluso, englobando derechos individuales y libertades p\u00fablicas, derechos que pertenecen al individuo de una forma natural e innata,  reconocidos y protegidos por el estado a trav\u00e9s de la constituci\u00f3n.<\/p>\n<p>&nbsp;<\/p>\n<h3>Datos acad\u00e9micos de la tesis doctoral \u00ab<strong>Los derechos fundamentales de los presos y su reinserci\u00f3n social<\/strong>\u00ab<\/h3>\n<ul>\n<li><strong>T\u00edtulo de la tesis:<\/strong>\u00a0 Los derechos fundamentales de los presos y su reinserci\u00f3n social <\/li>\n<li><strong>Autor:<\/strong>\u00a0 Montserrat L\u00f3pez Melero <\/li>\n<li><strong>Universidad:<\/strong>\u00a0 Alcal\u00e1<\/li>\n<li><strong>Fecha de lectura de la tesis:<\/strong>\u00a0 22\/09\/2011<\/li>\n<\/ul>\n<p>&nbsp;<\/p>\n<h3>Direcci\u00f3n y tribunal<\/h3>\n<ul>\n<li><strong>Director de la tesis<\/strong>\n<ul>\n<li>Mar\u00eda  Isabel Garrido Gomez<\/li>\n<\/ul>\n<\/li>\n<li><strong>Tribunal<\/strong>\n<ul>\n<li>Presidente del tribunal: virgilio Zapatero gomez <\/li>\n<li>Jes\u00fas Lima torrado (vocal)<\/li>\n<li>Jos\u00e9 Luis Del hierro aguazas (vocal)<\/li>\n<li>Rafael De asis roig (vocal)<\/li>\n<\/ul>\n<\/li>\n<\/ul>\n<p>&nbsp;<\/p>\n","protected":false},"excerpt":{"rendered":"<p>Tesis doctoral de Montserrat L\u00f3pez Melero La investigaci\u00f3n centra su atenci\u00f3n en el papel de los derechos fundamentales de los [&hellip;]<\/p>\n","protected":false},"author":1,"featured_media":0,"comment_status":"open","ping_status":"open","sticky":false,"template":"","format":"standard","meta":{"site-sidebar-layout":"default","site-content-layout":"","ast-site-content-layout":"","site-content-style":"default","site-sidebar-style":"default","ast-global-header-display":"","ast-banner-title-visibility":"","ast-main-header-display":"","ast-hfb-above-header-display":"","ast-hfb-below-header-display":"","ast-hfb-mobile-header-display":"","site-post-title":"","ast-breadcrumbs-content":"","ast-featured-img":"","footer-sml-layout":"","theme-transparent-header-meta":"","adv-header-id-meta":"","stick-header-meta":"","header-above-stick-meta":"","header-main-stick-meta":"","header-below-stick-meta":"","astra-migrate-meta-layouts":"default","ast-page-background-enabled":"default","ast-page-background-meta":{"desktop":{"background-color":"var(--ast-global-color-4)","background-image":"","background-repeat":"repeat","background-position":"center center","background-size":"auto","background-attachment":"scroll","background-type":"","background-media":"","overlay-type":"","overlay-color":"","overlay-gradient":""},"tablet":{"background-color":"","background-image":"","background-repeat":"repeat","background-position":"center center","background-size":"auto","background-attachment":"scroll","background-type":"","background-media":"","overlay-type":"","overlay-color":"","overlay-gradient":""},"mobile":{"background-color":"","background-image":"","background-repeat":"repeat","background-position":"center center","background-size":"auto","background-attachment":"scroll","background-type":"","background-media":"","overlay-type":"","overlay-color":"","overlay-gradient":""}},"ast-content-background-meta":{"desktop":{"background-color":"var(--ast-global-color-5)","background-image":"","background-repeat":"repeat","background-position":"center center","background-size":"auto","background-attachment":"scroll","background-type":"","background-media":"","overlay-type":"","overlay-color":"","overlay-gradient":""},"tablet":{"background-color":"var(--ast-global-color-5)","background-image":"","background-repeat":"repeat","background-position":"center center","background-size":"auto","background-attachment":"scroll","background-type":"","background-media":"","overlay-type":"","overlay-color":"","overlay-gradient":""},"mobile":{"background-color":"var(--ast-global-color-5)","background-image":"","background-repeat":"repeat","background-position":"center center","background-size":"auto","background-attachment":"scroll","background-type":"","background-media":"","overlay-type":"","overlay-color":"","overlay-gradient":""}},"footnotes":""},"categories":[17426,19048],"tags":[66827,23433,117894,221339,44233,52378],"class_list":["post-110999","post","type-post","status-publish","format-standard","hentry","category-alcala","category-jurisprudencia","tag-jesus-lima-torrado","tag-jose-luis-del-hierro-aguazas","tag-maria-isabel-garrido-gomez","tag-montserrat-lopez-melero","tag-rafael-de-asis-roig","tag-virgilio-zapatero-gomez"],"_links":{"self":[{"href":"https:\/\/www.deberes.net\/tesis\/wp-json\/wp\/v2\/posts\/110999","targetHints":{"allow":["GET"]}}],"collection":[{"href":"https:\/\/www.deberes.net\/tesis\/wp-json\/wp\/v2\/posts"}],"about":[{"href":"https:\/\/www.deberes.net\/tesis\/wp-json\/wp\/v2\/types\/post"}],"author":[{"embeddable":true,"href":"https:\/\/www.deberes.net\/tesis\/wp-json\/wp\/v2\/users\/1"}],"replies":[{"embeddable":true,"href":"https:\/\/www.deberes.net\/tesis\/wp-json\/wp\/v2\/comments?post=110999"}],"version-history":[{"count":0,"href":"https:\/\/www.deberes.net\/tesis\/wp-json\/wp\/v2\/posts\/110999\/revisions"}],"wp:attachment":[{"href":"https:\/\/www.deberes.net\/tesis\/wp-json\/wp\/v2\/media?parent=110999"}],"wp:term":[{"taxonomy":"category","embeddable":true,"href":"https:\/\/www.deberes.net\/tesis\/wp-json\/wp\/v2\/categories?post=110999"},{"taxonomy":"post_tag","embeddable":true,"href":"https:\/\/www.deberes.net\/tesis\/wp-json\/wp\/v2\/tags?post=110999"}],"curies":[{"name":"wp","href":"https:\/\/api.w.org\/{rel}","templated":true}]}}