{"id":111011,"date":"2018-03-11T10:37:20","date_gmt":"2018-03-11T10:37:20","guid":{"rendered":"https:\/\/www.deberes.net\/tesis\/sin-categoria\/derechos-humanos-desde-el-pensamiento-latinoamericano-de-la-liberacion\/"},"modified":"2018-03-11T10:37:20","modified_gmt":"2018-03-11T10:37:20","slug":"derechos-humanos-desde-el-pensamiento-latinoamericano-de-la-liberacion","status":"publish","type":"post","link":"https:\/\/www.deberes.net\/tesis\/historia-de-las-ideas-politicas\/derechos-humanos-desde-el-pensamiento-latinoamericano-de-la-liberacion\/","title":{"rendered":"Derechos humanos desde el pensamiento latinoamericano de la liberaci\u00f3n"},"content":{"rendered":"<h2>Tesis doctoral de <strong> Alejandro Rosillo Mart\u00ednez <\/strong><\/h2>\n<p>Si bien es cierto que el pensamiento de la liberaci\u00f3n abarca diferentes perspectivas, en esta investigaci\u00f3n se avoca principalmente a tres: la historiogr\u00e1fica, la filos\u00f3fica y la teol\u00f3gica. Estas tres disciplinas permiten abordar con suficiente coherencia la perspectiva y la compresi\u00f3n que de derechos humanos propone dicho pensamiento. ante la variedad de perspectivas y tem\u00e1ticas que se encuentran en esta investigaci\u00f3n, cabe aclarar que existen diversos hilos conductores que generan la coherencia interna. Estos se basan en la manera en que se invita a repensar derechos humanos para generar una compresi\u00f3n compleja, en uso de un logos hist\u00f3rico. En efecto, no se deben perder de vista las siguientes ideas claves, que est\u00e1n como fundamento de las diversas reflexiones hechas a trav\u00e9s de estas p\u00e1ginas: superar las visiones abstractas e idealistas de derechos humanos para asumir una comprensi\u00f3n compleja y materialista; comprender derechos humanos como juridificaci\u00f3n de los bienes necesarios para satisfacer las necesidades para la producci\u00f3n, reproducci\u00f3n y desarrollo de la vida; contextualizar derechos humanos en los procesos hist\u00f3ricos concretos que cada pueblo genera en b\u00fasqueda de constituirse en sujetos para fortalecer su dignidad humana; ir m\u00e1s all\u00e1 de las visiones euroc\u00e9ntricas, generadas por una raz\u00f3n indolente, que generan el desperdicio de la experiencia; e insertar el discurso de derechos humanos en las praxis de liberaci\u00f3n de las comunidades de v\u00edctimas.<\/p>\n<p>&nbsp;<\/p>\n<h3>Datos acad\u00e9micos de la tesis doctoral \u00ab<strong>Derechos humanos desde el pensamiento latinoamericano de la liberaci\u00f3n<\/strong>\u00ab<\/h3>\n<ul>\n<li><strong>T\u00edtulo de la tesis:<\/strong>\u00a0 Derechos humanos desde el pensamiento latinoamericano de la liberaci\u00f3n <\/li>\n<li><strong>Autor:<\/strong>\u00a0 Alejandro Rosillo Mart\u00ednez <\/li>\n<li><strong>Universidad:<\/strong>\u00a0 Carlos III de Madrid<\/li>\n<li><strong>Fecha de lectura de la tesis:<\/strong>\u00a0 23\/09\/2011<\/li>\n<\/ul>\n<p>&nbsp;<\/p>\n<h3>Direcci\u00f3n y tribunal<\/h3>\n<ul>\n<li><strong>Director de la tesis<\/strong>\n<ul>\n<li>Carlos Lema  A\u00f1on<\/li>\n<\/ul>\n<\/li>\n<li><strong>Tribunal<\/strong>\n<ul>\n<li>Presidente del tribunal: rafael De asis roig <\/li>\n<li>Jes\u00fas Antonio De la torre rangel (vocal)<\/li>\n<li>ant\u00ed\u00b4nio Alberto Machado (vocal)<\/li>\n<li>Juan  Antonio Senent de frutos (vocal)<\/li>\n<\/ul>\n<\/li>\n<\/ul>\n<p>&nbsp;<\/p>\n","protected":false},"excerpt":{"rendered":"<p>Tesis doctoral de Alejandro Rosillo Mart\u00ednez Si bien es cierto que el pensamiento de la liberaci\u00f3n abarca diferentes perspectivas, en [&hellip;]<\/p>\n","protected":false},"author":1,"featured_media":0,"comment_status":"open","ping_status":"open","sticky":false,"template":"","format":"standard","meta":{"site-sidebar-layout":"default","site-content-layout":"","ast-site-content-layout":"","site-content-style":"default","site-sidebar-style":"default","ast-global-header-display":"","ast-banner-title-visibility":"","ast-main-header-display":"","ast-hfb-above-header-display":"","ast-hfb-below-header-display":"","ast-hfb-mobile-header-display":"","site-post-title":"","ast-breadcrumbs-content":"","ast-featured-img":"","footer-sml-layout":"","theme-transparent-header-meta":"","adv-header-id-meta":"","stick-header-meta":"","header-above-stick-meta":"","header-main-stick-meta":"","header-below-stick-meta":"","astra-migrate-meta-layouts":"default","ast-page-background-enabled":"default","ast-page-background-meta":{"desktop":{"background-color":"var(--ast-global-color-4)","background-image":"","background-repeat":"repeat","background-position":"center center","background-size":"auto","background-attachment":"scroll","background-type":"","background-media":"","overlay-type":"","overlay-color":"","overlay-gradient":""},"tablet":{"background-color":"","background-image":"","background-repeat":"repeat","background-position":"center center","background-size":"auto","background-attachment":"scroll","background-type":"","background-media":"","overlay-type":"","overlay-color":"","overlay-gradient":""},"mobile":{"background-color":"","background-image":"","background-repeat":"repeat","background-position":"center center","background-size":"auto","background-attachment":"scroll","background-type":"","background-media":"","overlay-type":"","overlay-color":"","overlay-gradient":""}},"ast-content-background-meta":{"desktop":{"background-color":"var(--ast-global-color-5)","background-image":"","background-repeat":"repeat","background-position":"center center","background-size":"auto","background-attachment":"scroll","background-type":"","background-media":"","overlay-type":"","overlay-color":"","overlay-gradient":""},"tablet":{"background-color":"var(--ast-global-color-5)","background-image":"","background-repeat":"repeat","background-position":"center center","background-size":"auto","background-attachment":"scroll","background-type":"","background-media":"","overlay-type":"","overlay-color":"","overlay-gradient":""},"mobile":{"background-color":"var(--ast-global-color-5)","background-image":"","background-repeat":"repeat","background-position":"center center","background-size":"auto","background-attachment":"scroll","background-type":"","background-media":"","overlay-type":"","overlay-color":"","overlay-gradient":""}},"footnotes":""},"categories":[18550,19869,11777,3538,6480],"tags":[221369,221372,221370,221371,39050,44233],"class_list":["post-111011","post","type-post","status-publish","format-standard","hentry","category-carlos-iii-de-madrid","category-derechos-humanos","category-filosofia-del-derecho","category-historia-de-las-ideas-politicas","category-historia-social-y-cultural-de-america","tag-alejandro-rosillo-Martinez","tag-antinio-alberto-machado","tag-carlos-lema-anon","tag-jesus-antonio-de-la-torre-rangel","tag-juan-antonio-senent-de-frutos","tag-rafael-de-asis-roig"],"_links":{"self":[{"href":"https:\/\/www.deberes.net\/tesis\/wp-json\/wp\/v2\/posts\/111011","targetHints":{"allow":["GET"]}}],"collection":[{"href":"https:\/\/www.deberes.net\/tesis\/wp-json\/wp\/v2\/posts"}],"about":[{"href":"https:\/\/www.deberes.net\/tesis\/wp-json\/wp\/v2\/types\/post"}],"author":[{"embeddable":true,"href":"https:\/\/www.deberes.net\/tesis\/wp-json\/wp\/v2\/users\/1"}],"replies":[{"embeddable":true,"href":"https:\/\/www.deberes.net\/tesis\/wp-json\/wp\/v2\/comments?post=111011"}],"version-history":[{"count":0,"href":"https:\/\/www.deberes.net\/tesis\/wp-json\/wp\/v2\/posts\/111011\/revisions"}],"wp:attachment":[{"href":"https:\/\/www.deberes.net\/tesis\/wp-json\/wp\/v2\/media?parent=111011"}],"wp:term":[{"taxonomy":"category","embeddable":true,"href":"https:\/\/www.deberes.net\/tesis\/wp-json\/wp\/v2\/categories?post=111011"},{"taxonomy":"post_tag","embeddable":true,"href":"https:\/\/www.deberes.net\/tesis\/wp-json\/wp\/v2\/tags?post=111011"}],"curies":[{"name":"wp","href":"https:\/\/api.w.org\/{rel}","templated":true}]}}