{"id":111021,"date":"2018-03-11T10:37:20","date_gmt":"2018-03-11T10:37:20","guid":{"rendered":"https:\/\/www.deberes.net\/tesis\/sin-categoria\/estetica-relacional-la-experiencia-estetica-de-participacion\/"},"modified":"2018-03-11T10:37:20","modified_gmt":"2018-03-11T10:37:20","slug":"estetica-relacional-la-experiencia-estetica-de-participacion","status":"publish","type":"post","link":"https:\/\/www.deberes.net\/tesis\/teoria-analisis-y-critica-de-las-bellas-artes\/estetica-relacional-la-experiencia-estetica-de-participacion\/","title":{"rendered":"Est\u00e9tica relacional: la experiencia est\u00e9tica de participaci\u00f3n"},"content":{"rendered":"<h2>Tesis doctoral de <strong> Marcela Prado Orozco <\/strong><\/h2>\n<p>Esta tesis pretende ser una contribuci\u00f3n a la comprensi\u00f3n del fen\u00f3meno de est\u00e9tica relacional, al analizar los elementos contextuales, previos y posteriores, que han influido en la recepci\u00f3n del libro est\u00e9tica relacional del cr\u00edtico de arte franc\u00e9s nicolas bourriaud. Se han abordado tambi\u00e9n cuestiones relativas al receptor final de estas propuestas, es decir, el espectador que acude a un museo o galer\u00eda y se encuentra con las obras y estilos a los que bourriaud hace referencia.  el car\u00e1cter del estudio que se propone es interdisciplinario, situ\u00e1ndose en un punto entre una revisi\u00f3n cr\u00edtica e hist\u00f3rica de lo sucedido alrededor de la publicaci\u00f3n de est\u00e9tica relacional y la pr\u00e1ctica de los artistas citados, aunada a un ejercicio filos\u00f3fico que pretende asentar las bases para comprender la experiencia est\u00e9tica de participaci\u00f3n.<\/p>\n<p>&nbsp;<\/p>\n<h3>Datos acad\u00e9micos de la tesis doctoral \u00ab<strong>Est\u00e9tica relacional: la experiencia est\u00e9tica de participaci\u00f3n<\/strong>\u00ab<\/h3>\n<ul>\n<li><strong>T\u00edtulo de la tesis:<\/strong>\u00a0 Est\u00e9tica relacional: la experiencia est\u00e9tica de participaci\u00f3n <\/li>\n<li><strong>Autor:<\/strong>\u00a0 Marcela Prado Orozco <\/li>\n<li><strong>Universidad:<\/strong>\u00a0 Aut\u00f3noma de barcelona<\/li>\n<li><strong>Fecha de lectura de la tesis:<\/strong>\u00a0 23\/09\/2011<\/li>\n<\/ul>\n<p>&nbsp;<\/p>\n<h3>Direcci\u00f3n y tribunal<\/h3>\n<ul>\n<li><strong>Director de la tesis<\/strong>\n<ul>\n<li>Gerard Vilar Roca<\/li>\n<\/ul>\n<\/li>\n<li><strong>Tribunal<\/strong>\n<ul>\n<li>Presidente del tribunal: mart\u00ed Peran rafart <\/li>\n<li>j\u00e9ssica Jaques pi (vocal)<\/li>\n<li>  (vocal)<\/li>\n<li>  (vocal)<\/li>\n<\/ul>\n<\/li>\n<\/ul>\n<p>&nbsp;<\/p>\n","protected":false},"excerpt":{"rendered":"<p>Tesis doctoral de Marcela Prado Orozco Esta tesis pretende ser una contribuci\u00f3n a la comprensi\u00f3n del fen\u00f3meno de est\u00e9tica relacional, [&hellip;]<\/p>\n","protected":false},"author":1,"featured_media":0,"comment_status":"open","ping_status":"open","sticky":false,"template":"","format":"standard","meta":{"site-sidebar-layout":"default","site-content-layout":"","ast-site-content-layout":"","site-content-style":"default","site-sidebar-style":"default","ast-global-header-display":"","ast-banner-title-visibility":"","ast-main-header-display":"","ast-hfb-above-header-display":"","ast-hfb-below-header-display":"","ast-hfb-mobile-header-display":"","site-post-title":"","ast-breadcrumbs-content":"","ast-featured-img":"","footer-sml-layout":"","theme-transparent-header-meta":"","adv-header-id-meta":"","stick-header-meta":"","header-above-stick-meta":"","header-main-stick-meta":"","header-below-stick-meta":"","astra-migrate-meta-layouts":"default","ast-page-background-enabled":"default","ast-page-background-meta":{"desktop":{"background-color":"var(--ast-global-color-4)","background-image":"","background-repeat":"repeat","background-position":"center center","background-size":"auto","background-attachment":"scroll","background-type":"","background-media":"","overlay-type":"","overlay-color":"","overlay-gradient":""},"tablet":{"background-color":"","background-image":"","background-repeat":"repeat","background-position":"center center","background-size":"auto","background-attachment":"scroll","background-type":"","background-media":"","overlay-type":"","overlay-color":"","overlay-gradient":""},"mobile":{"background-color":"","background-image":"","background-repeat":"repeat","background-position":"center center","background-size":"auto","background-attachment":"scroll","background-type":"","background-media":"","overlay-type":"","overlay-color":"","overlay-gradient":""}},"ast-content-background-meta":{"desktop":{"background-color":"var(--ast-global-color-5)","background-image":"","background-repeat":"repeat","background-position":"center center","background-size":"auto","background-attachment":"scroll","background-type":"","background-media":"","overlay-type":"","overlay-color":"","overlay-gradient":""},"tablet":{"background-color":"var(--ast-global-color-5)","background-image":"","background-repeat":"repeat","background-position":"center center","background-size":"auto","background-attachment":"scroll","background-type":"","background-media":"","overlay-type":"","overlay-color":"","overlay-gradient":""},"mobile":{"background-color":"var(--ast-global-color-5)","background-image":"","background-repeat":"repeat","background-position":"center center","background-size":"auto","background-attachment":"scroll","background-type":"","background-media":"","overlay-type":"","overlay-color":"","overlay-gradient":""}},"footnotes":""},"categories":[10452,1816,2563,1111],"tags":[20219,100498,221382,41730],"class_list":["post-111021","post","type-post","status-publish","format-standard","hentry","category-estetica","category-historia-contemporanea","category-historia-del-arte-de-los-siglos-xix-y-xx","category-teoria-analisis-y-critica-de-las-bellas-artes","tag-gerard-vilar-roca","tag-jessica-jaques-pi","tag-marcela-prado-orozco","tag-marti-peran-rafart"],"_links":{"self":[{"href":"https:\/\/www.deberes.net\/tesis\/wp-json\/wp\/v2\/posts\/111021","targetHints":{"allow":["GET"]}}],"collection":[{"href":"https:\/\/www.deberes.net\/tesis\/wp-json\/wp\/v2\/posts"}],"about":[{"href":"https:\/\/www.deberes.net\/tesis\/wp-json\/wp\/v2\/types\/post"}],"author":[{"embeddable":true,"href":"https:\/\/www.deberes.net\/tesis\/wp-json\/wp\/v2\/users\/1"}],"replies":[{"embeddable":true,"href":"https:\/\/www.deberes.net\/tesis\/wp-json\/wp\/v2\/comments?post=111021"}],"version-history":[{"count":0,"href":"https:\/\/www.deberes.net\/tesis\/wp-json\/wp\/v2\/posts\/111021\/revisions"}],"wp:attachment":[{"href":"https:\/\/www.deberes.net\/tesis\/wp-json\/wp\/v2\/media?parent=111021"}],"wp:term":[{"taxonomy":"category","embeddable":true,"href":"https:\/\/www.deberes.net\/tesis\/wp-json\/wp\/v2\/categories?post=111021"},{"taxonomy":"post_tag","embeddable":true,"href":"https:\/\/www.deberes.net\/tesis\/wp-json\/wp\/v2\/tags?post=111021"}],"curies":[{"name":"wp","href":"https:\/\/api.w.org\/{rel}","templated":true}]}}