{"id":11103,"date":"2001-04-06T00:00:00","date_gmt":"2001-04-06T00:00:00","guid":{"rendered":"https:\/\/www.deberes.net\/tesis\/sin-categoria\/el-proceso-de-reforma-del-sector-publico-en-el-sur-de-europa-estudio-comparativo-de-espana-y-portugal\/"},"modified":"2001-04-06T00:00:00","modified_gmt":"2001-04-06T00:00:00","slug":"el-proceso-de-reforma-del-sector-publico-en-el-sur-de-europa-estudio-comparativo-de-espana-y-portugal","status":"publish","type":"post","link":"https:\/\/www.deberes.net\/tesis\/ciencias-economicas\/el-proceso-de-reforma-del-sector-publico-en-el-sur-de-europa-estudio-comparativo-de-espana-y-portugal\/","title":{"rendered":"El proceso de reforma del sector publico en el sur de europa. estudio comparativo de espa\u00f1a y portugal."},"content":{"rendered":"<h2>Tesis doctoral de <strong> Mar\u00eda Asensio Menchero <\/strong><\/h2>\n<p>Esta tesis desarrolla un estudio comparativo sobre el proceso de reforma del sector publico en espa\u00f1a y portugal desde la transicion democratica hasta los a\u00f1os 90.  el argumento central de esta investigacion defiende que en los a\u00f1os 90, los dos paises habian llegado a un planteamiento similar de reducci\u00f3n sustancial de intervenci\u00f3n del papel del estado en la econom\u00eda, asi como de programas importantes de privatizacion y reforma de los mercados de trabajo. En este sentido, ambos paises son casos tipicos del \u00abcambio de paradigma\u00bb consistente en abandonar el keynesianismo y adoptar concepciones neoliberales sobre el papel que han de desempe\u00f1ar los sectores p\u00fablico y privado. La tesis, con todo, se ocupa de estudiar por que el modo en que los dos paises convergieron fue tan diferente en cada caso. Para ello, presento un contraste entre un proceso relativamente consensuado en espa\u00f1a, basado en una reforma gradual del sector publico y un proceso mucho m\u00e1s conflictivo en portugal, con un primer momento en el que se produce un programma drastico y masimo de nacionalizaciones seguido por una posterior reduccion del papel del estado en la economia.  los argumentos emp\u00edricos que se exponen a lo largo de la investigaci\u00f3n se apoyan en explicaciones te\u00f3ricas institucionalistas y no institucionalistas. por una parte, se defiende que ciertos legados institucinalistas de las dictadura de franco y de salazar y marcelo caetano contribuyen a explicar la diferente evoluci\u00f3n y naturaleza de la reforma del sector publico durante la transici\u00f3n a la democracia en espa\u00f1a y portugal. No obstante, existen limitaciones en las explicaciones institucionales que se evidencian a trav\u00e9s del analisis del papel crucial de ciertos factores politicos. En este sentdo, se argumenta que la configuracion y relacion entre los sectores publico y privado crea poderosas coaliciones de interes (especialmente organizaciones empresariales y sindicatos) a favor y en con<\/p>\n<p>&nbsp;<\/p>\n<h3>Datos acad\u00e9micos de la tesis doctoral \u00ab<strong>El proceso de reforma del sector publico en el sur de europa. estudio comparativo de espa\u00f1a y portugal.<\/strong>\u00ab<\/h3>\n<ul>\n<li><strong>T\u00edtulo de la tesis:<\/strong>\u00a0 El proceso de reforma del sector publico en el sur de europa. estudio comparativo de espa\u00f1a y portugal. <\/li>\n<li><strong>Autor:<\/strong>\u00a0 Mar\u00eda Asensio Menchero <\/li>\n<li><strong>Universidad:<\/strong>\u00a0 Aut\u00f3noma de Madrid<\/li>\n<li><strong>Fecha de lectura de la tesis:<\/strong>\u00a0 04\/06\/2001<\/li>\n<\/ul>\n<p>&nbsp;<\/p>\n<h3>Direcci\u00f3n y tribunal<\/h3>\n<ul>\n<li><strong>Director de la tesis<\/strong>\n<ul>\n<li>John Richards Andrew<\/li>\n<\/ul>\n<\/li>\n<li><strong>Tribunal<\/strong>\n<ul>\n<li>Presidente del tribunal: montero Jose ramon <\/li>\n<li> Antonio correia de campos (vocal)<\/li>\n<li>joan Subirats humet (vocal)<\/li>\n<li> Helena da cunha rato (vocal)<\/li>\n<\/ul>\n<\/li>\n<\/ul>\n<p>&nbsp;<\/p>\n","protected":false},"excerpt":{"rendered":"<p>Tesis doctoral de Mar\u00eda Asensio Menchero Esta tesis desarrolla un estudio comparativo sobre el proceso de reforma del sector publico [&hellip;]<\/p>\n","protected":false},"author":1,"featured_media":0,"comment_status":"open","ping_status":"open","sticky":false,"template":"","format":"standard","meta":{"site-sidebar-layout":"default","site-content-layout":"","ast-site-content-layout":"","site-content-style":"default","site-sidebar-style":"default","ast-global-header-display":"","ast-banner-title-visibility":"","ast-main-header-display":"","ast-hfb-above-header-display":"","ast-hfb-below-header-display":"","ast-hfb-mobile-header-display":"","site-post-title":"","ast-breadcrumbs-content":"","ast-featured-img":"","footer-sml-layout":"","theme-transparent-header-meta":"","adv-header-id-meta":"","stick-header-meta":"","header-above-stick-meta":"","header-main-stick-meta":"","header-below-stick-meta":"","astra-migrate-meta-layouts":"default","ast-page-background-enabled":"default","ast-page-background-meta":{"desktop":{"background-color":"var(--ast-global-color-4)","background-image":"","background-repeat":"repeat","background-position":"center center","background-size":"auto","background-attachment":"scroll","background-type":"","background-media":"","overlay-type":"","overlay-color":"","overlay-gradient":""},"tablet":{"background-color":"","background-image":"","background-repeat":"repeat","background-position":"center center","background-size":"auto","background-attachment":"scroll","background-type":"","background-media":"","overlay-type":"","overlay-color":"","overlay-gradient":""},"mobile":{"background-color":"","background-image":"","background-repeat":"repeat","background-position":"center center","background-size":"auto","background-attachment":"scroll","background-type":"","background-media":"","overlay-type":"","overlay-color":"","overlay-gradient":""}},"ast-content-background-meta":{"desktop":{"background-color":"var(--ast-global-color-5)","background-image":"","background-repeat":"repeat","background-position":"center center","background-size":"auto","background-attachment":"scroll","background-type":"","background-media":"","overlay-type":"","overlay-color":"","overlay-gradient":""},"tablet":{"background-color":"var(--ast-global-color-5)","background-image":"","background-repeat":"repeat","background-position":"center center","background-size":"auto","background-attachment":"scroll","background-type":"","background-media":"","overlay-type":"","overlay-color":"","overlay-gradient":""},"mobile":{"background-color":"var(--ast-global-color-5)","background-image":"","background-repeat":"repeat","background-position":"center center","background-size":"auto","background-attachment":"scroll","background-type":"","background-media":"","overlay-type":"","overlay-color":"","overlay-gradient":""}},"footnotes":""},"categories":[856,838,82,2825,9215,4073,4173],"tags":[36508,36509,4177,36506,36505,36507],"class_list":["post-11103","post","type-post","status-publish","format-standard","hentry","category-administracion-publica","category-ciencia-politica","category-ciencias-economicas","category-organizacion-industrial-y-sector-publico","category-regulacion-gubernamental-del-sector-privado","category-relaciones-internacionales","category-servicios-publicos","tag-antonio-correia-de-campos","tag-helena-da-cunha-rato","tag-joan-subirats-humet","tag-john-richards-andrew","tag-maria-asensio-menchero","tag-montero-jose-ramon"],"_links":{"self":[{"href":"https:\/\/www.deberes.net\/tesis\/wp-json\/wp\/v2\/posts\/11103","targetHints":{"allow":["GET"]}}],"collection":[{"href":"https:\/\/www.deberes.net\/tesis\/wp-json\/wp\/v2\/posts"}],"about":[{"href":"https:\/\/www.deberes.net\/tesis\/wp-json\/wp\/v2\/types\/post"}],"author":[{"embeddable":true,"href":"https:\/\/www.deberes.net\/tesis\/wp-json\/wp\/v2\/users\/1"}],"replies":[{"embeddable":true,"href":"https:\/\/www.deberes.net\/tesis\/wp-json\/wp\/v2\/comments?post=11103"}],"version-history":[{"count":0,"href":"https:\/\/www.deberes.net\/tesis\/wp-json\/wp\/v2\/posts\/11103\/revisions"}],"wp:attachment":[{"href":"https:\/\/www.deberes.net\/tesis\/wp-json\/wp\/v2\/media?parent=11103"}],"wp:term":[{"taxonomy":"category","embeddable":true,"href":"https:\/\/www.deberes.net\/tesis\/wp-json\/wp\/v2\/categories?post=11103"},{"taxonomy":"post_tag","embeddable":true,"href":"https:\/\/www.deberes.net\/tesis\/wp-json\/wp\/v2\/tags?post=11103"}],"curies":[{"name":"wp","href":"https:\/\/api.w.org\/{rel}","templated":true}]}}