{"id":111032,"date":"2018-03-11T10:37:20","date_gmt":"2018-03-11T10:37:20","guid":{"rendered":"https:\/\/www.deberes.net\/tesis\/sin-categoria\/la-ensenanza-de-la-religion-y-de-educacion-para-la-ciudadana%c2%ada-en-el-ordenamiento-estatal-y-autonomico\/"},"modified":"2018-03-11T10:37:20","modified_gmt":"2018-03-11T10:37:20","slug":"la-ensenanza-de-la-religion-y-de-educacion-para-la-ciudadana%c2%ada-en-el-ordenamiento-estatal-y-autonomico","status":"publish","type":"post","link":"https:\/\/www.deberes.net\/tesis\/extremadura\/la-ensenanza-de-la-religion-y-de-educacion-para-la-ciudadana%c2%ada-en-el-ordenamiento-estatal-y-autonomico\/","title":{"rendered":"La ense\u00f1anza de la religi\u00f3n y de educaci\u00f3n para la ciudadan\u00edaen el ordenamiento estatal y auton\u00f3mico"},"content":{"rendered":"<h2>Tesis doctoral de <strong> Rafael Valencia Candalija <\/strong><\/h2>\n<p>La presente tesis doctoral trata de describir el r\u00e9gimen jur\u00eddico de la ense\u00f1anza de religi\u00f3n en el sistema educativo espa\u00f1ol. Para ello se analizar\u00e1n todos los documentos jur\u00eddicos sobre esta materia desde la promulgaci\u00f3n de la constituci\u00f3n de 1978 hasta la actualidad. Tambi\u00e9n ser\u00e1 examinada la legislaci\u00f3n vigente, la ley org\u00e1nica de educaci\u00f3n y singularmente toda la normativa auton\u00f3mica que ha otorgado cobertura jur\u00eddica a la cuesti\u00f3n de la ense\u00f1anza religiosa.      tambi\u00e9n constituye una parte fundamental en esta tesis doctoral el estudio del bloque formativo de educaci\u00f3n para la ciudadan\u00eda, formado por cuatro asignaturas que han sido introducidas por la nueva ley org\u00e1nica de educaci\u00f3n y cuya implantaci\u00f3n ha dado lugar a un profundo debate en espa\u00f1a, fundamentalmente, por la posibilidad de que estas asignaturas puedan poner en peligro la pervivencia de la ense\u00f1anza de la religi\u00f3n en los centros escolares.       para conseguir el objetivo citado, se realiza adem\u00e1s un  recorrido tanto por la jurisprudencia del tribunal supremo, como por la de los tribunales de justicia que han propiciado los pronunciamientos m\u00e1s significativos en esta materia.<\/p>\n<p>&nbsp;<\/p>\n<h3>Datos acad\u00e9micos de la tesis doctoral \u00ab<strong>La ense\u00f1anza de la religi\u00f3n y de educaci\u00f3n para la ciudadan\u00edaen el ordenamiento estatal y auton\u00f3mico<\/strong>\u00ab<\/h3>\n<ul>\n<li><strong>T\u00edtulo de la tesis:<\/strong>\u00a0 La ense\u00f1anza de la religi\u00f3n y de educaci\u00f3n para la ciudadan\u00edaen el ordenamiento estatal y auton\u00f3mico <\/li>\n<li><strong>Autor:<\/strong>\u00a0 Rafael Valencia Candalija <\/li>\n<li><strong>Universidad:<\/strong>\u00a0 Extremadura<\/li>\n<li><strong>Fecha de lectura de la tesis:<\/strong>\u00a0 23\/09\/2011<\/li>\n<\/ul>\n<p>&nbsp;<\/p>\n<h3>Direcci\u00f3n y tribunal<\/h3>\n<ul>\n<li><strong>Director de la tesis<\/strong>\n<ul>\n<li>Jaime Rossell Granados<\/li>\n<\/ul>\n<\/li>\n<li><strong>Tribunal<\/strong>\n<ul>\n<li>Presidente del tribunal: alberto De la hera p\u00e9rez cuesta <\/li>\n<li>Mar\u00eda Elena Olmos ortega (vocal)<\/li>\n<li>zoila Combalia solis (vocal)<\/li>\n<li>alfredo Garc\u00eda g\u00e1rate (vocal)<\/li>\n<\/ul>\n<\/li>\n<\/ul>\n<p>&nbsp;<\/p>\n","protected":false},"excerpt":{"rendered":"<p>Tesis doctoral de Rafael Valencia Candalija La presente tesis doctoral trata de describir el r\u00e9gimen jur\u00eddico de la ense\u00f1anza de [&hellip;]<\/p>\n","protected":false},"author":1,"featured_media":0,"comment_status":"open","ping_status":"open","sticky":false,"template":"","format":"standard","meta":{"site-sidebar-layout":"default","site-content-layout":"","ast-site-content-layout":"","site-content-style":"default","site-sidebar-style":"default","ast-global-header-display":"","ast-banner-title-visibility":"","ast-main-header-display":"","ast-hfb-above-header-display":"","ast-hfb-below-header-display":"","ast-hfb-mobile-header-display":"","site-post-title":"","ast-breadcrumbs-content":"","ast-featured-img":"","footer-sml-layout":"","theme-transparent-header-meta":"","adv-header-id-meta":"","stick-header-meta":"","header-above-stick-meta":"","header-main-stick-meta":"","header-below-stick-meta":"","astra-migrate-meta-layouts":"default","ast-page-background-enabled":"default","ast-page-background-meta":{"desktop":{"background-color":"var(--ast-global-color-4)","background-image":"","background-repeat":"repeat","background-position":"center center","background-size":"auto","background-attachment":"scroll","background-type":"","background-media":"","overlay-type":"","overlay-color":"","overlay-gradient":""},"tablet":{"background-color":"","background-image":"","background-repeat":"repeat","background-position":"center center","background-size":"auto","background-attachment":"scroll","background-type":"","background-media":"","overlay-type":"","overlay-color":"","overlay-gradient":""},"mobile":{"background-color":"","background-image":"","background-repeat":"repeat","background-position":"center center","background-size":"auto","background-attachment":"scroll","background-type":"","background-media":"","overlay-type":"","overlay-color":"","overlay-gradient":""}},"ast-content-background-meta":{"desktop":{"background-color":"var(--ast-global-color-5)","background-image":"","background-repeat":"repeat","background-position":"center center","background-size":"auto","background-attachment":"scroll","background-type":"","background-media":"","overlay-type":"","overlay-color":"","overlay-gradient":""},"tablet":{"background-color":"var(--ast-global-color-5)","background-image":"","background-repeat":"repeat","background-position":"center center","background-size":"auto","background-attachment":"scroll","background-type":"","background-media":"","overlay-type":"","overlay-color":"","overlay-gradient":""},"mobile":{"background-color":"var(--ast-global-color-5)","background-image":"","background-repeat":"repeat","background-position":"center center","background-size":"auto","background-attachment":"scroll","background-type":"","background-media":"","overlay-type":"","overlay-color":"","overlay-gradient":""}},"footnotes":""},"categories":[11921,949],"tags":[45590,87882,84310,141380,221397,148905],"class_list":["post-111032","post","type-post","status-publish","format-standard","hentry","category-derecho-canonico","category-extremadura","tag-alberto-de-la-hera-perez-cuesta","tag-alfredo-garcia-garate","tag-jaime-rossell-granados","tag-maria-elena-olmos-ortega","tag-rafael-valencia-candalija","tag-zoila-combalia-solis"],"_links":{"self":[{"href":"https:\/\/www.deberes.net\/tesis\/wp-json\/wp\/v2\/posts\/111032","targetHints":{"allow":["GET"]}}],"collection":[{"href":"https:\/\/www.deberes.net\/tesis\/wp-json\/wp\/v2\/posts"}],"about":[{"href":"https:\/\/www.deberes.net\/tesis\/wp-json\/wp\/v2\/types\/post"}],"author":[{"embeddable":true,"href":"https:\/\/www.deberes.net\/tesis\/wp-json\/wp\/v2\/users\/1"}],"replies":[{"embeddable":true,"href":"https:\/\/www.deberes.net\/tesis\/wp-json\/wp\/v2\/comments?post=111032"}],"version-history":[{"count":0,"href":"https:\/\/www.deberes.net\/tesis\/wp-json\/wp\/v2\/posts\/111032\/revisions"}],"wp:attachment":[{"href":"https:\/\/www.deberes.net\/tesis\/wp-json\/wp\/v2\/media?parent=111032"}],"wp:term":[{"taxonomy":"category","embeddable":true,"href":"https:\/\/www.deberes.net\/tesis\/wp-json\/wp\/v2\/categories?post=111032"},{"taxonomy":"post_tag","embeddable":true,"href":"https:\/\/www.deberes.net\/tesis\/wp-json\/wp\/v2\/tags?post=111032"}],"curies":[{"name":"wp","href":"https:\/\/api.w.org\/{rel}","templated":true}]}}