{"id":111048,"date":"2018-03-11T10:37:27","date_gmt":"2018-03-11T10:37:27","guid":{"rendered":"https:\/\/www.deberes.net\/tesis\/sin-categoria\/la-situacion-de-los-estudiantes-con-discapacidad-en-la-universidad-de-oviedo\/"},"modified":"2018-03-11T10:37:27","modified_gmt":"2018-03-11T10:37:27","slug":"la-situacion-de-los-estudiantes-con-discapacidad-en-la-universidad-de-oviedo","status":"publish","type":"post","link":"https:\/\/www.deberes.net\/tesis\/analisis-por-escalas-en-psicologia\/la-situacion-de-los-estudiantes-con-discapacidad-en-la-universidad-de-oviedo\/","title":{"rendered":"La situacion de los estudiantes con discapacidad en la universidad de oviedo"},"content":{"rendered":"<h2>Tesis doctoral de <strong> Sara Real Castelao <\/strong><\/h2>\n<p>La tesis doctoral que aqu\u00ed se presenta bajo el t\u00edtulo \u00abla situaci\u00f3n de los estudiantes con discapacidad en la universidad de oviedo\u00bb, forma parte de una l\u00ednea de investigaci\u00f3n llevada a cabo desde el a\u00f1o 2005 por el equipo de investigaci\u00f3n dirigido por el profesor aguado. Esta tesis se plantea como continuaci\u00f3n del informe publicado en 2006 (aguado, alcedo, gonz\u00e1lez, garc\u00eda, cuervo, real y casares, 2006a), en el cual se expon\u00eda la situaci\u00f3n y demandas de 108 estudiantes matriculados en el curso 2004-2005. Por lo tanto, ambos estudios comparten finalidad y objetivos, basados en conocer la situaci\u00f3n y demandas de los estudiantes, concienciar y sensibilizar a la comunidad universitaria sobre la problem\u00e1tica existente y ofrecer medidas y alternativas de soluci\u00f3n a los problemas presentados. Estos objetivos tienen como fin \u00faltimo la pretensi\u00f3n de incrementar la igualdad de oportunidades y favorecer la plena integraci\u00f3n de los estudiantes con discapacidad en la universidad de oviedo. esta investigaci\u00f3n se estructura en dos partes, la primera parte, la parte te\u00f3rica, en la que se describe la conceptualizaci\u00f3n del objeto de estudio, los estudiantes, los principios te\u00f3ricos, la legislaci\u00f3n y las publicaciones existentes en esta materia, con especial menci\u00f3n al estudio que le precede. En la segunda parte, la emp\u00edrica, se exponen y analizan los resultados obtenidos en la aplicaci\u00f3n de la entrevista realizada a 146 estudiantes con discapacidad matriculados en el curso 2007-2008 en la universidad asturiana, y las principales conclusiones y sugerencias extra\u00eddas a partir de estos resultados.<\/p>\n<p>&nbsp;<\/p>\n<h3>Datos acad\u00e9micos de la tesis doctoral \u00ab<strong>La situacion de los estudiantes con discapacidad en la universidad de oviedo<\/strong>\u00ab<\/h3>\n<ul>\n<li><strong>T\u00edtulo de la tesis:<\/strong>\u00a0 La situacion de los estudiantes con discapacidad en la universidad de oviedo <\/li>\n<li><strong>Autor:<\/strong>\u00a0 Sara Real Castelao <\/li>\n<li><strong>Universidad:<\/strong>\u00a0 Oviedo<\/li>\n<li><strong>Fecha de lectura de la tesis:<\/strong>\u00a0 23\/09\/2011<\/li>\n<\/ul>\n<p>&nbsp;<\/p>\n<h3>Direcci\u00f3n y tribunal<\/h3>\n<ul>\n<li><strong>Director de la tesis<\/strong>\n<ul>\n<li>Antonio  Le\u00f3n Aguado D\u00edaz<\/li>\n<\/ul>\n<\/li>\n<li><strong>Tribunal<\/strong>\n<ul>\n<li>Presidente del tribunal: delf\u00edn Montero centeno <\/li>\n<li>m. bego\u00f1a Rueda ruiz (vocal)<\/li>\n<li>Jos\u00e9 Carlos Nu\u00f1ez perez (vocal)<\/li>\n<li>Marta Badia corbella (vocal)<\/li>\n<\/ul>\n<\/li>\n<\/ul>\n<p>&nbsp;<\/p>\n","protected":false},"excerpt":{"rendered":"<p>Tesis doctoral de Sara Real Castelao La tesis doctoral que aqu\u00ed se presenta bajo el t\u00edtulo \u00abla situaci\u00f3n de los [&hellip;]<\/p>\n","protected":false},"author":1,"featured_media":0,"comment_status":"open","ping_status":"open","sticky":false,"template":"","format":"standard","meta":{"site-sidebar-layout":"default","site-content-layout":"","ast-site-content-layout":"","site-content-style":"default","site-sidebar-style":"default","ast-global-header-display":"","ast-banner-title-visibility":"","ast-main-header-display":"","ast-hfb-above-header-display":"","ast-hfb-below-header-display":"","ast-hfb-mobile-header-display":"","site-post-title":"","ast-breadcrumbs-content":"","ast-featured-img":"","footer-sml-layout":"","theme-transparent-header-meta":"","adv-header-id-meta":"","stick-header-meta":"","header-above-stick-meta":"","header-main-stick-meta":"","header-below-stick-meta":"","astra-migrate-meta-layouts":"default","ast-page-background-enabled":"default","ast-page-background-meta":{"desktop":{"background-color":"var(--ast-global-color-4)","background-image":"","background-repeat":"repeat","background-position":"center center","background-size":"auto","background-attachment":"scroll","background-type":"","background-media":"","overlay-type":"","overlay-color":"","overlay-gradient":""},"tablet":{"background-color":"","background-image":"","background-repeat":"repeat","background-position":"center center","background-size":"auto","background-attachment":"scroll","background-type":"","background-media":"","overlay-type":"","overlay-color":"","overlay-gradient":""},"mobile":{"background-color":"","background-image":"","background-repeat":"repeat","background-position":"center center","background-size":"auto","background-attachment":"scroll","background-type":"","background-media":"","overlay-type":"","overlay-color":"","overlay-gradient":""}},"ast-content-background-meta":{"desktop":{"background-color":"var(--ast-global-color-5)","background-image":"","background-repeat":"repeat","background-position":"center center","background-size":"auto","background-attachment":"scroll","background-type":"","background-media":"","overlay-type":"","overlay-color":"","overlay-gradient":""},"tablet":{"background-color":"var(--ast-global-color-5)","background-image":"","background-repeat":"repeat","background-position":"center center","background-size":"auto","background-attachment":"scroll","background-type":"","background-media":"","overlay-type":"","overlay-color":"","overlay-gradient":""},"mobile":{"background-color":"var(--ast-global-color-5)","background-image":"","background-repeat":"repeat","background-position":"center center","background-size":"auto","background-attachment":"scroll","background-type":"","background-media":"","overlay-type":"","overlay-color":"","overlay-gradient":""}},"footnotes":""},"categories":[7757,2871,8846],"tags":[8851,15572,21545,41498,181968,221423],"class_list":["post-111048","post","type-post","status-publish","format-standard","hentry","category-actitudes-sociales","category-analisis-por-escalas-en-psicologia","category-oviedo","tag-antonio-leon-aguado-diaz","tag-delfin-montero-centeno","tag-jose-carlos-nunez-perez","tag-m-begona-rueda-ruiz","tag-marta-badia-corbella","tag-sara-real-castelao"],"_links":{"self":[{"href":"https:\/\/www.deberes.net\/tesis\/wp-json\/wp\/v2\/posts\/111048","targetHints":{"allow":["GET"]}}],"collection":[{"href":"https:\/\/www.deberes.net\/tesis\/wp-json\/wp\/v2\/posts"}],"about":[{"href":"https:\/\/www.deberes.net\/tesis\/wp-json\/wp\/v2\/types\/post"}],"author":[{"embeddable":true,"href":"https:\/\/www.deberes.net\/tesis\/wp-json\/wp\/v2\/users\/1"}],"replies":[{"embeddable":true,"href":"https:\/\/www.deberes.net\/tesis\/wp-json\/wp\/v2\/comments?post=111048"}],"version-history":[{"count":0,"href":"https:\/\/www.deberes.net\/tesis\/wp-json\/wp\/v2\/posts\/111048\/revisions"}],"wp:attachment":[{"href":"https:\/\/www.deberes.net\/tesis\/wp-json\/wp\/v2\/media?parent=111048"}],"wp:term":[{"taxonomy":"category","embeddable":true,"href":"https:\/\/www.deberes.net\/tesis\/wp-json\/wp\/v2\/categories?post=111048"},{"taxonomy":"post_tag","embeddable":true,"href":"https:\/\/www.deberes.net\/tesis\/wp-json\/wp\/v2\/tags?post=111048"}],"curies":[{"name":"wp","href":"https:\/\/api.w.org\/{rel}","templated":true}]}}