{"id":111131,"date":"2018-03-11T10:37:31","date_gmt":"2018-03-11T10:37:31","guid":{"rendered":"https:\/\/www.deberes.net\/tesis\/sin-categoria\/la-queja-hipocondriaca-en-atencion-primaria\/"},"modified":"2018-03-11T10:37:31","modified_gmt":"2018-03-11T10:37:31","slug":"la-queja-hipocondriaca-en-atencion-primaria","status":"publish","type":"post","link":"https:\/\/www.deberes.net\/tesis\/psicologia-clinica\/la-queja-hipocondriaca-en-atencion-primaria\/","title":{"rendered":"La queja hipocondriaca en atencion primaria"},"content":{"rendered":"<h2>Tesis doctoral de <strong> Jos\u00e9 Angel Alcala Partera <\/strong><\/h2>\n<p>La preocupaci\u00f3n excesiva por la salud supone en ocasiones un motivo de consulta habitual para el m\u00e9dico, aunque sigue siendo un problema complejo y que todav\u00eda permanece poco estudiado. El objetivo del presente estudio cl\u00ednico es determinar la existencia de una actitud hipocondr\u00edaca en pacientes que acuden a la consulta de atenci\u00f3n primaria, describir la comorbilidad ansiosa y depresiva asociada as\u00ed como estudiar su relaci\u00f3n con otros factores como la frecuencia de consultas m\u00e9dicas anuales, comportamientos de hiperprotecci\u00f3n paterna o materna, diferentes estilos de personalidad y acontecimientos vitales estresantes. se analizaron las caracter\u00edsticas de 120 pacientes de diferentes centros de salud de c\u00f3rdoba, a trav\u00e9s de un estudio observacional descpriptivo mediante muestreo aleatorio simple. Para la recogida de datos utilizamos un cuaderno de de recogida de datos elaborado sobre variables sociodemogr\u00e1ficas generales y antecedentes personales de enfermedad, adem\u00e1s de los cuestionarios de evaluaci\u00f3n para conductas ante la enfermedad (ibq), percepci\u00f3n del estilo educativo recibido por los padres (embu), inventario de estilos de personalidad de millon (mips) y escala de reajuste social seg\u00fan holmes y rahe. encontramos una asociaci\u00f3n significativa entre mayor frecuencia de consultas al m\u00e9dico de familia y la existencia de una actitud hipocondr\u00edaca ante la enfermedad. Ciertos estudios de personalidad se asociaron ligeramente con quejas hipocondr\u00edacas, pero no con niveles de ansiedad o depresi\u00f3n. Otros factores estudiados parecen relacionarse m\u00e1s con la demanda de atenci\u00f3n m\u00e9dica que con la hipocondr\u00eda.<\/p>\n<p>&nbsp;<\/p>\n<h3>Datos acad\u00e9micos de la tesis doctoral \u00ab<strong>La queja hipocondriaca en atencion primaria<\/strong>\u00ab<\/h3>\n<ul>\n<li><strong>T\u00edtulo de la tesis:<\/strong>\u00a0 La queja hipocondriaca en atencion primaria <\/li>\n<li><strong>Autor:<\/strong>\u00a0 Jos\u00e9 Angel Alcala Partera <\/li>\n<li><strong>Universidad:<\/strong>\u00a0 C\u00f3rdoba<\/li>\n<li><strong>Fecha de lectura de la tesis:<\/strong>\u00a0 28\/09\/2011<\/li>\n<\/ul>\n<p>&nbsp;<\/p>\n<h3>Direcci\u00f3n y tribunal<\/h3>\n<ul>\n<li><strong>Director de la tesis<\/strong>\n<ul>\n<li>Mar\u00eda  Del Carmen Mu\u00f1oz Villanueva<\/li>\n<\/ul>\n<\/li>\n<li><strong>Tribunal<\/strong>\n<ul>\n<li>Presidente del tribunal: elena Iba\u00f1ez guerra <\/li>\n<li>Fernando Sarramea crespo (vocal)<\/li>\n<li>rogelio Luque luque (vocal)<\/li>\n<li>alfonso Blanco picabia (vocal)<\/li>\n<\/ul>\n<\/li>\n<\/ul>\n<p>&nbsp;<\/p>\n","protected":false},"excerpt":{"rendered":"<p>Tesis doctoral de Jos\u00e9 Angel Alcala Partera La preocupaci\u00f3n excesiva por la salud supone en ocasiones un motivo de consulta [&hellip;]<\/p>\n","protected":false},"author":1,"featured_media":0,"comment_status":"open","ping_status":"open","sticky":false,"template":"","format":"standard","meta":{"site-sidebar-layout":"default","site-content-layout":"","ast-site-content-layout":"","site-content-style":"default","site-sidebar-style":"default","ast-global-header-display":"","ast-banner-title-visibility":"","ast-main-header-display":"","ast-hfb-above-header-display":"","ast-hfb-below-header-display":"","ast-hfb-mobile-header-display":"","site-post-title":"","ast-breadcrumbs-content":"","ast-featured-img":"","footer-sml-layout":"","theme-transparent-header-meta":"","adv-header-id-meta":"","stick-header-meta":"","header-above-stick-meta":"","header-main-stick-meta":"","header-below-stick-meta":"","astra-migrate-meta-layouts":"default","ast-page-background-enabled":"default","ast-page-background-meta":{"desktop":{"background-color":"var(--ast-global-color-4)","background-image":"","background-repeat":"repeat","background-position":"center center","background-size":"auto","background-attachment":"scroll","background-type":"","background-media":"","overlay-type":"","overlay-color":"","overlay-gradient":""},"tablet":{"background-color":"","background-image":"","background-repeat":"repeat","background-position":"center center","background-size":"auto","background-attachment":"scroll","background-type":"","background-media":"","overlay-type":"","overlay-color":"","overlay-gradient":""},"mobile":{"background-color":"","background-image":"","background-repeat":"repeat","background-position":"center center","background-size":"auto","background-attachment":"scroll","background-type":"","background-media":"","overlay-type":"","overlay-color":"","overlay-gradient":""}},"ast-content-background-meta":{"desktop":{"background-color":"var(--ast-global-color-5)","background-image":"","background-repeat":"repeat","background-position":"center center","background-size":"auto","background-attachment":"scroll","background-type":"","background-media":"","overlay-type":"","overlay-color":"","overlay-gradient":""},"tablet":{"background-color":"var(--ast-global-color-5)","background-image":"","background-repeat":"repeat","background-position":"center center","background-size":"auto","background-attachment":"scroll","background-type":"","background-media":"","overlay-type":"","overlay-color":"","overlay-gradient":""},"mobile":{"background-color":"var(--ast-global-color-5)","background-image":"","background-repeat":"repeat","background-position":"center center","background-size":"auto","background-attachment":"scroll","background-type":"","background-media":"","overlay-type":"","overlay-color":"","overlay-gradient":""}},"footnotes":""},"categories":[973,487,1408,29410,6686],"tags":[8754,2524,185422,221552,173785,147817],"class_list":["post-111131","post","type-post","status-publish","format-standard","hentry","category-cordoba","category-psicologia-clinica","category-psiquiatria","category-teoria-de-la-personalidad","category-terapia-del-comportamiento","tag-alfonso-blanco-picabia","tag-elena-ibanez-guerra","tag-fernando-sarramea-crespo","tag-jose-angel-alcala-partera","tag-maria-del-carmen-munoz-villanueva","tag-rogelio-luque-luque"],"_links":{"self":[{"href":"https:\/\/www.deberes.net\/tesis\/wp-json\/wp\/v2\/posts\/111131","targetHints":{"allow":["GET"]}}],"collection":[{"href":"https:\/\/www.deberes.net\/tesis\/wp-json\/wp\/v2\/posts"}],"about":[{"href":"https:\/\/www.deberes.net\/tesis\/wp-json\/wp\/v2\/types\/post"}],"author":[{"embeddable":true,"href":"https:\/\/www.deberes.net\/tesis\/wp-json\/wp\/v2\/users\/1"}],"replies":[{"embeddable":true,"href":"https:\/\/www.deberes.net\/tesis\/wp-json\/wp\/v2\/comments?post=111131"}],"version-history":[{"count":0,"href":"https:\/\/www.deberes.net\/tesis\/wp-json\/wp\/v2\/posts\/111131\/revisions"}],"wp:attachment":[{"href":"https:\/\/www.deberes.net\/tesis\/wp-json\/wp\/v2\/media?parent=111131"}],"wp:term":[{"taxonomy":"category","embeddable":true,"href":"https:\/\/www.deberes.net\/tesis\/wp-json\/wp\/v2\/categories?post=111131"},{"taxonomy":"post_tag","embeddable":true,"href":"https:\/\/www.deberes.net\/tesis\/wp-json\/wp\/v2\/tags?post=111131"}],"curies":[{"name":"wp","href":"https:\/\/api.w.org\/{rel}","templated":true}]}}