{"id":111147,"date":"2018-03-11T10:37:31","date_gmt":"2018-03-11T10:37:31","guid":{"rendered":"https:\/\/www.deberes.net\/tesis\/sin-categoria\/contribucion-al-estudio-del-lexico-agra%c2%adcola-de-soria\/"},"modified":"2018-03-11T10:37:31","modified_gmt":"2018-03-11T10:37:31","slug":"contribucion-al-estudio-del-lexico-agra%c2%adcola-de-soria","status":"publish","type":"post","link":"https:\/\/www.deberes.net\/tesis\/lexicografia\/contribucion-al-estudio-del-lexico-agra%c2%adcola-de-soria\/","title":{"rendered":"Contribuci\u00f3n al estudio del l\u00e9xico agr\u00edcola de soria"},"content":{"rendered":"<h2>Tesis doctoral de <strong> Elena Jim\u00e9nez Garc\u00eda <\/strong><\/h2>\n<p>El estudio, que bajo el t\u00edtulo contribuci\u00f3n al estudio del l\u00e9xico agr\u00edcola de soria se presenta como tesis doctoral, es el resultado de la clasificaci\u00f3n de las palabras y expresiones que se han recogido mediante cuestionarios realizados a cien personas de diferentes localidades sorianas, que tienen relaci\u00f3n con la agricultura de cereal.  el objetivo principal del trabajo ha sido rescatar del olvido palabras y expresiones que est\u00e1n en peligro de desaparici\u00f3n, ya que la mecanizaci\u00f3n del campo que se inici\u00f3 a partir de 1950 provoc\u00f3 desplazamientos y creaciones de nuevas palabras para referir labores agr\u00edcolas, nuevas m\u00e1quinas para realizarlas, etc. De este modo, aquellos t\u00e9rminos que han quedado en el recuerdo de los que por entonces se dedicaban profesionalmente a la agricultura del cereal se han perdido en el uso habitual y quienes los conocen tienen una edad avanzada, han dejado de usarlos y \u00fanicamente quedan en el recuerdo. Se trata de lemas que se refieren a objetos que ya no se utilizan, labores que ya no se desarrollan, vestimentas que ya no se usan, etc. Y que los agricultores j\u00f3venes no conocen, o \u00fanicamente las han escuchado y, por supuesto, no forman parte de su vocabulario activo. el conjunto de lemas han sido clasificados atendiendo a diversos campos sem\u00e1nticos con el objetivo de facilitar la b\u00fasqueda y ofrecer una informaci\u00f3n adicional \u00fatil para el usuario. Adem\u00e1s, este trabajo muestra al lector una informaci\u00f3n basada en la aparici\u00f3n o no de los lemas en diversas obras lexicogr\u00e1ficas de referencia as\u00ed como si se recoge con la misma o con diferente acepci\u00f3n que la que aqu\u00ed se propone.  en las entradas que poseen variantes se a\u00f1ade el enlace a una ficha con la informaci\u00f3n que ofrece el diccionario de la lengua espa\u00f1ola as\u00ed como el enlace a la p\u00e1gina web de la misma.  esta tesis puede suscitar el inicio de otros estudios, ya que se podr\u00eda hacer extensivo hacia otros cultivos, como los hort\u00edcolas, los frutales, la vid, la agricultura ecol\u00f3gica o energ\u00e9tica, o incluso hacia el \u00e1mbito ganadero o forestal. Tambi\u00e9n podr\u00eda realizarse un estudio terminol\u00f3gico comparativo entre el l\u00e9xico agr\u00edcola soriano con el l\u00e9xico agr\u00edcola de las provincias lim\u00edtrofes, ya que, si como hemos apreciado, existen variantes entre comarcas sorianas, es presumible que puedan recogerse esas y otras formas en las provincias que lindan con las comarcas de referencia. Igualmente resultar\u00eda interesante observar las migraciones temporales de trabajadores del campo, sobre todo entre los a\u00f1os 40 y 60 del siglo pasado, que pudieron propiciar el uso de variantes de t\u00e9rminos relacionados con la agricultura y su extensi\u00f3n a otras comarcas. En resumen, los estudios que tomasen este como punto de partida podr\u00edan profundizar en el estudio de la dialectolog\u00eda, de la terminolog\u00eda y de la lexicograf\u00eda de cada campo de especialidad.<\/p>\n<p>&nbsp;<\/p>\n<h3>Datos acad\u00e9micos de la tesis doctoral \u00ab<strong>Contribuci\u00f3n al estudio del l\u00e9xico agr\u00edcola de soria<\/strong>\u00ab<\/h3>\n<ul>\n<li><strong>T\u00edtulo de la tesis:<\/strong>\u00a0 Contribuci\u00f3n al estudio del l\u00e9xico agr\u00edcola de soria <\/li>\n<li><strong>Autor:<\/strong>\u00a0 Elena Jim\u00e9nez Garc\u00eda <\/li>\n<li><strong>Universidad:<\/strong>\u00a0 Valladolid<\/li>\n<li><strong>Fecha de lectura de la tesis:<\/strong>\u00a0 29\/09\/2011<\/li>\n<\/ul>\n<p>&nbsp;<\/p>\n<h3>Direcci\u00f3n y tribunal<\/h3>\n<ul>\n<li><strong>Director de la tesis<\/strong>\n<ul>\n<li>Jes\u00fas Mar\u00eda Bachiller<\/li>\n<\/ul>\n<\/li>\n<li><strong>Tribunal<\/strong>\n<ul>\n<li>Presidente del tribunal: Jos\u00e9 Antonio Pascual rodr\u00edguez <\/li>\n<li>Jos\u00e9 ramon Morala rodriguez (vocal)<\/li>\n<li>carmen Hernandez gonzalez (vocal)<\/li>\n<li>salvador Guti\u00e9rrez ord\u00f3\u00f1ez (vocal)<\/li>\n<\/ul>\n<\/li>\n<\/ul>\n<p>&nbsp;<\/p>\n","protected":false},"excerpt":{"rendered":"<p>Tesis doctoral de Elena Jim\u00e9nez Garc\u00eda El estudio, que bajo el t\u00edtulo contribuci\u00f3n al estudio del l\u00e9xico agr\u00edcola de soria [&hellip;]<\/p>\n","protected":false},"author":1,"featured_media":0,"comment_status":"open","ping_status":"open","sticky":false,"template":"","format":"standard","meta":{"site-sidebar-layout":"default","site-content-layout":"","ast-site-content-layout":"","site-content-style":"default","site-sidebar-style":"default","ast-global-header-display":"","ast-banner-title-visibility":"","ast-main-header-display":"","ast-hfb-above-header-display":"","ast-hfb-below-header-display":"","ast-hfb-mobile-header-display":"","site-post-title":"","ast-breadcrumbs-content":"","ast-featured-img":"","footer-sml-layout":"","theme-transparent-header-meta":"","adv-header-id-meta":"","stick-header-meta":"","header-above-stick-meta":"","header-main-stick-meta":"","header-below-stick-meta":"","astra-migrate-meta-layouts":"default","ast-page-background-enabled":"default","ast-page-background-meta":{"desktop":{"background-color":"var(--ast-global-color-4)","background-image":"","background-repeat":"repeat","background-position":"center center","background-size":"auto","background-attachment":"scroll","background-type":"","background-media":"","overlay-type":"","overlay-color":"","overlay-gradient":""},"tablet":{"background-color":"","background-image":"","background-repeat":"repeat","background-position":"center center","background-size":"auto","background-attachment":"scroll","background-type":"","background-media":"","overlay-type":"","overlay-color":"","overlay-gradient":""},"mobile":{"background-color":"","background-image":"","background-repeat":"repeat","background-position":"center center","background-size":"auto","background-attachment":"scroll","background-type":"","background-media":"","overlay-type":"","overlay-color":"","overlay-gradient":""}},"ast-content-background-meta":{"desktop":{"background-color":"var(--ast-global-color-5)","background-image":"","background-repeat":"repeat","background-position":"center center","background-size":"auto","background-attachment":"scroll","background-type":"","background-media":"","overlay-type":"","overlay-color":"","overlay-gradient":""},"tablet":{"background-color":"var(--ast-global-color-5)","background-image":"","background-repeat":"repeat","background-position":"center center","background-size":"auto","background-attachment":"scroll","background-type":"","background-media":"","overlay-type":"","overlay-color":"","overlay-gradient":""},"mobile":{"background-color":"var(--ast-global-color-5)","background-image":"","background-repeat":"repeat","background-position":"center center","background-size":"auto","background-attachment":"scroll","background-type":"","background-media":"","overlay-type":"","overlay-color":"","overlay-gradient":""}},"footnotes":""},"categories":[2301,12451],"tags":[21061,221573,221574,4454,4453,3018],"class_list":["post-111147","post","type-post","status-publish","format-standard","hentry","category-lexicografia","category-valladolid","tag-carmen-hernandez-gonzalez","tag-elena-jimenez-garcia","tag-jesus-maria-bachiller","tag-jose-antonio-pascual-rodriguez","tag-jose-ramon-morala-rodriguez","tag-salvador-gutierrez-ordonez"],"_links":{"self":[{"href":"https:\/\/www.deberes.net\/tesis\/wp-json\/wp\/v2\/posts\/111147","targetHints":{"allow":["GET"]}}],"collection":[{"href":"https:\/\/www.deberes.net\/tesis\/wp-json\/wp\/v2\/posts"}],"about":[{"href":"https:\/\/www.deberes.net\/tesis\/wp-json\/wp\/v2\/types\/post"}],"author":[{"embeddable":true,"href":"https:\/\/www.deberes.net\/tesis\/wp-json\/wp\/v2\/users\/1"}],"replies":[{"embeddable":true,"href":"https:\/\/www.deberes.net\/tesis\/wp-json\/wp\/v2\/comments?post=111147"}],"version-history":[{"count":0,"href":"https:\/\/www.deberes.net\/tesis\/wp-json\/wp\/v2\/posts\/111147\/revisions"}],"wp:attachment":[{"href":"https:\/\/www.deberes.net\/tesis\/wp-json\/wp\/v2\/media?parent=111147"}],"wp:term":[{"taxonomy":"category","embeddable":true,"href":"https:\/\/www.deberes.net\/tesis\/wp-json\/wp\/v2\/categories?post=111147"},{"taxonomy":"post_tag","embeddable":true,"href":"https:\/\/www.deberes.net\/tesis\/wp-json\/wp\/v2\/tags?post=111147"}],"curies":[{"name":"wp","href":"https:\/\/api.w.org\/{rel}","templated":true}]}}