{"id":111151,"date":"2018-03-11T10:37:31","date_gmt":"2018-03-11T10:37:31","guid":{"rendered":"https:\/\/www.deberes.net\/tesis\/sin-categoria\/analisis-de-la-escala-para-la-evaluacion-del-trastorno-por-deficit-de-atencion-con-hiperactividad-en-poblacion-escolar-chilena\/"},"modified":"2018-03-11T10:37:31","modified_gmt":"2018-03-11T10:37:31","slug":"analisis-de-la-escala-para-la-evaluacion-del-trastorno-por-deficit-de-atencion-con-hiperactividad-en-poblacion-escolar-chilena","status":"publish","type":"post","link":"https:\/\/www.deberes.net\/tesis\/analisis-por-escalas-en-psicologia\/analisis-de-la-escala-para-la-evaluacion-del-trastorno-por-deficit-de-atencion-con-hiperactividad-en-poblacion-escolar-chilena\/","title":{"rendered":"An\u00e1lisis de la escala para la evaluacion del trastorno por d\u00e9ficit de atenci\u00f3n con hiperactividad en poblaci\u00f3n escolar chilena"},"content":{"rendered":"<h2>Tesis doctoral de <strong> Marta Belmar Mellado <\/strong><\/h2>\n<p>Objetivos. Las necesidades de atenci\u00f3n en salud mental infantil hacen necesario contar con estudios epidemiol\u00f3gicos que sirvan de base para perfeccionar las intervenciones y acrecentar el diagn\u00f3stico, con instrumentos fiables y adecuados al contexto. El objetivo de este estudio fue analizar las propiedades psicom\u00e9tricas de la escala para la evaluaci\u00f3n del trastorno por d\u00e9ficit atencional (edah), en escolares de primaria y secundaria de chile. M\u00e9todo. Se evalu\u00f3 una muestra de 508 alumnos (144 con d\u00e9ficit atencional, 110 con sospecha de padecerlo y 254 comunes) mediante el test cumplimentado por sus profesores. Resultados. La estructura factorial de la edah, revel\u00f3 tres factores que en conjunto explican el 66,61% de la varianza total de la escala, con un coeficiente alfa de ,948. Las evidencias de la validez de constructo indicaron que los factores eran invariantes respecto al diagn\u00f3stico, mientras que, el an\u00e1lisis discriminante result\u00f3 significativo a partir de la combinaci\u00f3n lineal de las 3 dimensiones de la escala. Los coeficientes estandarizados mostraron que los problemas de conducta y la impulsividad pose\u00edan mejor poder discriminante, igualmente, los coeficientes de estructura marcaron mayor relaci\u00f3n con los problemas de comportamiento y con el d\u00e9ficit de atenci\u00f3n. La construcci\u00f3n de un baremo permiti\u00f3 establecer puntos de corte estandarizados para hombres y mujeres. Conclusiones. Se efectu\u00f3 el estudio transversal de salud mental en escolares chilenos, revelando que la escala posee una alta capacidad de discriminaci\u00f3n, fiabilidad de elementos y factores, adem\u00e1s de manifestar un \u00f3ptimo poder discriminante entre factores. Se discuten las implicaciones y el posible aporte incrementando el diagn\u00f3stico cl\u00ednico en salud mental.<\/p>\n<p>&nbsp;<\/p>\n<h3>Datos acad\u00e9micos de la tesis doctoral \u00ab<strong>An\u00e1lisis de la escala para la evaluacion del trastorno por d\u00e9ficit de atenci\u00f3n con hiperactividad en poblaci\u00f3n escolar chilena<\/strong>\u00ab<\/h3>\n<ul>\n<li><strong>T\u00edtulo de la tesis:<\/strong>\u00a0 An\u00e1lisis de la escala para la evaluacion del trastorno por d\u00e9ficit de atenci\u00f3n con hiperactividad en poblaci\u00f3n escolar chilena <\/li>\n<li><strong>Autor:<\/strong>\u00a0 Marta Belmar Mellado <\/li>\n<li><strong>Universidad:<\/strong>\u00a0 Alicante<\/li>\n<li><strong>Fecha de lectura de la tesis:<\/strong>\u00a0 29\/09\/2011<\/li>\n<\/ul>\n<p>&nbsp;<\/p>\n<h3>Direcci\u00f3n y tribunal<\/h3>\n<ul>\n<li><strong>Director de la tesis<\/strong>\n<ul>\n<li>Leandro Navas Mart\u00ednez<\/li>\n<\/ul>\n<\/li>\n<li><strong>Tribunal<\/strong>\n<ul>\n<li>Presidente del tribunal: Mar\u00eda isabel Barbero Garc\u00eda <\/li>\n<li>gonzalo Sampascual maicas (vocal)<\/li>\n<li>Mar\u00eda del carmen P\u00e9rez-llantada rueda (vocal)<\/li>\n<li>Juan  Luis Castej\u00f3n costa (vocal)<\/li>\n<\/ul>\n<\/li>\n<\/ul>\n<p>&nbsp;<\/p>\n","protected":false},"excerpt":{"rendered":"<p>Tesis doctoral de Marta Belmar Mellado Objetivos. Las necesidades de atenci\u00f3n en salud mental infantil hacen necesario contar con estudios [&hellip;]<\/p>\n","protected":false},"author":1,"featured_media":0,"comment_status":"open","ping_status":"open","sticky":false,"template":"","format":"standard","meta":{"site-sidebar-layout":"default","site-content-layout":"","ast-site-content-layout":"","site-content-style":"default","site-sidebar-style":"default","ast-global-header-display":"","ast-banner-title-visibility":"","ast-main-header-display":"","ast-hfb-above-header-display":"","ast-hfb-below-header-display":"","ast-hfb-mobile-header-display":"","site-post-title":"","ast-breadcrumbs-content":"","ast-featured-img":"","footer-sml-layout":"","theme-transparent-header-meta":"","adv-header-id-meta":"","stick-header-meta":"","header-above-stick-meta":"","header-main-stick-meta":"","header-below-stick-meta":"","astra-migrate-meta-layouts":"default","ast-page-background-enabled":"default","ast-page-background-meta":{"desktop":{"background-color":"var(--ast-global-color-4)","background-image":"","background-repeat":"repeat","background-position":"center center","background-size":"auto","background-attachment":"scroll","background-type":"","background-media":"","overlay-type":"","overlay-color":"","overlay-gradient":""},"tablet":{"background-color":"","background-image":"","background-repeat":"repeat","background-position":"center center","background-size":"auto","background-attachment":"scroll","background-type":"","background-media":"","overlay-type":"","overlay-color":"","overlay-gradient":""},"mobile":{"background-color":"","background-image":"","background-repeat":"repeat","background-position":"center center","background-size":"auto","background-attachment":"scroll","background-type":"","background-media":"","overlay-type":"","overlay-color":"","overlay-gradient":""}},"ast-content-background-meta":{"desktop":{"background-color":"var(--ast-global-color-5)","background-image":"","background-repeat":"repeat","background-position":"center center","background-size":"auto","background-attachment":"scroll","background-type":"","background-media":"","overlay-type":"","overlay-color":"","overlay-gradient":""},"tablet":{"background-color":"var(--ast-global-color-5)","background-image":"","background-repeat":"repeat","background-position":"center center","background-size":"auto","background-attachment":"scroll","background-type":"","background-media":"","overlay-type":"","overlay-color":"","overlay-gradient":""},"mobile":{"background-color":"var(--ast-global-color-5)","background-image":"","background-repeat":"repeat","background-position":"center center","background-size":"auto","background-attachment":"scroll","background-type":"","background-media":"","overlay-type":"","overlay-color":"","overlay-gradient":""}},"footnotes":""},"categories":[19166,2871,6222,5174],"tags":[5138,19437,17302,166122,17419,221581],"class_list":["post-111151","post","type-post","status-publish","format-standard","hentry","category-alicante","category-analisis-por-escalas-en-psicologia","category-educacion-especial","category-psicopedagogia","tag-gonzalo-sampascual-maicas","tag-juan-luis-castejon-costa","tag-leandro-navas-Martinez","tag-maria-del-carmen-perez-llantada-rueda","tag-maria-isabel-barbero-garcia","tag-marta-belmar-mellado"],"_links":{"self":[{"href":"https:\/\/www.deberes.net\/tesis\/wp-json\/wp\/v2\/posts\/111151","targetHints":{"allow":["GET"]}}],"collection":[{"href":"https:\/\/www.deberes.net\/tesis\/wp-json\/wp\/v2\/posts"}],"about":[{"href":"https:\/\/www.deberes.net\/tesis\/wp-json\/wp\/v2\/types\/post"}],"author":[{"embeddable":true,"href":"https:\/\/www.deberes.net\/tesis\/wp-json\/wp\/v2\/users\/1"}],"replies":[{"embeddable":true,"href":"https:\/\/www.deberes.net\/tesis\/wp-json\/wp\/v2\/comments?post=111151"}],"version-history":[{"count":0,"href":"https:\/\/www.deberes.net\/tesis\/wp-json\/wp\/v2\/posts\/111151\/revisions"}],"wp:attachment":[{"href":"https:\/\/www.deberes.net\/tesis\/wp-json\/wp\/v2\/media?parent=111151"}],"wp:term":[{"taxonomy":"category","embeddable":true,"href":"https:\/\/www.deberes.net\/tesis\/wp-json\/wp\/v2\/categories?post=111151"},{"taxonomy":"post_tag","embeddable":true,"href":"https:\/\/www.deberes.net\/tesis\/wp-json\/wp\/v2\/tags?post=111151"}],"curies":[{"name":"wp","href":"https:\/\/api.w.org\/{rel}","templated":true}]}}