{"id":111165,"date":"2018-03-11T10:37:36","date_gmt":"2018-03-11T10:37:36","guid":{"rendered":"https:\/\/www.deberes.net\/tesis\/sin-categoria\/la-escultura-animalista-valenciana-del-siglo-xx-un-enfoque-inedito-sobre-los-escultores-valencianos-formados-con-anterioridad-a-la-guerra-civil-1920-1940\/"},"modified":"2018-03-11T10:37:36","modified_gmt":"2018-03-11T10:37:36","slug":"la-escultura-animalista-valenciana-del-siglo-xx-un-enfoque-inedito-sobre-los-escultores-valencianos-formados-con-anterioridad-a-la-guerra-civil-1920-1940","status":"publish","type":"post","link":"https:\/\/www.deberes.net\/tesis\/historia-del-arte\/la-escultura-animalista-valenciana-del-siglo-xx-un-enfoque-inedito-sobre-los-escultores-valencianos-formados-con-anterioridad-a-la-guerra-civil-1920-1940\/","title":{"rendered":"La  escultura  animalista Valenciana del siglo xx. (un enfoque in\u00e9dito sobre los escultores Valencianos formados con anterioridad a la guerra civil 1920-1940)"},"content":{"rendered":"<h2>Tesis doctoral de <strong> Vicente Juan Morant Mayor <\/strong><\/h2>\n<p>El principal objetivo de la presente tesis ha sido sacar a la luz, de una manera uniforme y ordenada, el patrimonio Valenciano de escultura animal\u00edstica de los a\u00f1os comprendidos entre 1920 y 1940. Para ello se ha ordenado, sistematizado y contextualizado todo un patrimonio escult\u00f3rico, el cual estaba hasta este momento disperso, en su estudio, en m\u00faltiples publicaciones. Esta dispersi\u00f3n supon\u00eda el an\u00e1lisis desde perspectivas muy tangenciales y enfoques muy particularizados en los diversos escultores tratados, sin atender, ni en extensi\u00f3n ni pormenorizadamente, a la producci\u00f3n animalista. Se ha tratado de sincronizar la labor escult\u00f3rica de estos artistas con el quehacer de los escultores espa\u00f1oles, realizando un an\u00e1lisis comparativo y estableciendo cuantas conexiones estil\u00edsticas han surgido. Del mismo modo se ha pretendido establecer las posibles sinton\u00edas con el contexto europeo e internacional. Se debe destacar el impacto que en toda esta generaci\u00f3n de escultores tuvo el estilo art-d\u00e9co. Y no s\u00f3lo en aquellos autores m\u00e1s comprometidos con la innovaci\u00f3n, el lenguaje vanguardista o la modernidad, como fue el caso de rafael p\u00e9rez contel, antonio ballester vilaseca, francisco bad\u00eda plasencia, enrique moret astruells o ricard boix oviedo, sino tambi\u00e9n en otros  muchos  escultores que aprovecharon la tem\u00e1tica animalista para introducir este lenguaje rupturista en su producci\u00f3n. adem\u00e1s de los escultores mencionados destacamos tambi\u00e9n la aportaci\u00f3n animalista de luis bolinches compa\u00f1, antonio navarro santaf\u00e9, luis benedito vives, alfredo just gimeno o manuel monle\u00f3n burgos,  la proclamaci\u00f3n de la ii republica impuls\u00f3 muchas de las esperanzas y anhelos de buena parte de los artistas Valencianos, sobre todo de aquellos m\u00e1s comprometidos con la renovaci\u00f3n.  Se ha podido constatar como la escultura animalista ejerci\u00f3 de tr\u00e1nsito, de camino, en las d\u00e9cadas de los a\u00f1os tratados, entre la escultura m\u00e1s varada en el academicismo y los modos tradicionales y aquella, que en ese momentos aparec\u00eda bajo la etiqueta de moderna, aquella m\u00e1s comprometida con la novedad. Aunque no podemos afirmar que se sumergieran en postulados vanguardistas, algunos de los aspectos formales de la vanguardia hist\u00f3rica, sobre todo los de origen cubista y futurista, fueron refundidos y reelaborados con m\u00e1s eficacia en la escultura animalista que no en la escultura humanizada. Se ha podido constatar que desde la frescura que ofrece la tem\u00e1tica animalista se brind\u00f3 a los escultores un marco de libertad alejado de los pesados debates acad\u00e9micos que surgieron en torno a la representaci\u00f3n de la figura humana. La escultura animalista Valenciana de los a\u00f1os tratados supuso un nuevo universo representativo de ex\u00f3tico contenido, de audaz representaci\u00f3n, de lejanas sugerencias. Todo ello en un panorama escult\u00f3rico, el Valenciano, dominado por las aportaciones mariano benlliure o por las imposiciones de un rancio y obsoleto academicismo. un cap\u00edtulo significativo del presente trabajo ha sido la investigaci\u00f3n de la prensa del momento tratado. En las b\u00fasquedas realizadas en la biblioteca nacional de espa\u00f1a, as\u00ed como en la biblioteca Valenciana y en la biblioteca de catalunya, todas ellas en sus secciones de hemeroteca, no se ha localizado ning\u00fan resultado que se ajuste a la tem\u00e1tica del presente trabajo de investigaci\u00f3n, la escultura animalista, en el marco cronol\u00f3gico que trascurre de 1900 a 1920, si exceptuamos un \u00fanico caso. La primera vez que se da cuenta de la labor animalista de un escultor es de josep pujol montan\u00e9 en las galeries laietanes de barcelona en  abril de 1917. Sin embargo, en el periodo tratado, 1920-1940,  es cuando se da el grueso de la informaci\u00f3n obtenida. Y de nuevo vuelve a disminuir muy considerablemente la informaci\u00f3n obtenida una vez pasado el periodo aqu\u00ed tratado. Por la cantidad de documentaci\u00f3n hemerogr\u00e1fica extra\u00edda sobre el tema del presente trabajo de investigaci\u00f3n podemos asegurar otra conclusi\u00f3n, sin duda el periodo 1920-1940 es el momento cumbre de la escultura animalista en Valencia, e incluso nos atrever\u00edamos a aventurar que en el estado espa\u00f1ol. Por el contrario, la presencia de una \u00ednfima informaci\u00f3n en el periodo de 1900 a 1920 tambi\u00e9n nos decide a afirmar que dicha tem\u00e1tica, si bien ten\u00eda escultores que la practicaron, no se le atendi\u00f3, ni consider\u00f3, en los \u00e1mbitos de la cr\u00edtica.  a tenor de la informaci\u00f3n localizada, tambi\u00e9n se puede afirmar que si bien barcelona fue el lugar de recepci\u00f3n de esta nueva escultura fue en la capital del estado, Madrid, en donde esta propuesta recibi\u00f3 mayor atenci\u00f3n y seguimiento cr\u00edtico. Es, pues, en este marco de atracci\u00f3n que ejerce la capital en el que hay que encuadrar una parte muy importante de la producci\u00f3n Valenciana. \u00e9sta bascula entre dos polos geogr\u00e1ficos, por una parte la realidad de Valencia capital, con sus serias limitaciones, y por otro parte, el amplio e importante escaparate que supone exponer en Madrid. otro cap\u00edtulo significado en el presente trabajo ha sido la investigaci\u00f3n y an\u00e1lisis de la participaci\u00f3n de los escultores Valencianos en las diversas ediciones de las exposiciones nacionales de bellas artes y los salones de oto\u00f1o de Madrid.<\/p>\n<p>&nbsp;<\/p>\n<h3>Datos acad\u00e9micos de la tesis doctoral \u00ab<strong>La  escultura  animalista Valenciana del siglo xx. (un enfoque in\u00e9dito sobre los escultores Valencianos formados con anterioridad a la guerra civil 1920-1940)<\/strong>\u00ab<\/h3>\n<ul>\n<li><strong>T\u00edtulo de la tesis:<\/strong>\u00a0 La  escultura  animalista Valenciana del siglo xx. (un enfoque in\u00e9dito sobre los escultores Valencianos formados con anterioridad a la guerra civil 1920-1940) <\/li>\n<li><strong>Autor:<\/strong>\u00a0 Vicente Juan Morant Mayor <\/li>\n<li><strong>Universidad:<\/strong>\u00a0 Polit\u00e9cnica de Valencia<\/li>\n<li><strong>Fecha de lectura de la tesis:<\/strong>\u00a0 29\/09\/2011<\/li>\n<\/ul>\n<p>&nbsp;<\/p>\n<h3>Direcci\u00f3n y tribunal<\/h3>\n<ul>\n<li><strong>Director de la tesis<\/strong>\n<ul>\n<li>Juan  \u00e1ngel Blasco Carrascosa<\/li>\n<\/ul>\n<\/li>\n<li><strong>Tribunal<\/strong>\n<ul>\n<li>Presidente del tribunal: rom\u00ed\u00a0 De la calle de la calle <\/li>\n<li>ricard Huerta ramon (vocal)<\/li>\n<li>pablo Rafael Sede\u00f1o pacios (vocal)<\/li>\n<li>Juan  Jos\u00e9 Llobell  andr\u00e9s (vocal)<\/li>\n<\/ul>\n<\/li>\n<\/ul>\n<p>&nbsp;<\/p>\n","protected":false},"excerpt":{"rendered":"<p>Tesis doctoral de Vicente Juan Morant Mayor El principal objetivo de la presente tesis ha sido sacar a la luz, [&hellip;]<\/p>\n","protected":false},"author":1,"featured_media":0,"comment_status":"open","ping_status":"open","sticky":false,"template":"","format":"standard","meta":{"site-sidebar-layout":"default","site-content-layout":"","ast-site-content-layout":"","site-content-style":"default","site-sidebar-style":"default","ast-global-header-display":"","ast-banner-title-visibility":"","ast-main-header-display":"","ast-hfb-above-header-display":"","ast-hfb-below-header-display":"","ast-hfb-mobile-header-display":"","site-post-title":"","ast-breadcrumbs-content":"","ast-featured-img":"","footer-sml-layout":"","theme-transparent-header-meta":"","adv-header-id-meta":"","stick-header-meta":"","header-above-stick-meta":"","header-main-stick-meta":"","header-below-stick-meta":"","astra-migrate-meta-layouts":"default","ast-page-background-enabled":"default","ast-page-background-meta":{"desktop":{"background-color":"var(--ast-global-color-4)","background-image":"","background-repeat":"repeat","background-position":"center center","background-size":"auto","background-attachment":"scroll","background-type":"","background-media":"","overlay-type":"","overlay-color":"","overlay-gradient":""},"tablet":{"background-color":"","background-image":"","background-repeat":"repeat","background-position":"center center","background-size":"auto","background-attachment":"scroll","background-type":"","background-media":"","overlay-type":"","overlay-color":"","overlay-gradient":""},"mobile":{"background-color":"","background-image":"","background-repeat":"repeat","background-position":"center center","background-size":"auto","background-attachment":"scroll","background-type":"","background-media":"","overlay-type":"","overlay-color":"","overlay-gradient":""}},"ast-content-background-meta":{"desktop":{"background-color":"var(--ast-global-color-5)","background-image":"","background-repeat":"repeat","background-position":"center center","background-size":"auto","background-attachment":"scroll","background-type":"","background-media":"","overlay-type":"","overlay-color":"","overlay-gradient":""},"tablet":{"background-color":"var(--ast-global-color-5)","background-image":"","background-repeat":"repeat","background-position":"center center","background-size":"auto","background-attachment":"scroll","background-type":"","background-media":"","overlay-type":"","overlay-color":"","overlay-gradient":""},"mobile":{"background-color":"var(--ast-global-color-5)","background-image":"","background-repeat":"repeat","background-position":"center center","background-size":"auto","background-attachment":"scroll","background-type":"","background-media":"","overlay-type":"","overlay-color":"","overlay-gradient":""}},"footnotes":""},"categories":[4363,1014,2563,16820,1111],"tags":[147940,221603,62662,72628,16851,221602],"class_list":["post-111165","post","type-post","status-publish","format-standard","hentry","category-escultura","category-historia-del-arte","category-historia-del-arte-de-los-siglos-xix-y-xx","category-politecnica-de-valencia","category-teoria-analisis-y-critica-de-las-bellas-artes","tag-juan-angel-blasco-carrascosa","tag-juan-jose-llobell-andres","tag-pablo-rafael-sedeno-pacios","tag-ricard-huerta-ramon","tag-romi-de-la-calle-de-la-calle","tag-vicente-juan-morant-mayor"],"_links":{"self":[{"href":"https:\/\/www.deberes.net\/tesis\/wp-json\/wp\/v2\/posts\/111165","targetHints":{"allow":["GET"]}}],"collection":[{"href":"https:\/\/www.deberes.net\/tesis\/wp-json\/wp\/v2\/posts"}],"about":[{"href":"https:\/\/www.deberes.net\/tesis\/wp-json\/wp\/v2\/types\/post"}],"author":[{"embeddable":true,"href":"https:\/\/www.deberes.net\/tesis\/wp-json\/wp\/v2\/users\/1"}],"replies":[{"embeddable":true,"href":"https:\/\/www.deberes.net\/tesis\/wp-json\/wp\/v2\/comments?post=111165"}],"version-history":[{"count":0,"href":"https:\/\/www.deberes.net\/tesis\/wp-json\/wp\/v2\/posts\/111165\/revisions"}],"wp:attachment":[{"href":"https:\/\/www.deberes.net\/tesis\/wp-json\/wp\/v2\/media?parent=111165"}],"wp:term":[{"taxonomy":"category","embeddable":true,"href":"https:\/\/www.deberes.net\/tesis\/wp-json\/wp\/v2\/categories?post=111165"},{"taxonomy":"post_tag","embeddable":true,"href":"https:\/\/www.deberes.net\/tesis\/wp-json\/wp\/v2\/tags?post=111165"}],"curies":[{"name":"wp","href":"https:\/\/api.w.org\/{rel}","templated":true}]}}