{"id":111221,"date":"2018-03-11T10:37:36","date_gmt":"2018-03-11T10:37:36","guid":{"rendered":"https:\/\/www.deberes.net\/tesis\/sin-categoria\/estudio-del-ruido-radioelectrico-en-onda-media-en-interiores\/"},"modified":"2018-03-11T10:37:36","modified_gmt":"2018-03-11T10:37:36","slug":"estudio-del-ruido-radioelectrico-en-onda-media-en-interiores","status":"publish","type":"post","link":"https:\/\/www.deberes.net\/tesis\/radiocomunicaciones\/estudio-del-ruido-radioelectrico-en-onda-media-en-interiores\/","title":{"rendered":"Estudio del ruido radioel\u00e9ctrico en onda media en interiores"},"content":{"rendered":"<h2>Tesis doctoral de <strong> Iratxe Landa Sedano <\/strong><\/h2>\n<p>Esta tesis realiza un estudio de los niveles de ruido radioel\u00e9ctrico presentes en la banda de onda media centrado en entornos de recepci\u00f3n en interiores. El estudio se ha llevado a cabo a partir de unas campa\u00f1as de medidas realizadas a lo largo de los a\u00f1os. esta tesis da respuesta a la petici\u00f3n de la uni\u00f3n internacional de telecomunicaciones,, itu, en su cuesti\u00f3n itu-r 214-3\/3, en la que se pide estudiar el ruido radioel\u00e9ctrico en distintos entornos y sus variaciones. para obtener los valores reales del ruido radioel\u00e9ctrico en onda media, se han realizado  varias campa\u00f1as de medidas, en las cuales se han tomado medidas de ruido durante largos periodos de tiempo y en gran n\u00famero de puntos. La gran parte de las aportaciones de la tesis se obtienen de los resultados obtenidos al analizar los datos de estas campa\u00f1as de medidas. en esta tesis se estudia la influencia que tienen, sobre los resultados finales de los valores de ruido, tanto los m\u00e9todos de medida de ruido, como las caracter\u00edsticas de las antenas de onda media, as\u00ed como la metodolog\u00eda de procesado y de an\u00e1lisis de datos empleada. Como resultado del trabajo realizado, se aportan valores de ruido de referencia y f\u00f3rmulas emp\u00edricas para la predicci\u00f3n del ruido radioel\u00e9ctrico en onda media. Adem\u00e1s, se han analizado las variaciones del ruido en funci\u00f3n de varios factores, como son la frecuencia, la variaci\u00f3n temporal de larga duraci\u00f3n (en 2 a\u00f1os) y de corta duraci\u00f3n (en un d\u00eda), as\u00ed como la influencia del tipo de entorno en interiores.  los resultados derivados de esta tesis se han publicado en una revista y se han presentado en dos congresos internacionales. Adem\u00e1s, se pretende presentar estos resultados en el grupo de trabajo 3l de la itu.<\/p>\n<p>&nbsp;<\/p>\n<h3>Datos acad\u00e9micos de la tesis doctoral \u00ab<strong>Estudio del ruido radioel\u00e9ctrico en onda media en interiores<\/strong>\u00ab<\/h3>\n<ul>\n<li><strong>T\u00edtulo de la tesis:<\/strong>\u00a0 Estudio del ruido radioel\u00e9ctrico en onda media en interiores <\/li>\n<li><strong>Autor:<\/strong>\u00a0 Iratxe Landa Sedano <\/li>\n<li><strong>Universidad:<\/strong>\u00a0 Pa\u00eds vasco\/euskal herriko unibertsitatea<\/li>\n<li><strong>Fecha de lectura de la tesis:<\/strong>\u00a0 30\/09\/2011<\/li>\n<\/ul>\n<p>&nbsp;<\/p>\n<h3>Direcci\u00f3n y tribunal<\/h3>\n<ul>\n<li><strong>Director de la tesis<\/strong>\n<ul>\n<li>Manuel Velez Elordi<\/li>\n<\/ul>\n<\/li>\n<li><strong>Tribunal<\/strong>\n<ul>\n<li>Presidente del tribunal: Juan  Luis Ordiales basterrechea <\/li>\n<li>maurizio Murroni (vocal)<\/li>\n<li>joan lLuis Pijoan vidal (vocal)<\/li>\n<li>Javiermanuel Gozalvez sempere (vocal)<\/li>\n<\/ul>\n<\/li>\n<\/ul>\n<p>&nbsp;<\/p>\n","protected":false},"excerpt":{"rendered":"<p>Tesis doctoral de Iratxe Landa Sedano Esta tesis realiza un estudio de los niveles de ruido radioel\u00e9ctrico presentes en la [&hellip;]<\/p>\n","protected":false},"author":1,"featured_media":0,"comment_status":"open","ping_status":"open","sticky":false,"template":"","format":"standard","meta":{"site-sidebar-layout":"default","site-content-layout":"","ast-site-content-layout":"","site-content-style":"default","site-sidebar-style":"default","ast-global-header-display":"","ast-banner-title-visibility":"","ast-main-header-display":"","ast-hfb-above-header-display":"","ast-hfb-below-header-display":"","ast-hfb-mobile-header-display":"","site-post-title":"","ast-breadcrumbs-content":"","ast-featured-img":"","footer-sml-layout":"","theme-transparent-header-meta":"","adv-header-id-meta":"","stick-header-meta":"","header-above-stick-meta":"","header-main-stick-meta":"","header-below-stick-meta":"","astra-migrate-meta-layouts":"default","ast-page-background-enabled":"default","ast-page-background-meta":{"desktop":{"background-color":"var(--ast-global-color-4)","background-image":"","background-repeat":"repeat","background-position":"center center","background-size":"auto","background-attachment":"scroll","background-type":"","background-media":"","overlay-type":"","overlay-color":"","overlay-gradient":""},"tablet":{"background-color":"","background-image":"","background-repeat":"repeat","background-position":"center center","background-size":"auto","background-attachment":"scroll","background-type":"","background-media":"","overlay-type":"","overlay-color":"","overlay-gradient":""},"mobile":{"background-color":"","background-image":"","background-repeat":"repeat","background-position":"center center","background-size":"auto","background-attachment":"scroll","background-type":"","background-media":"","overlay-type":"","overlay-color":"","overlay-gradient":""}},"ast-content-background-meta":{"desktop":{"background-color":"var(--ast-global-color-5)","background-image":"","background-repeat":"repeat","background-position":"center center","background-size":"auto","background-attachment":"scroll","background-type":"","background-media":"","overlay-type":"","overlay-color":"","overlay-gradient":""},"tablet":{"background-color":"var(--ast-global-color-5)","background-image":"","background-repeat":"repeat","background-position":"center center","background-size":"auto","background-attachment":"scroll","background-type":"","background-media":"","overlay-type":"","overlay-color":"","overlay-gradient":""},"mobile":{"background-color":"var(--ast-global-color-5)","background-image":"","background-repeat":"repeat","background-position":"center center","background-size":"auto","background-attachment":"scroll","background-type":"","background-media":"","overlay-type":"","overlay-color":"","overlay-gradient":""}},"footnotes":""},"categories":[12909,2488],"tags":[221685,132561,135974,142692,142691,195546],"class_list":["post-111221","post","type-post","status-publish","format-standard","hentry","category-pais-vasco-euskal-herriko-unibertsitatea","category-radiocomunicaciones","tag-iratxe-landa-sedano","tag-javiermanuel-gozalvez-sempere","tag-joan-lluis-pijoan-vidal","tag-juan-luis-ordiales-basterrechea","tag-manuel-velez-elordi","tag-maurizio-murroni"],"_links":{"self":[{"href":"https:\/\/www.deberes.net\/tesis\/wp-json\/wp\/v2\/posts\/111221","targetHints":{"allow":["GET"]}}],"collection":[{"href":"https:\/\/www.deberes.net\/tesis\/wp-json\/wp\/v2\/posts"}],"about":[{"href":"https:\/\/www.deberes.net\/tesis\/wp-json\/wp\/v2\/types\/post"}],"author":[{"embeddable":true,"href":"https:\/\/www.deberes.net\/tesis\/wp-json\/wp\/v2\/users\/1"}],"replies":[{"embeddable":true,"href":"https:\/\/www.deberes.net\/tesis\/wp-json\/wp\/v2\/comments?post=111221"}],"version-history":[{"count":0,"href":"https:\/\/www.deberes.net\/tesis\/wp-json\/wp\/v2\/posts\/111221\/revisions"}],"wp:attachment":[{"href":"https:\/\/www.deberes.net\/tesis\/wp-json\/wp\/v2\/media?parent=111221"}],"wp:term":[{"taxonomy":"category","embeddable":true,"href":"https:\/\/www.deberes.net\/tesis\/wp-json\/wp\/v2\/categories?post=111221"},{"taxonomy":"post_tag","embeddable":true,"href":"https:\/\/www.deberes.net\/tesis\/wp-json\/wp\/v2\/tags?post=111221"}],"curies":[{"name":"wp","href":"https:\/\/api.w.org\/{rel}","templated":true}]}}