{"id":11124,"date":"2001-05-06T00:00:00","date_gmt":"2001-05-06T00:00:00","guid":{"rendered":"https:\/\/www.deberes.net\/tesis\/sin-categoria\/la-biblioteca-de-camara-en-el-palacio-nuevo\/"},"modified":"2001-05-06T00:00:00","modified_gmt":"2001-05-06T00:00:00","slug":"la-biblioteca-de-camara-en-el-palacio-nuevo","status":"publish","type":"post","link":"https:\/\/www.deberes.net\/tesis\/linguistica\/la-biblioteca-de-camara-en-el-palacio-nuevo\/","title":{"rendered":"La biblioteca de camara en el palacio nuevo"},"content":{"rendered":"<h2>Tesis doctoral de <strong> M\u00aa Luisa Eugenia L\u00f3pez-vidriero Abell\u00f3 <\/strong><\/h2>\n<p>Esta tesis doctoral es un estudio integrado, desde los presupuestos de la historia intelectual, de la biblioteca real particular. Se ha tomado como base de este trabajo el inventario de la librer\u00eda de don carlos antonio en 1782.  el estudio de la librer\u00eda particular de la casa de borb\u00f3n en el palacio nuevo contaba con un a escasa bibliograf\u00eda. El trabajo m\u00e1s extenso e importante, el del conde de las navas, editado en 1910, emprend\u00eda un estudio general de las colecciones reales espa\u00f1olas que arrancaba con la de sisebuto, en el siglo vii, para terminar con la de alfonso xiii. A este trabajo pionero se a\u00f1ad\u00edan articulos dispersos, sobre aspectos concretos o piezas de la real biblioteca, de quienes hab\u00edan estado al frente de su direcci\u00f3n o en el entorno. Independientemente de su valor intelectual y bibliografico, el resultado final era un conjunto de trabajos framentarios sobre la colecci\u00f3n proporcionaban un conocimiento parcial y aislado de la biblioteca.  frente al sentido muse\u00edstico y est\u00e1tico de estos trabajos, derivado de la autopercepci\u00f3n de la biblioteca como deposito de tesoros, este trabajo tiene como objetivo determinar las razones que llevan a formar, precisamente,esta biblioteca y su entendimiento dentro de la cultura de corte. El papel de representaci\u00f3n, de configuraci\u00f3n de un principe ilustrado y la estrecha vinculaci\u00f3n e esta biblioteca con los proyectos de educaci\u00f3n y la renovaci\u00f3n de los estudios en este periodo, quedan patentes a trav\u00e9s del analisis de esta colecci\u00f3n principesca.<\/p>\n<p>&nbsp;<\/p>\n<h3>Datos acad\u00e9micos de la tesis doctoral \u00ab<strong>La biblioteca de camara en el palacio nuevo<\/strong>\u00ab<\/h3>\n<ul>\n<li><strong>T\u00edtulo de la tesis:<\/strong>\u00a0 La biblioteca de camara en el palacio nuevo <\/li>\n<li><strong>Autor:<\/strong>\u00a0 M\u00aa Luisa Eugenia L\u00f3pez-vidriero Abell\u00f3 <\/li>\n<li><strong>Universidad:<\/strong>\u00a0 Salamanca<\/li>\n<li><strong>Fecha de lectura de la tesis:<\/strong>\u00a0 05\/06\/2001<\/li>\n<\/ul>\n<p>&nbsp;<\/p>\n<h3>Direcci\u00f3n y tribunal<\/h3>\n<ul>\n<li><strong>Director de la tesis<\/strong>\n<ul>\n<li>Pedro Manuel C\u00e1tedra Garc\u00eda<\/li>\n<\/ul>\n<\/li>\n<li><strong>Tribunal<\/strong>\n<ul>\n<li>Presidente del tribunal: roger Chartier <\/li>\n<li>Emilio De Miguel mart\u00ednez (vocal)<\/li>\n<li>klaus Wagner erbskorn (vocal)<\/li>\n<li>Fernando Jes\u00fas Bouza alvarez (vocal)<\/li>\n<\/ul>\n<\/li>\n<\/ul>\n<p>&nbsp;<\/p>\n","protected":false},"excerpt":{"rendered":"<p>Tesis doctoral de M\u00aa Luisa Eugenia L\u00f3pez-vidriero Abell\u00f3 Esta tesis doctoral es un estudio integrado, desde los presupuestos de la [&hellip;]<\/p>\n","protected":false},"author":1,"featured_media":0,"comment_status":"open","ping_status":"open","sticky":false,"template":"","format":"standard","meta":{"site-sidebar-layout":"default","site-content-layout":"","ast-site-content-layout":"","site-content-style":"default","site-sidebar-style":"default","ast-global-header-display":"","ast-banner-title-visibility":"","ast-main-header-display":"","ast-hfb-above-header-display":"","ast-hfb-below-header-display":"","ast-hfb-mobile-header-display":"","site-post-title":"","ast-breadcrumbs-content":"","ast-featured-img":"","footer-sml-layout":"","theme-transparent-header-meta":"","adv-header-id-meta":"","stick-header-meta":"","header-above-stick-meta":"","header-main-stick-meta":"","header-below-stick-meta":"","astra-migrate-meta-layouts":"default","ast-page-background-enabled":"default","ast-page-background-meta":{"desktop":{"background-color":"var(--ast-global-color-4)","background-image":"","background-repeat":"repeat","background-position":"center center","background-size":"auto","background-attachment":"scroll","background-type":"","background-media":"","overlay-type":"","overlay-color":"","overlay-gradient":""},"tablet":{"background-color":"","background-image":"","background-repeat":"repeat","background-position":"center center","background-size":"auto","background-attachment":"scroll","background-type":"","background-media":"","overlay-type":"","overlay-color":"","overlay-gradient":""},"mobile":{"background-color":"","background-image":"","background-repeat":"repeat","background-position":"center center","background-size":"auto","background-attachment":"scroll","background-type":"","background-media":"","overlay-type":"","overlay-color":"","overlay-gradient":""}},"ast-content-background-meta":{"desktop":{"background-color":"var(--ast-global-color-5)","background-image":"","background-repeat":"repeat","background-position":"center center","background-size":"auto","background-attachment":"scroll","background-type":"","background-media":"","overlay-type":"","overlay-color":"","overlay-gradient":""},"tablet":{"background-color":"var(--ast-global-color-5)","background-image":"","background-repeat":"repeat","background-position":"center center","background-size":"auto","background-attachment":"scroll","background-type":"","background-media":"","overlay-type":"","overlay-color":"","overlay-gradient":""},"mobile":{"background-color":"var(--ast-global-color-5)","background-image":"","background-repeat":"repeat","background-position":"center center","background-size":"auto","background-attachment":"scroll","background-type":"","background-media":"","overlay-type":"","overlay-color":"","overlay-gradient":""}},"footnotes":""},"categories":[148,147,5526,104,713,222,59,60,9386,628],"tags":[36569,36571,36570,36567,11880,36568],"class_list":["post-11124","post","type-post","status-publish","format-standard","hentry","category-analisis-literario","category-ciencias-de-las-artes-y-las-letras","category-documentacion","category-historia","category-historia-de-la-literatura","category-historias-especializadas","category-linguistica","category-linguistica-aplicada","category-salamanca","category-teoria-analisis-y-critica-literarios","tag-emilio-de-miguel-Martinez","tag-fernando-jesus-bouza-alvarez","tag-klaus-wagner-erbskorn","tag-ma-luisa-eugenia-lopez-vidriero-abello","tag-pedro-manuel-catedra-garcia","tag-roger-chartier"],"_links":{"self":[{"href":"https:\/\/www.deberes.net\/tesis\/wp-json\/wp\/v2\/posts\/11124","targetHints":{"allow":["GET"]}}],"collection":[{"href":"https:\/\/www.deberes.net\/tesis\/wp-json\/wp\/v2\/posts"}],"about":[{"href":"https:\/\/www.deberes.net\/tesis\/wp-json\/wp\/v2\/types\/post"}],"author":[{"embeddable":true,"href":"https:\/\/www.deberes.net\/tesis\/wp-json\/wp\/v2\/users\/1"}],"replies":[{"embeddable":true,"href":"https:\/\/www.deberes.net\/tesis\/wp-json\/wp\/v2\/comments?post=11124"}],"version-history":[{"count":0,"href":"https:\/\/www.deberes.net\/tesis\/wp-json\/wp\/v2\/posts\/11124\/revisions"}],"wp:attachment":[{"href":"https:\/\/www.deberes.net\/tesis\/wp-json\/wp\/v2\/media?parent=11124"}],"wp:term":[{"taxonomy":"category","embeddable":true,"href":"https:\/\/www.deberes.net\/tesis\/wp-json\/wp\/v2\/categories?post=11124"},{"taxonomy":"post_tag","embeddable":true,"href":"https:\/\/www.deberes.net\/tesis\/wp-json\/wp\/v2\/tags?post=11124"}],"curies":[{"name":"wp","href":"https:\/\/api.w.org\/{rel}","templated":true}]}}