{"id":11130,"date":"2001-05-06T00:00:00","date_gmt":"2001-05-06T00:00:00","guid":{"rendered":"https:\/\/www.deberes.net\/tesis\/sin-categoria\/ora%c2%adgenes-de-la-real-academia-espanola-genesis-redaccion-y-difusion-del-diccionario-de-autoridades\/"},"modified":"2001-05-06T00:00:00","modified_gmt":"2001-05-06T00:00:00","slug":"ora%c2%adgenes-de-la-real-academia-espanola-genesis-redaccion-y-difusion-del-diccionario-de-autoridades","status":"publish","type":"post","link":"https:\/\/www.deberes.net\/tesis\/linguistica\/ora%c2%adgenes-de-la-real-academia-espanola-genesis-redaccion-y-difusion-del-diccionario-de-autoridades\/","title":{"rendered":"Or\u00edgenes de la real academia espa\u00f1ola: genesis, redacci\u00f3n y difusi\u00f3n del diccionario de autoridades."},"content":{"rendered":"<h2>Tesis doctoral de <strong> Emilio Bomant Garc\u00eda <\/strong><\/h2>\n<p>Aportaci\u00f3n al estudio de la etapa fundacional de la real academia espa\u00f1ola y de la primera obra lexicogr\u00e1fica de la docta instituci\u00f3n, el diccionario de autoridades. En una introducci\u00f3n hist\u00f3rica, se analizan las circunstancias pol\u00edticas, sociales y culturales de finales del siglo xvii y principios del xviii. Se investigan los antecedentes de la corporaci\u00f3n acad\u00e9mica, dentro y fuera de espa\u00f1a, y los m\u00f3viles para su formaci\u00f3n. Finalmente, el estudio se centra en la redacci\u00f3n del primer diccionario de la academia, a la luz de las actas de lasa sesiones, ahondando en temas como el m\u00e9todo de trabajo, las autoridades utilizadas y la repercusi\u00f3n que tuvo la obra en su \u00e9poca y posteriormente.<\/p>\n<p>&nbsp;<\/p>\n<h3>Datos acad\u00e9micos de la tesis doctoral \u00ab<strong>Or\u00edgenes de la real academia espa\u00f1ola: genesis, redacci\u00f3n y difusi\u00f3n del diccionario de autoridades.<\/strong>\u00ab<\/h3>\n<ul>\n<li><strong>T\u00edtulo de la tesis:<\/strong>\u00a0 Or\u00edgenes de la real academia espa\u00f1ola: genesis, redacci\u00f3n y difusi\u00f3n del diccionario de autoridades. <\/li>\n<li><strong>Autor:<\/strong>\u00a0 Emilio Bomant Garc\u00eda <\/li>\n<li><strong>Universidad:<\/strong>\u00a0 Aut\u00f3noma de Madrid<\/li>\n<li><strong>Fecha de lectura de la tesis:<\/strong>\u00a0 05\/06\/2001<\/li>\n<\/ul>\n<p>&nbsp;<\/p>\n<h3>Direcci\u00f3n y tribunal<\/h3>\n<ul>\n<li><strong>Director de la tesis<\/strong>\n<ul>\n<li>Juan  Ramon Lodares Marrodan<\/li>\n<\/ul>\n<\/li>\n<li><strong>Tribunal<\/strong>\n<ul>\n<li>Presidente del tribunal: Jos\u00e9 Luis Giron alconchel <\/li>\n<li>M\u00aa. angeles \u00e1lvarez mart\u00ednez (vocal)<\/li>\n<li>pedro \u00e1lvarez de miranda (vocal)<\/li>\n<li>Juan  Carlos Conde l\u00f3pez (vocal)<\/li>\n<\/ul>\n<\/li>\n<\/ul>\n<p>&nbsp;<\/p>\n","protected":false},"excerpt":{"rendered":"<p>Tesis doctoral de Emilio Bomant Garc\u00eda Aportaci\u00f3n al estudio de la etapa fundacional de la real academia espa\u00f1ola y de [&hellip;]<\/p>\n","protected":false},"author":1,"featured_media":0,"comment_status":"open","ping_status":"open","sticky":false,"template":"","format":"standard","meta":{"site-sidebar-layout":"default","site-content-layout":"","ast-site-content-layout":"","site-content-style":"default","site-sidebar-style":"default","ast-global-header-display":"","ast-banner-title-visibility":"","ast-main-header-display":"","ast-hfb-above-header-display":"","ast-hfb-below-header-display":"","ast-hfb-mobile-header-display":"","site-post-title":"","ast-breadcrumbs-content":"","ast-featured-img":"","footer-sml-layout":"","theme-transparent-header-meta":"","adv-header-id-meta":"","stick-header-meta":"","header-above-stick-meta":"","header-main-stick-meta":"","header-below-stick-meta":"","astra-migrate-meta-layouts":"default","ast-page-background-enabled":"default","ast-page-background-meta":{"desktop":{"background-color":"var(--ast-global-color-4)","background-image":"","background-repeat":"repeat","background-position":"center center","background-size":"auto","background-attachment":"scroll","background-type":"","background-media":"","overlay-type":"","overlay-color":"","overlay-gradient":""},"tablet":{"background-color":"","background-image":"","background-repeat":"repeat","background-position":"center center","background-size":"auto","background-attachment":"scroll","background-type":"","background-media":"","overlay-type":"","overlay-color":"","overlay-gradient":""},"mobile":{"background-color":"","background-image":"","background-repeat":"repeat","background-position":"center center","background-size":"auto","background-attachment":"scroll","background-type":"","background-media":"","overlay-type":"","overlay-color":"","overlay-gradient":""}},"ast-content-background-meta":{"desktop":{"background-color":"var(--ast-global-color-5)","background-image":"","background-repeat":"repeat","background-position":"center center","background-size":"auto","background-attachment":"scroll","background-type":"","background-media":"","overlay-type":"","overlay-color":"","overlay-gradient":""},"tablet":{"background-color":"var(--ast-global-color-5)","background-image":"","background-repeat":"repeat","background-position":"center center","background-size":"auto","background-attachment":"scroll","background-type":"","background-media":"","overlay-type":"","overlay-color":"","overlay-gradient":""},"mobile":{"background-color":"var(--ast-global-color-5)","background-image":"","background-repeat":"repeat","background-position":"center center","background-size":"auto","background-attachment":"scroll","background-type":"","background-media":"","overlay-type":"","overlay-color":"","overlay-gradient":""}},"footnotes":""},"categories":[1624,13411,104,3824,222,2301,59,423,590,62],"tags":[36584,6582,29673,36585,8959,6427],"class_list":["post-11130","post","type-post","status-publish","format-standard","hentry","category-ciencias-auxiliares-de-la-historia","category-filologia-espanola","category-historia","category-historia-de-la-linguistica","category-historias-especializadas","category-lexicografia","category-linguistica","category-linguistica-diacronica","category-linguistica-historica","category-linguistica-sincronica","tag-emilio-bomant-garcia","tag-jose-luis-giron-alconchel","tag-juan-carlos-conde-lopez","tag-juan-ramon-lodares-marrodan","tag-ma-angeles-alvarez-Martinez","tag-pedro-alvarez-de-miranda"],"_links":{"self":[{"href":"https:\/\/www.deberes.net\/tesis\/wp-json\/wp\/v2\/posts\/11130","targetHints":{"allow":["GET"]}}],"collection":[{"href":"https:\/\/www.deberes.net\/tesis\/wp-json\/wp\/v2\/posts"}],"about":[{"href":"https:\/\/www.deberes.net\/tesis\/wp-json\/wp\/v2\/types\/post"}],"author":[{"embeddable":true,"href":"https:\/\/www.deberes.net\/tesis\/wp-json\/wp\/v2\/users\/1"}],"replies":[{"embeddable":true,"href":"https:\/\/www.deberes.net\/tesis\/wp-json\/wp\/v2\/comments?post=11130"}],"version-history":[{"count":0,"href":"https:\/\/www.deberes.net\/tesis\/wp-json\/wp\/v2\/posts\/11130\/revisions"}],"wp:attachment":[{"href":"https:\/\/www.deberes.net\/tesis\/wp-json\/wp\/v2\/media?parent=11130"}],"wp:term":[{"taxonomy":"category","embeddable":true,"href":"https:\/\/www.deberes.net\/tesis\/wp-json\/wp\/v2\/categories?post=11130"},{"taxonomy":"post_tag","embeddable":true,"href":"https:\/\/www.deberes.net\/tesis\/wp-json\/wp\/v2\/tags?post=11130"}],"curies":[{"name":"wp","href":"https:\/\/api.w.org\/{rel}","templated":true}]}}