{"id":111400,"date":"2018-03-11T10:37:51","date_gmt":"2018-03-11T10:37:51","guid":{"rendered":"https:\/\/www.deberes.net\/tesis\/sin-categoria\/efectos-del-entrenamiento-de-vibraciones-sobre-diversos-parametros-funcionales-y-fisiologicos-en-ancianos\/"},"modified":"2018-03-11T10:37:51","modified_gmt":"2018-03-11T10:37:51","slug":"efectos-del-entrenamiento-de-vibraciones-sobre-diversos-parametros-funcionales-y-fisiologicos-en-ancianos","status":"publish","type":"post","link":"https:\/\/www.deberes.net\/tesis\/leon\/efectos-del-entrenamiento-de-vibraciones-sobre-diversos-parametros-funcionales-y-fisiologicos-en-ancianos\/","title":{"rendered":"Efectos del entrenamiento de vibraciones sobre diversos par\u00e1metros funcionales y fisiol\u00f3gicos en ancianos"},"content":{"rendered":"<h2>Tesis doctoral de <strong> Carlos Cristi Montero <\/strong><\/h2>\n<p>Introducci\u00f3n  el envejecimiento involucra diversos cambios a nivel fisiol\u00f3gico, proceso que adem\u00e1s se caracteriza por la p\u00e9rdida de las capacidades f\u00edsicas, con el consiguiente deterioro funcional, y por un aumento en los marcadores de inflamaci\u00f3n sist\u00e9mica. Un bajo nivel de fuerza muscular es un predictor fuerte e independiente de mortalidad en personas mayores; as\u00ed como tambi\u00e9n altos contenidos de tnf-\u00c2\u00bf. El objetivo de este estudio fue determinar el efecto de un programa de 9 semanas de entrenamiento con vibraciones sobre la capacidad funcional, la funci\u00f3n muscular y los niveles de inflamaci\u00f3n en ancianos institucionalizados.  material y m\u00e9todos  participaron 14 ancianos en el programa, de los cuales solo finalizaron 10 (81\u00c2\u00b11 a\u00f1os; 1,58\u00c2\u00b10 m; 67,3\u00c2\u00b14 kg; 27,4\u00c2\u00b12 imc; 197\u00c2\u00b18 colesterol (mg\/dl); 106,1\u00c2\u00b19 glucosa (mg\/dl). Se evalu\u00f3 la capacidad funcional con la bater\u00eda senior fitness test (sft), la m\u00e1xima contracci\u00f3n voluntaria isom\u00e9trica (mcvi) con una galga extensiom\u00e9trica, la actividad neuromuscular del vasto lateral y medial con electromiograf\u00eda de superficie, la potencia pico al 20, 40 y 60% de la mcvi con un encoder rotatorio y la expresi\u00f3n de diversos marcadores de inflamaci\u00f3n (pcr, il-6, il-1\u00edY, tnf-alfa , il-10) a trav\u00e9s de las t\u00e9cnicas western blot y de rt-pcr.   resultados  tras la evaluaci\u00f3n con la bater\u00eda sft se observ\u00f3 una importante mejor\u00eda en la fuerza del tren superior e inferior (22,3% y 18,4% respectivamente), como tambi\u00e9n sobre el equilibrio din\u00e1mico (16,9%). No se encontraron diferencias significativas ni en la flexibilidad de la extremidad superior (21,2%) ni en la inferior (10,1%) y  tampoco en la resistencia aer\u00f3bica (1,2%). Adem\u00e1s se apreci\u00f3 una mejor\u00eda estad\u00edsticamente significativa  tanto en la mcvi (15%), la potencia al 20, 40 y 60% (5,8%, 17,6% y 25,4% respectivamente) como en la se\u00f1al electromiogr\u00e1fica del vasto lateral (44,3%) y medial (24,4). No obstante, no se apreciaron cambios significativos ni en el arnm ni en el contenido proteico de pcr, tnf-alfa, il-1\u00edY, il-6 e il-10.   conclusiones  aunque un programa de 9 semanas de evcc no mejora significativamente la resistencia aer\u00f3bica y la inflamaci\u00f3n en ancianos institucionalizados, se ha podido constatar que mejora ligeramente la flexibilidad y aumenta significativamente los valores de rendimiento muscular, como fuerza, potencia, equilibrio din\u00e1mico y activaci\u00f3n neuromuscular. Estas cualidades podr\u00edan ayudar a alejar a los adultos mayores de la dependencia funcional, mejorando de esta manera su expectativa y su calidad de vida.<\/p>\n<p>&nbsp;<\/p>\n<h3>Datos acad\u00e9micos de la tesis doctoral \u00ab<strong>Efectos del entrenamiento de vibraciones sobre diversos par\u00e1metros funcionales y fisiol\u00f3gicos en ancianos<\/strong>\u00ab<\/h3>\n<ul>\n<li><strong>T\u00edtulo de la tesis:<\/strong>\u00a0 Efectos del entrenamiento de vibraciones sobre diversos par\u00e1metros funcionales y fisiol\u00f3gicos en ancianos <\/li>\n<li><strong>Autor:<\/strong>\u00a0 Carlos Cristi Montero <\/li>\n<li><strong>Universidad:<\/strong>\u00a0 Le\u00f3n<\/li>\n<li><strong>Fecha de lectura de la tesis:<\/strong>\u00a0 14\/10\/2011<\/li>\n<\/ul>\n<p>&nbsp;<\/p>\n<h3>Direcci\u00f3n y tribunal<\/h3>\n<ul>\n<li><strong>Director de la tesis<\/strong>\n<ul>\n<li>Mar\u00eda Jos\u00e9 Cuevas Gonz\u00e1lez<\/li>\n<\/ul>\n<\/li>\n<li><strong>Tribunal<\/strong>\n<ul>\n<li>Presidente del tribunal: javier Gonz\u00e1lez gallego <\/li>\n<li>pedro Jes\u00fas Marin cabezuelo (vocal)<\/li>\n<li>Mar\u00eda victoria Garc\u00eda mediavilla (vocal)<\/li>\n<li>nuria Garatachea vallejo (vocal)<\/li>\n<\/ul>\n<\/li>\n<\/ul>\n<p>&nbsp;<\/p>\n","protected":false},"excerpt":{"rendered":"<p>Tesis doctoral de Carlos Cristi Montero Introducci\u00f3n el envejecimiento involucra diversos cambios a nivel fisiol\u00f3gico, proceso que adem\u00e1s se caracteriza [&hellip;]<\/p>\n","protected":false},"author":1,"featured_media":0,"comment_status":"open","ping_status":"open","sticky":false,"template":"","format":"standard","meta":{"site-sidebar-layout":"default","site-content-layout":"","ast-site-content-layout":"","site-content-style":"default","site-sidebar-style":"default","ast-global-header-display":"","ast-banner-title-visibility":"","ast-main-header-display":"","ast-hfb-above-header-display":"","ast-hfb-below-header-display":"","ast-hfb-mobile-header-display":"","site-post-title":"","ast-breadcrumbs-content":"","ast-featured-img":"","footer-sml-layout":"","theme-transparent-header-meta":"","adv-header-id-meta":"","stick-header-meta":"","header-above-stick-meta":"","header-main-stick-meta":"","header-below-stick-meta":"","astra-migrate-meta-layouts":"default","ast-page-background-enabled":"default","ast-page-background-meta":{"desktop":{"background-color":"var(--ast-global-color-4)","background-image":"","background-repeat":"repeat","background-position":"center center","background-size":"auto","background-attachment":"scroll","background-type":"","background-media":"","overlay-type":"","overlay-color":"","overlay-gradient":""},"tablet":{"background-color":"","background-image":"","background-repeat":"repeat","background-position":"center center","background-size":"auto","background-attachment":"scroll","background-type":"","background-media":"","overlay-type":"","overlay-color":"","overlay-gradient":""},"mobile":{"background-color":"","background-image":"","background-repeat":"repeat","background-position":"center center","background-size":"auto","background-attachment":"scroll","background-type":"","background-media":"","overlay-type":"","overlay-color":"","overlay-gradient":""}},"ast-content-background-meta":{"desktop":{"background-color":"var(--ast-global-color-5)","background-image":"","background-repeat":"repeat","background-position":"center center","background-size":"auto","background-attachment":"scroll","background-type":"","background-media":"","overlay-type":"","overlay-color":"","overlay-gradient":""},"tablet":{"background-color":"var(--ast-global-color-5)","background-image":"","background-repeat":"repeat","background-position":"center center","background-size":"auto","background-attachment":"scroll","background-type":"","background-media":"","overlay-type":"","overlay-color":"","overlay-gradient":""},"mobile":{"background-color":"var(--ast-global-color-5)","background-image":"","background-repeat":"repeat","background-position":"center center","background-size":"auto","background-attachment":"scroll","background-type":"","background-media":"","overlay-type":"","overlay-color":"","overlay-gradient":""}},"footnotes":""},"categories":[4697,4430,43172],"tags":[221970,9692,178448,43508,52502,148614],"class_list":["post-111400","post","type-post","status-publish","format-standard","hentry","category-envejecimiento-de-la-poblacion","category-leon","category-vibraciones","tag-carlos-cristi-montero","tag-javier-gonzalez-gallego","tag-maria-jose-cuevas-gonzalez","tag-maria-victoria-garcia-mediavilla","tag-nuria-garatachea-vallejo","tag-pedro-jesus-marin-cabezuelo"],"_links":{"self":[{"href":"https:\/\/www.deberes.net\/tesis\/wp-json\/wp\/v2\/posts\/111400","targetHints":{"allow":["GET"]}}],"collection":[{"href":"https:\/\/www.deberes.net\/tesis\/wp-json\/wp\/v2\/posts"}],"about":[{"href":"https:\/\/www.deberes.net\/tesis\/wp-json\/wp\/v2\/types\/post"}],"author":[{"embeddable":true,"href":"https:\/\/www.deberes.net\/tesis\/wp-json\/wp\/v2\/users\/1"}],"replies":[{"embeddable":true,"href":"https:\/\/www.deberes.net\/tesis\/wp-json\/wp\/v2\/comments?post=111400"}],"version-history":[{"count":0,"href":"https:\/\/www.deberes.net\/tesis\/wp-json\/wp\/v2\/posts\/111400\/revisions"}],"wp:attachment":[{"href":"https:\/\/www.deberes.net\/tesis\/wp-json\/wp\/v2\/media?parent=111400"}],"wp:term":[{"taxonomy":"category","embeddable":true,"href":"https:\/\/www.deberes.net\/tesis\/wp-json\/wp\/v2\/categories?post=111400"},{"taxonomy":"post_tag","embeddable":true,"href":"https:\/\/www.deberes.net\/tesis\/wp-json\/wp\/v2\/tags?post=111400"}],"curies":[{"name":"wp","href":"https:\/\/api.w.org\/{rel}","templated":true}]}}