{"id":111462,"date":"2018-03-11T10:38:01","date_gmt":"2018-03-11T10:38:01","guid":{"rendered":"https:\/\/www.deberes.net\/tesis\/sin-categoria\/determinacion-microcalorimetrica-de-propiedades-termicas-de-nanofluidos\/"},"modified":"2018-03-11T10:38:01","modified_gmt":"2018-03-11T10:38:01","slug":"determinacion-microcalorimetrica-de-propiedades-termicas-de-nanofluidos","status":"publish","type":"post","link":"https:\/\/www.deberes.net\/tesis\/fisica-de-fluidos\/determinacion-microcalorimetrica-de-propiedades-termicas-de-nanofluidos\/","title":{"rendered":"Determinaci\u00f3n microcalorim\u00e9trica de propiedades t\u00e9rmicas de nanofluidos"},"content":{"rendered":"<h2>Tesis doctoral de <strong> Benigno Barb\u00e9s Fern\u00e1ndez <\/strong><\/h2>\n<p>Se ha estudiado te\u00f3ricamente e implementado en la pr\u00e1ctica un sistema de medida de conductividades t\u00e9rmicas que sirva como m\u00e9todo de contraste a otras t\u00e9cnicas m\u00e1s habituales en el emergente campo de investigaci\u00f3n de los nuevos fluidos t\u00e9rmicos denominados nanofluidos. Se ha realizado una exhaustiva comprobaci\u00f3n del m\u00e9todo por c\u00e1lculos te\u00f3ricos y mediante la medida de algunos l\u00edquidos test. Con los resultados de dicho estudio se han publicado los dos art\u00edculos que se presentan como anexo. posteriormente se ha procedido a la medida de las conductividades t\u00e9rmicas de un conjunto muy caracter\u00edstico de nanofluidos, los cuales son particularmente exigentes por la necesidad de asegurar la estabilidad de los mismos y porque requieren especial precisi\u00f3n. Se ha visto conveniente, adem\u00e1s, llevar a cabo un estudio de caracterizaci\u00f3n y estabilidad de las suspensiones utilizadas. se presentan, como complemento a la caracterizaci\u00f3n t\u00e9rmica de los nanofluidos, las medidas de sus calores espec\u00edficos a presi\u00f3n constante.<\/p>\n<p>&nbsp;<\/p>\n<h3>Datos acad\u00e9micos de la tesis doctoral \u00ab<strong>Determinaci\u00f3n microcalorim\u00e9trica de propiedades t\u00e9rmicas de nanofluidos<\/strong>\u00ab<\/h3>\n<ul>\n<li><strong>T\u00edtulo de la tesis:<\/strong>\u00a0 Determinaci\u00f3n microcalorim\u00e9trica de propiedades t\u00e9rmicas de nanofluidos <\/li>\n<li><strong>Autor:<\/strong>\u00a0 Benigno Barb\u00e9s Fern\u00e1ndez <\/li>\n<li><strong>Universidad:<\/strong>\u00a0 Valladolid<\/li>\n<li><strong>Fecha de lectura de la tesis:<\/strong>\u00a0 20\/10\/2011<\/li>\n<\/ul>\n<p>&nbsp;<\/p>\n<h3>Direcci\u00f3n y tribunal<\/h3>\n<ul>\n<li><strong>Director de la tesis<\/strong>\n<ul>\n<li>Carlos Casanova  Roque<\/li>\n<\/ul>\n<\/li>\n<li><strong>Tribunal<\/strong>\n<ul>\n<li>Presidente del tribunal: Jos\u00e9 Carlos Cobos hern\u00e1ndez <\/li>\n<li>Luis Fernando Romani Martinez (vocal)<\/li>\n<li>Jos\u00e9 Luis Legido soto (vocal)<\/li>\n<li>joaqu\u00edn Fern\u00e1ndez francos (vocal)<\/li>\n<\/ul>\n<\/li>\n<\/ul>\n<p>&nbsp;<\/p>\n","protected":false},"excerpt":{"rendered":"<p>Tesis doctoral de Benigno Barb\u00e9s Fern\u00e1ndez Se ha estudiado te\u00f3ricamente e implementado en la pr\u00e1ctica un sistema de medida de [&hellip;]<\/p>\n","protected":false},"author":1,"featured_media":0,"comment_status":"open","ping_status":"open","sticky":false,"template":"","format":"standard","meta":{"site-sidebar-layout":"default","site-content-layout":"","ast-site-content-layout":"","site-content-style":"default","site-sidebar-style":"default","ast-global-header-display":"","ast-banner-title-visibility":"","ast-main-header-display":"","ast-hfb-above-header-display":"","ast-hfb-below-header-display":"","ast-hfb-mobile-header-display":"","site-post-title":"","ast-breadcrumbs-content":"","ast-featured-img":"","footer-sml-layout":"","theme-transparent-header-meta":"","adv-header-id-meta":"","stick-header-meta":"","header-above-stick-meta":"","header-main-stick-meta":"","header-below-stick-meta":"","astra-migrate-meta-layouts":"default","ast-page-background-enabled":"default","ast-page-background-meta":{"desktop":{"background-color":"var(--ast-global-color-4)","background-image":"","background-repeat":"repeat","background-position":"center center","background-size":"auto","background-attachment":"scroll","background-type":"","background-media":"","overlay-type":"","overlay-color":"","overlay-gradient":""},"tablet":{"background-color":"","background-image":"","background-repeat":"repeat","background-position":"center center","background-size":"auto","background-attachment":"scroll","background-type":"","background-media":"","overlay-type":"","overlay-color":"","overlay-gradient":""},"mobile":{"background-color":"","background-image":"","background-repeat":"repeat","background-position":"center center","background-size":"auto","background-attachment":"scroll","background-type":"","background-media":"","overlay-type":"","overlay-color":"","overlay-gradient":""}},"ast-content-background-meta":{"desktop":{"background-color":"var(--ast-global-color-5)","background-image":"","background-repeat":"repeat","background-position":"center center","background-size":"auto","background-attachment":"scroll","background-type":"","background-media":"","overlay-type":"","overlay-color":"","overlay-gradient":""},"tablet":{"background-color":"var(--ast-global-color-5)","background-image":"","background-repeat":"repeat","background-position":"center center","background-size":"auto","background-attachment":"scroll","background-type":"","background-media":"","overlay-type":"","overlay-color":"","overlay-gradient":""},"mobile":{"background-color":"var(--ast-global-color-5)","background-image":"","background-repeat":"repeat","background-position":"center center","background-size":"auto","background-attachment":"scroll","background-type":"","background-media":"","overlay-type":"","overlay-color":"","overlay-gradient":""}},"footnotes":""},"categories":[21536,200,48081,12451],"tags":[222081,3145,9023,222082,35061,35060],"class_list":["post-111462","post","type-post","status-publish","format-standard","hentry","category-conductividad","category-fisica-de-fluidos","category-fisica-de-la-transmision-del-calor","category-valladolid","tag-benigno-barbes-fernandez","tag-carlos-casanova-roque","tag-joaquin-fernandez-francos","tag-jose-carlos-cobos-hernandez","tag-jose-luis-legido-soto","tag-luis-fernando-romani-Martinez"],"_links":{"self":[{"href":"https:\/\/www.deberes.net\/tesis\/wp-json\/wp\/v2\/posts\/111462","targetHints":{"allow":["GET"]}}],"collection":[{"href":"https:\/\/www.deberes.net\/tesis\/wp-json\/wp\/v2\/posts"}],"about":[{"href":"https:\/\/www.deberes.net\/tesis\/wp-json\/wp\/v2\/types\/post"}],"author":[{"embeddable":true,"href":"https:\/\/www.deberes.net\/tesis\/wp-json\/wp\/v2\/users\/1"}],"replies":[{"embeddable":true,"href":"https:\/\/www.deberes.net\/tesis\/wp-json\/wp\/v2\/comments?post=111462"}],"version-history":[{"count":0,"href":"https:\/\/www.deberes.net\/tesis\/wp-json\/wp\/v2\/posts\/111462\/revisions"}],"wp:attachment":[{"href":"https:\/\/www.deberes.net\/tesis\/wp-json\/wp\/v2\/media?parent=111462"}],"wp:term":[{"taxonomy":"category","embeddable":true,"href":"https:\/\/www.deberes.net\/tesis\/wp-json\/wp\/v2\/categories?post=111462"},{"taxonomy":"post_tag","embeddable":true,"href":"https:\/\/www.deberes.net\/tesis\/wp-json\/wp\/v2\/tags?post=111462"}],"curies":[{"name":"wp","href":"https:\/\/api.w.org\/{rel}","templated":true}]}}