{"id":111533,"date":"2018-03-11T10:38:06","date_gmt":"2018-03-11T10:38:06","guid":{"rendered":"https:\/\/www.deberes.net\/tesis\/sin-categoria\/itinerarios-encrucijadas-y-centros-performance-y-espacio-publico-en-espana-1992-2010\/"},"modified":"2018-03-11T10:38:06","modified_gmt":"2018-03-11T10:38:06","slug":"itinerarios-encrucijadas-y-centros-performance-y-espacio-publico-en-espana-1992-2010","status":"publish","type":"post","link":"https:\/\/www.deberes.net\/tesis\/historia-del-arte-de-los-siglos-xix-y-xx\/itinerarios-encrucijadas-y-centros-performance-y-espacio-publico-en-espana-1992-2010\/","title":{"rendered":"Itinerarios, encrucijadas y centros. performance y espacio p\u00fablico en espa\u00f1a (1992-2010)"},"content":{"rendered":"<h2>Tesis doctoral de <strong> Mar\u00eda Cecilia Perea <\/strong><\/h2>\n<p>La presente tesis doctoral denominada itinerarios, encrucijadas y centros: performances y espacio p\u00fablico en espa\u00f1a, se focaliza en el estudio de performances presentadas en el espacio p\u00fablico espa\u00f1ol entre 1992 y 2010, o lo que es lo mismo, desde carrying de pepe espali\u00fa hasta los actuales festivales de performances en espacios p\u00fablicos. la selecci\u00f3n de carrying como corte de inicio responde a la elecci\u00f3n de una obra realizada por un artista espa\u00f1ol, definida por el propio artista como performance, concebida para ser realizada en el espacio p\u00fablico, sin  posibilidad de ser fuera de este \u00e1mbito y con proyecci\u00f3n en el contexto. En cuanto al segundo corte, lo establecimos en los festivales ya que aparecen como punto de clausura en este desarrollo.  el inter\u00e9s principal de esta investigaci\u00f3n fue comprender los diferentes modos de interrelaci\u00f3n que se establecen entre espacio, tiempo y acci\u00f3n en el espacio p\u00fablico actual.<\/p>\n<p>&nbsp;<\/p>\n<h3>Datos acad\u00e9micos de la tesis doctoral \u00ab<strong>Itinerarios, encrucijadas y centros. performance y espacio p\u00fablico en espa\u00f1a (1992-2010)<\/strong>\u00ab<\/h3>\n<ul>\n<li><strong>T\u00edtulo de la tesis:<\/strong>\u00a0 Itinerarios, encrucijadas y centros. performance y espacio p\u00fablico en espa\u00f1a (1992-2010) <\/li>\n<li><strong>Autor:<\/strong>\u00a0 Mar\u00eda Cecilia Perea <\/li>\n<li><strong>Universidad:<\/strong>\u00a0 Zaragoza<\/li>\n<li><strong>Fecha de lectura de la tesis:<\/strong>\u00a0 24\/10\/2011<\/li>\n<\/ul>\n<p>&nbsp;<\/p>\n<h3>Direcci\u00f3n y tribunal<\/h3>\n<ul>\n<li><strong>Director de la tesis<\/strong>\n<ul>\n<li>Amparo Mart\u00ednez Herranz<\/li>\n<\/ul>\n<\/li>\n<li><strong>Tribunal<\/strong>\n<ul>\n<li>Presidente del tribunal: Jos\u00e9 angel Blesa lalinde <\/li>\n<li>M\u00aa del mar Rodr\u00edguez caldas (vocal)<\/li>\n<li>Manuel Francisco Vieites Garc\u00eda (vocal)<\/li>\n<li>Jos\u00e9 Mar\u00eda Paz gago (vocal)<\/li>\n<\/ul>\n<\/li>\n<\/ul>\n<p>&nbsp;<\/p>\n","protected":false},"excerpt":{"rendered":"<p>Tesis doctoral de Mar\u00eda Cecilia Perea La presente tesis doctoral denominada itinerarios, encrucijadas y centros: performances y espacio p\u00fablico en [&hellip;]<\/p>\n","protected":false},"author":1,"featured_media":0,"comment_status":"open","ping_status":"open","sticky":false,"template":"","format":"standard","meta":{"site-sidebar-layout":"default","site-content-layout":"","ast-site-content-layout":"","site-content-style":"default","site-sidebar-style":"default","ast-global-header-display":"","ast-banner-title-visibility":"","ast-main-header-display":"","ast-hfb-above-header-display":"","ast-hfb-below-header-display":"","ast-hfb-mobile-header-display":"","site-post-title":"","ast-breadcrumbs-content":"","ast-featured-img":"","footer-sml-layout":"","theme-transparent-header-meta":"","adv-header-id-meta":"","stick-header-meta":"","header-above-stick-meta":"","header-main-stick-meta":"","header-below-stick-meta":"","astra-migrate-meta-layouts":"default","ast-page-background-enabled":"default","ast-page-background-meta":{"desktop":{"background-color":"var(--ast-global-color-4)","background-image":"","background-repeat":"repeat","background-position":"center center","background-size":"auto","background-attachment":"scroll","background-type":"","background-media":"","overlay-type":"","overlay-color":"","overlay-gradient":""},"tablet":{"background-color":"","background-image":"","background-repeat":"repeat","background-position":"center center","background-size":"auto","background-attachment":"scroll","background-type":"","background-media":"","overlay-type":"","overlay-color":"","overlay-gradient":""},"mobile":{"background-color":"","background-image":"","background-repeat":"repeat","background-position":"center center","background-size":"auto","background-attachment":"scroll","background-type":"","background-media":"","overlay-type":"","overlay-color":"","overlay-gradient":""}},"ast-content-background-meta":{"desktop":{"background-color":"var(--ast-global-color-5)","background-image":"","background-repeat":"repeat","background-position":"center center","background-size":"auto","background-attachment":"scroll","background-type":"","background-media":"","overlay-type":"","overlay-color":"","overlay-gradient":""},"tablet":{"background-color":"var(--ast-global-color-5)","background-image":"","background-repeat":"repeat","background-position":"center center","background-size":"auto","background-attachment":"scroll","background-type":"","background-media":"","overlay-type":"","overlay-color":"","overlay-gradient":""},"mobile":{"background-color":"var(--ast-global-color-5)","background-image":"","background-repeat":"repeat","background-position":"center center","background-size":"auto","background-attachment":"scroll","background-type":"","background-media":"","overlay-type":"","overlay-color":"","overlay-gradient":""}},"footnotes":""},"categories":[2563,13610],"tags":[204354,29001,18990,134021,222183,117663],"class_list":["post-111533","post","type-post","status-publish","format-standard","hentry","category-historia-del-arte-de-los-siglos-xix-y-xx","category-zaragoza","tag-amparo-Martinez-herranz","tag-jose-angel-blesa-lalinde","tag-jose-maria-paz-gago","tag-manuel-francisco-vieites-garcia","tag-maria-cecilia-perea","tag-ma-del-mar-rodriguez-caldas"],"_links":{"self":[{"href":"https:\/\/www.deberes.net\/tesis\/wp-json\/wp\/v2\/posts\/111533","targetHints":{"allow":["GET"]}}],"collection":[{"href":"https:\/\/www.deberes.net\/tesis\/wp-json\/wp\/v2\/posts"}],"about":[{"href":"https:\/\/www.deberes.net\/tesis\/wp-json\/wp\/v2\/types\/post"}],"author":[{"embeddable":true,"href":"https:\/\/www.deberes.net\/tesis\/wp-json\/wp\/v2\/users\/1"}],"replies":[{"embeddable":true,"href":"https:\/\/www.deberes.net\/tesis\/wp-json\/wp\/v2\/comments?post=111533"}],"version-history":[{"count":0,"href":"https:\/\/www.deberes.net\/tesis\/wp-json\/wp\/v2\/posts\/111533\/revisions"}],"wp:attachment":[{"href":"https:\/\/www.deberes.net\/tesis\/wp-json\/wp\/v2\/media?parent=111533"}],"wp:term":[{"taxonomy":"category","embeddable":true,"href":"https:\/\/www.deberes.net\/tesis\/wp-json\/wp\/v2\/categories?post=111533"},{"taxonomy":"post_tag","embeddable":true,"href":"https:\/\/www.deberes.net\/tesis\/wp-json\/wp\/v2\/tags?post=111533"}],"curies":[{"name":"wp","href":"https:\/\/api.w.org\/{rel}","templated":true}]}}