{"id":111543,"date":"2018-03-11T10:38:06","date_gmt":"2018-03-11T10:38:06","guid":{"rendered":"https:\/\/www.deberes.net\/tesis\/sin-categoria\/simancas-en-la-baja-edad-media-estudio-y-documentos\/"},"modified":"2018-03-11T10:38:06","modified_gmt":"2018-03-11T10:38:06","slug":"simancas-en-la-baja-edad-media-estudio-y-documentos","status":"publish","type":"post","link":"https:\/\/www.deberes.net\/tesis\/historia-medieval\/simancas-en-la-baja-edad-media-estudio-y-documentos\/","title":{"rendered":"Simancas en la baja edad media. estudio y documentos"},"content":{"rendered":"<h2>Tesis doctoral de <strong> Mar\u00eda Luisa \u00e1lvarez  Juarranz <\/strong><\/h2>\n<p>Tesis doctoral. Simancas en la baja edad media. Estudio y documentos.                               mar\u00eda luisa \u00e1lvarez juarranz.                                              resumen     se ha pretendido historiar la villa de simancas y sacar a la luz el papel que desempe\u00f1\u00f3 en numerosos sucesos en que se vio involucrada, teniendo en algunos actuaciones decisivas y determinantes para la historia de castilla.     este trabajo consta de  945 p\u00e1ginas distribuidas, en un \u00edndice general, una introducci\u00f3n,  bibliograf\u00eda y una explicaci\u00f3n de las abreviaturas utilizadas.     comprende a continuaci\u00f3n nueve cap\u00edtulos y un apartado de conclusiones, tres ap\u00e9ndices  y un \u00edndice de figuras, planos e ilustraciones.     los cap\u00edtulos son los siguientes:      cap\u00edtulo i. La villa de simancas, en el que se trata de su t\u00e9rmino, entorno, actividades econ\u00f3micas, poblaci\u00f3n y morfolog\u00eda urbana, organizaci\u00f3n eclesi\u00e1stica, elementos extramuros y concejo.     cap\u00edtulo ii. Origen formaci\u00f3n y desarrollo de simancas. Se ocupa de sus antecedentes hist\u00f3ricos, llegando desde su inicio hasta la unificaci\u00f3n definitiva de castilla y le\u00f3n.     cap\u00edtulo iii. De alfonso x a pedro i. Trata de los sucesos y circunstancias que acontecieron a simancas en los reinados de este periodo, muy especialmente de la transformaci\u00f3n por obra de alfonso x de simancas en aldea de valladollid.     cap\u00edtulo iv. Los primeros trast\u00e1mara y simancas del mismo tenor que el cap\u00edtulo anterior y para los reinados de enrique ii, juan i, enrique iii y juan ii. De este \u00faltimo reinado se recoge un estudio sobre el seguro de tordesillas que afect\u00f3 muy directamente a simancas.     cap\u00edtulo v. Simancas fiel a enrique iv. Recoge la defensa hecha por los simanquinos de su villa a favor del rey, las recompensas que \u00e9ste les otorg\u00f3 y otras circunstancias posteriores al cerco al que fue sometida.      cap\u00edtulo vi. La villa en la \u00e9poca de los reyes cat\u00f3licos. A destacar el estudio que se hace de los almirantes de castilla, que fueron se\u00f1ores de simancas, como los monarcas se hicieron con la villa y la estancia en ella del infante don  fernando.      cap\u00edtulo vii. El pleito de simancas con valladolid. A lo largo de ocho apartados estudia la contienda legal que los simanquinos plantearon para obtener su emancipaci\u00f3n de la capital del pisuerga, consiguiendo volver a ser villa sobre s\u00ed, ya en tiempos de felipe ii.     siguen las conclusiones pertinentes, obtenidas de todo lo anterior y tres ap\u00e9ndices, el primero sobre el seguro de tordesillas, el segundo sobre antonio cabezudo y su manuscrito, siendo este el \u00fanico escritor que ha dedicado una parte de su obra a la villa de simancas y el tercero es documental comprendiendo las trascripciones de 133 documentos que han sido utilizados para fundamentar la obra.     se finaliza con el \u00edndice de figuras, planos e ilustraciones, que son, en total, 50 y entre las que se encuentran mapas de archivo y otros de elaboraci\u00f3n propia, fotograf\u00edas, tambi\u00e9n propias o de fondos documentales, reproducciones de privilegios y otros documentos y algunos retratos.<\/p>\n<p>&nbsp;<\/p>\n<h3>Datos acad\u00e9micos de la tesis doctoral \u00ab<strong>Simancas en la baja edad media. estudio y documentos<\/strong>\u00ab<\/h3>\n<ul>\n<li><strong>T\u00edtulo de la tesis:<\/strong>\u00a0 Simancas en la baja edad media. estudio y documentos <\/li>\n<li><strong>Autor:<\/strong>\u00a0 Mar\u00eda Luisa \u00e1lvarez  Juarranz <\/li>\n<li><strong>Universidad:<\/strong>\u00a0 Valladolid<\/li>\n<li><strong>Fecha de lectura de la tesis:<\/strong>\u00a0 25\/10\/2011<\/li>\n<\/ul>\n<p>&nbsp;<\/p>\n<h3>Direcci\u00f3n y tribunal<\/h3>\n<ul>\n<li><strong>Director de la tesis<\/strong>\n<ul>\n<li>Mar\u00eda  Isabel Del Val Valdivieso<\/li>\n<\/ul>\n<\/li>\n<li><strong>Tribunal<\/strong>\n<ul>\n<li>Presidente del tribunal: cristina Segura grai\u00f1o <\/li>\n<li>Jes\u00fas angel Solorzano telechea (vocal)<\/li>\n<li>blanca Garcia vega (vocal)<\/li>\n<li>Juan  Francisco Jimenez alcazar (vocal)<\/li>\n<\/ul>\n<\/li>\n<\/ul>\n<p>&nbsp;<\/p>\n","protected":false},"excerpt":{"rendered":"<p>Tesis doctoral de Mar\u00eda Luisa \u00e1lvarez Juarranz Tesis doctoral. Simancas en la baja edad media. Estudio y documentos. mar\u00eda luisa [&hellip;]<\/p>\n","protected":false},"author":1,"featured_media":0,"comment_status":"open","ping_status":"open","sticky":false,"template":"","format":"standard","meta":{"site-sidebar-layout":"default","site-content-layout":"","ast-site-content-layout":"","site-content-style":"default","site-sidebar-style":"default","ast-global-header-display":"","ast-banner-title-visibility":"","ast-main-header-display":"","ast-hfb-above-header-display":"","ast-hfb-below-header-display":"","ast-hfb-mobile-header-display":"","site-post-title":"","ast-breadcrumbs-content":"","ast-featured-img":"","footer-sml-layout":"","theme-transparent-header-meta":"","adv-header-id-meta":"","stick-header-meta":"","header-above-stick-meta":"","header-main-stick-meta":"","header-below-stick-meta":"","astra-migrate-meta-layouts":"default","ast-page-background-enabled":"default","ast-page-background-meta":{"desktop":{"background-color":"var(--ast-global-color-4)","background-image":"","background-repeat":"repeat","background-position":"center center","background-size":"auto","background-attachment":"scroll","background-type":"","background-media":"","overlay-type":"","overlay-color":"","overlay-gradient":""},"tablet":{"background-color":"","background-image":"","background-repeat":"repeat","background-position":"center center","background-size":"auto","background-attachment":"scroll","background-type":"","background-media":"","overlay-type":"","overlay-color":"","overlay-gradient":""},"mobile":{"background-color":"","background-image":"","background-repeat":"repeat","background-position":"center center","background-size":"auto","background-attachment":"scroll","background-type":"","background-media":"","overlay-type":"","overlay-color":"","overlay-gradient":""}},"ast-content-background-meta":{"desktop":{"background-color":"var(--ast-global-color-5)","background-image":"","background-repeat":"repeat","background-position":"center center","background-size":"auto","background-attachment":"scroll","background-type":"","background-media":"","overlay-type":"","overlay-color":"","overlay-gradient":""},"tablet":{"background-color":"var(--ast-global-color-5)","background-image":"","background-repeat":"repeat","background-position":"center center","background-size":"auto","background-attachment":"scroll","background-type":"","background-media":"","overlay-type":"","overlay-color":"","overlay-gradient":""},"mobile":{"background-color":"var(--ast-global-color-5)","background-image":"","background-repeat":"repeat","background-position":"center center","background-size":"auto","background-attachment":"scroll","background-type":"","background-media":"","overlay-type":"","overlay-color":"","overlay-gradient":""}},"footnotes":""},"categories":[119,12451],"tags":[49932,7495,103729,188046,12717,222201],"class_list":["post-111543","post","type-post","status-publish","format-standard","hentry","category-historia-medieval","category-valladolid","tag-blanca-garcia-vega","tag-cristina-segura-graino","tag-jesus-angel-solorzano-telechea","tag-juan-francisco-jimenez-alcazar","tag-maria-isabel-del-val-valdivieso","tag-maria-luisa-alvarez-juarranz"],"_links":{"self":[{"href":"https:\/\/www.deberes.net\/tesis\/wp-json\/wp\/v2\/posts\/111543","targetHints":{"allow":["GET"]}}],"collection":[{"href":"https:\/\/www.deberes.net\/tesis\/wp-json\/wp\/v2\/posts"}],"about":[{"href":"https:\/\/www.deberes.net\/tesis\/wp-json\/wp\/v2\/types\/post"}],"author":[{"embeddable":true,"href":"https:\/\/www.deberes.net\/tesis\/wp-json\/wp\/v2\/users\/1"}],"replies":[{"embeddable":true,"href":"https:\/\/www.deberes.net\/tesis\/wp-json\/wp\/v2\/comments?post=111543"}],"version-history":[{"count":0,"href":"https:\/\/www.deberes.net\/tesis\/wp-json\/wp\/v2\/posts\/111543\/revisions"}],"wp:attachment":[{"href":"https:\/\/www.deberes.net\/tesis\/wp-json\/wp\/v2\/media?parent=111543"}],"wp:term":[{"taxonomy":"category","embeddable":true,"href":"https:\/\/www.deberes.net\/tesis\/wp-json\/wp\/v2\/categories?post=111543"},{"taxonomy":"post_tag","embeddable":true,"href":"https:\/\/www.deberes.net\/tesis\/wp-json\/wp\/v2\/tags?post=111543"}],"curies":[{"name":"wp","href":"https:\/\/api.w.org\/{rel}","templated":true}]}}