{"id":111558,"date":"2018-03-11T10:38:06","date_gmt":"2018-03-11T10:38:06","guid":{"rendered":"https:\/\/www.deberes.net\/tesis\/sin-categoria\/deteccion-de-talento-matematico\/"},"modified":"2018-03-11T10:38:06","modified_gmt":"2018-03-11T10:38:06","slug":"deteccion-de-talento-matematico","status":"publish","type":"post","link":"https:\/\/www.deberes.net\/tesis\/psicologia\/deteccion-de-talento-matematico\/","title":{"rendered":"Detecci\u00f3n de talento matem\u00e1tico"},"content":{"rendered":"<h2>Tesis doctoral de <strong> Mar\u00eda Isabel Ortega Casado <\/strong><\/h2>\n<p>Detecci\u00f3n de talento matem\u00e1tico  el proyecto presenta un modelo de detecci\u00f3n de alumnos que destacan en el \u00e1rea matem\u00e1tica. consta de tres fases, aplicadas cada una en tres niveles de aplicaci\u00f3n. Cada nivel, corresponde al ciclo educativo en el que s e encontraban los sujetos (2  y 3er. Ciclo de e. Primaria y 1er. Ciclo de e.S.O.). en la fase 1 o de screening, se elaboraron y aplicaron tres pruebas, una por cada nivel, a los alumnos participantes en el proyecto. El formato era l\u00e1piz y papel, con 6 cuestiones de opci\u00f3n m\u00faltiple y aplicaci\u00f3n colectiva. a los sujetos que superan esta fase en base a los criterios fijados, se les pasa a la fase 2 o de diagn\u00f3stico, en la que se les aplica una prueba, tambi\u00e9n de l\u00e1piz y papel y aplicaci\u00f3n colectiva , con 6 \u00edtems pero de respuesta abierta. Para esta fase se elaboraron criterios de correcci\u00f3n exhaustivos buscando no solo valorar el resultado de los sujetos a las cuestiones planteadas. con la selecci\u00f3n de sujetos con talento matem\u00e1tico, se procede  a aplicar la fase 3 o de contraste, en la que se aplica a los sujetos detectados la prueba wisc-iv, valorando sus resultados tanto en puntuaci\u00f3n total, como por \u00edndices, y aplicando adem\u00e1s, la subprueba optativa de aritm\u00e9tica. se analizaron adem\u00e1s l as diferencias de g\u00e9nero y grupos de edad en la detecci\u00f3n de talento matem\u00e1tico.<\/p>\n<p>&nbsp;<\/p>\n<h3>Datos acad\u00e9micos de la tesis doctoral \u00ab<strong>Detecci\u00f3n de talento matem\u00e1tico<\/strong>\u00ab<\/h3>\n<ul>\n<li><strong>T\u00edtulo de la tesis:<\/strong>\u00a0 Detecci\u00f3n de talento matem\u00e1tico <\/li>\n<li><strong>Autor:<\/strong>\u00a0 Mar\u00eda Isabel Ortega Casado <\/li>\n<li><strong>Universidad:<\/strong>\u00a0 Complutense de Madrid<\/li>\n<li><strong>Fecha de lectura de la tesis:<\/strong>\u00a0 26\/10\/2011<\/li>\n<\/ul>\n<p>&nbsp;<\/p>\n<h3>Direcci\u00f3n y tribunal<\/h3>\n<ul>\n<li><strong>Director de la tesis<\/strong>\n<ul>\n<li>Coral Gonz\u00e1lez Barber\u00e1<\/li>\n<\/ul>\n<\/li>\n<li><strong>Tribunal<\/strong>\n<ul>\n<li>Presidente del tribunal: pilar Dom\u00ednguez rodr\u00edguez <\/li>\n<li>olga Diaz fernandez (vocal)<\/li>\n<li>agust\u00edn Dosil maceira (vocal)<\/li>\n<li>maximiano del Ca\u00f1o s\u00e1nchez (vocal)<\/li>\n<\/ul>\n<\/li>\n<\/ul>\n<p>&nbsp;<\/p>\n","protected":false},"excerpt":{"rendered":"<p>Tesis doctoral de Mar\u00eda Isabel Ortega Casado Detecci\u00f3n de talento matem\u00e1tico el proyecto presenta un modelo de detecci\u00f3n de alumnos [&hellip;]<\/p>\n","protected":false},"author":1,"featured_media":0,"comment_status":"open","ping_status":"open","sticky":false,"template":"","format":"standard","meta":{"site-sidebar-layout":"default","site-content-layout":"","ast-site-content-layout":"","site-content-style":"default","site-sidebar-style":"default","ast-global-header-display":"","ast-banner-title-visibility":"","ast-main-header-display":"","ast-hfb-above-header-display":"","ast-hfb-below-header-display":"","ast-hfb-mobile-header-display":"","site-post-title":"","ast-breadcrumbs-content":"","ast-featured-img":"","footer-sml-layout":"","theme-transparent-header-meta":"","adv-header-id-meta":"","stick-header-meta":"","header-above-stick-meta":"","header-main-stick-meta":"","header-below-stick-meta":"","astra-migrate-meta-layouts":"default","ast-page-background-enabled":"default","ast-page-background-meta":{"desktop":{"background-color":"var(--ast-global-color-4)","background-image":"","background-repeat":"repeat","background-position":"center center","background-size":"auto","background-attachment":"scroll","background-type":"","background-media":"","overlay-type":"","overlay-color":"","overlay-gradient":""},"tablet":{"background-color":"","background-image":"","background-repeat":"repeat","background-position":"center center","background-size":"auto","background-attachment":"scroll","background-type":"","background-media":"","overlay-type":"","overlay-color":"","overlay-gradient":""},"mobile":{"background-color":"","background-image":"","background-repeat":"repeat","background-position":"center center","background-size":"auto","background-attachment":"scroll","background-type":"","background-media":"","overlay-type":"","overlay-color":"","overlay-gradient":""}},"ast-content-background-meta":{"desktop":{"background-color":"var(--ast-global-color-5)","background-image":"","background-repeat":"repeat","background-position":"center center","background-size":"auto","background-attachment":"scroll","background-type":"","background-media":"","overlay-type":"","overlay-color":"","overlay-gradient":""},"tablet":{"background-color":"var(--ast-global-color-5)","background-image":"","background-repeat":"repeat","background-position":"center center","background-size":"auto","background-attachment":"scroll","background-type":"","background-media":"","overlay-type":"","overlay-color":"","overlay-gradient":""},"mobile":{"background-color":"var(--ast-global-color-5)","background-image":"","background-repeat":"repeat","background-position":"center center","background-size":"auto","background-attachment":"scroll","background-type":"","background-media":"","overlay-type":"","overlay-color":"","overlay-gradient":""}},"footnotes":""},"categories":[986,324],"tags":[2760,79212,222220,73102,2952,7379],"class_list":["post-111558","post","type-post","status-publish","format-standard","hentry","category-complutense-de-madrid","category-psicologia","tag-agustin-dosil-maceira","tag-coral-gonzalez-barbera","tag-maria-isabel-ortega-casado","tag-maximiano-del-cano-sanchez","tag-olga-diaz-fernandez","tag-pilar-dominguez-rodriguez"],"_links":{"self":[{"href":"https:\/\/www.deberes.net\/tesis\/wp-json\/wp\/v2\/posts\/111558","targetHints":{"allow":["GET"]}}],"collection":[{"href":"https:\/\/www.deberes.net\/tesis\/wp-json\/wp\/v2\/posts"}],"about":[{"href":"https:\/\/www.deberes.net\/tesis\/wp-json\/wp\/v2\/types\/post"}],"author":[{"embeddable":true,"href":"https:\/\/www.deberes.net\/tesis\/wp-json\/wp\/v2\/users\/1"}],"replies":[{"embeddable":true,"href":"https:\/\/www.deberes.net\/tesis\/wp-json\/wp\/v2\/comments?post=111558"}],"version-history":[{"count":0,"href":"https:\/\/www.deberes.net\/tesis\/wp-json\/wp\/v2\/posts\/111558\/revisions"}],"wp:attachment":[{"href":"https:\/\/www.deberes.net\/tesis\/wp-json\/wp\/v2\/media?parent=111558"}],"wp:term":[{"taxonomy":"category","embeddable":true,"href":"https:\/\/www.deberes.net\/tesis\/wp-json\/wp\/v2\/categories?post=111558"},{"taxonomy":"post_tag","embeddable":true,"href":"https:\/\/www.deberes.net\/tesis\/wp-json\/wp\/v2\/tags?post=111558"}],"curies":[{"name":"wp","href":"https:\/\/api.w.org\/{rel}","templated":true}]}}