{"id":111562,"date":"2018-03-11T10:38:06","date_gmt":"2018-03-11T10:38:06","guid":{"rendered":"https:\/\/www.deberes.net\/tesis\/sin-categoria\/la-extincion-causal-del-contrato-por-voluntad-del-trabajador\/"},"modified":"2018-03-11T10:38:06","modified_gmt":"2018-03-11T10:38:06","slug":"la-extincion-causal-del-contrato-por-voluntad-del-trabajador","status":"publish","type":"post","link":"https:\/\/www.deberes.net\/tesis\/derecho-del-trabajo-y-de-la-seguridad-social\/la-extincion-causal-del-contrato-por-voluntad-del-trabajador\/","title":{"rendered":"La extinci\u00f3n causal del contrato por voluntad del trabajador"},"content":{"rendered":"<h2>Tesis doctoral de <strong> Rafael Alvarez Gimeno <\/strong><\/h2>\n<p>El objeto de estudio de la tesis doctoral presentada abarca todos los supuestos en los que el trabajador ordinario, con base en una justa causa, puede obtener, de un modo u otro, la terminaci\u00f3n de su contrato con el reconocimiento de una serie de derechos jur\u00eddicos y econ\u00f3micos en su favor. Al respecto, se exponen los principales problemas interpretativos de car\u00e1cter sustantivo y procesal que pueden plantearse, ofreciendo para ellos las soluciones m\u00e1s coherentes con arreglo al derecho vigente, as\u00ed como algunas alternativas de lege ferenda que, en nuestra opini\u00f3n, deber\u00eda plantearse el legislador de cara a una futura reforma laboral<\/p>\n<p>&nbsp;<\/p>\n<h3>Datos acad\u00e9micos de la tesis doctoral \u00ab<strong>La extinci\u00f3n causal del contrato por voluntad del trabajador<\/strong>\u00ab<\/h3>\n<ul>\n<li><strong>T\u00edtulo de la tesis:<\/strong>\u00a0 La extinci\u00f3n causal del contrato por voluntad del trabajador <\/li>\n<li><strong>Autor:<\/strong>\u00a0 Rafael Alvarez Gimeno <\/li>\n<li><strong>Universidad:<\/strong>\u00a0 Zaragoza<\/li>\n<li><strong>Fecha de lectura de la tesis:<\/strong>\u00a0 26\/10\/2011<\/li>\n<\/ul>\n<p>&nbsp;<\/p>\n<h3>Direcci\u00f3n y tribunal<\/h3>\n<ul>\n<li><strong>Director de la tesis<\/strong>\n<ul>\n<li>Juan Garc\u00eda Blasco<\/li>\n<\/ul>\n<\/li>\n<li><strong>Tribunal<\/strong>\n<ul>\n<li>Presidente del tribunal: Antonio  vicente Sempere navarro <\/li>\n<li>Mar\u00eda Jos\u00e9 Lopera castillejo (vocal)<\/li>\n<li>joaqu\u00edn Garc\u00eda murcia (vocal)<\/li>\n<li>Jos\u00e9 Luis Monereo perez (vocal)<\/li>\n<\/ul>\n<\/li>\n<\/ul>\n<p>&nbsp;<\/p>\n","protected":false},"excerpt":{"rendered":"<p>Tesis doctoral de Rafael Alvarez Gimeno El objeto de estudio de la tesis doctoral presentada abarca todos los supuestos en [&hellip;]<\/p>\n","protected":false},"author":1,"featured_media":0,"comment_status":"open","ping_status":"open","sticky":false,"template":"","format":"standard","meta":{"site-sidebar-layout":"default","site-content-layout":"","ast-site-content-layout":"","site-content-style":"default","site-sidebar-style":"default","ast-global-header-display":"","ast-banner-title-visibility":"","ast-main-header-display":"","ast-hfb-above-header-display":"","ast-hfb-below-header-display":"","ast-hfb-mobile-header-display":"","site-post-title":"","ast-breadcrumbs-content":"","ast-featured-img":"","footer-sml-layout":"","theme-transparent-header-meta":"","adv-header-id-meta":"","stick-header-meta":"","header-above-stick-meta":"","header-main-stick-meta":"","header-below-stick-meta":"","astra-migrate-meta-layouts":"default","ast-page-background-enabled":"default","ast-page-background-meta":{"desktop":{"background-color":"var(--ast-global-color-4)","background-image":"","background-repeat":"repeat","background-position":"center center","background-size":"auto","background-attachment":"scroll","background-type":"","background-media":"","overlay-type":"","overlay-color":"","overlay-gradient":""},"tablet":{"background-color":"","background-image":"","background-repeat":"repeat","background-position":"center center","background-size":"auto","background-attachment":"scroll","background-type":"","background-media":"","overlay-type":"","overlay-color":"","overlay-gradient":""},"mobile":{"background-color":"","background-image":"","background-repeat":"repeat","background-position":"center center","background-size":"auto","background-attachment":"scroll","background-type":"","background-media":"","overlay-type":"","overlay-color":"","overlay-gradient":""}},"ast-content-background-meta":{"desktop":{"background-color":"var(--ast-global-color-5)","background-image":"","background-repeat":"repeat","background-position":"center center","background-size":"auto","background-attachment":"scroll","background-type":"","background-media":"","overlay-type":"","overlay-color":"","overlay-gradient":""},"tablet":{"background-color":"var(--ast-global-color-5)","background-image":"","background-repeat":"repeat","background-position":"center center","background-size":"auto","background-attachment":"scroll","background-type":"","background-media":"","overlay-type":"","overlay-color":"","overlay-gradient":""},"mobile":{"background-color":"var(--ast-global-color-5)","background-image":"","background-repeat":"repeat","background-position":"center center","background-size":"auto","background-attachment":"scroll","background-type":"","background-media":"","overlay-type":"","overlay-color":"","overlay-gradient":""}},"footnotes":""},"categories":[2170,13610],"tags":[24532,32506,28783,28782,222232,222231],"class_list":["post-111562","post","type-post","status-publish","format-standard","hentry","category-derecho-del-trabajo-y-de-la-seguridad-social","category-zaragoza","tag-antonio-vicente-sempere-navarro","tag-joaquin-garcia-murcia","tag-jose-luis-monereo-perez","tag-juan-garcia-blasco","tag-maria-jose-lopera-castillejo","tag-rafael-alvarez-gimeno"],"_links":{"self":[{"href":"https:\/\/www.deberes.net\/tesis\/wp-json\/wp\/v2\/posts\/111562","targetHints":{"allow":["GET"]}}],"collection":[{"href":"https:\/\/www.deberes.net\/tesis\/wp-json\/wp\/v2\/posts"}],"about":[{"href":"https:\/\/www.deberes.net\/tesis\/wp-json\/wp\/v2\/types\/post"}],"author":[{"embeddable":true,"href":"https:\/\/www.deberes.net\/tesis\/wp-json\/wp\/v2\/users\/1"}],"replies":[{"embeddable":true,"href":"https:\/\/www.deberes.net\/tesis\/wp-json\/wp\/v2\/comments?post=111562"}],"version-history":[{"count":0,"href":"https:\/\/www.deberes.net\/tesis\/wp-json\/wp\/v2\/posts\/111562\/revisions"}],"wp:attachment":[{"href":"https:\/\/www.deberes.net\/tesis\/wp-json\/wp\/v2\/media?parent=111562"}],"wp:term":[{"taxonomy":"category","embeddable":true,"href":"https:\/\/www.deberes.net\/tesis\/wp-json\/wp\/v2\/categories?post=111562"},{"taxonomy":"post_tag","embeddable":true,"href":"https:\/\/www.deberes.net\/tesis\/wp-json\/wp\/v2\/tags?post=111562"}],"curies":[{"name":"wp","href":"https:\/\/api.w.org\/{rel}","templated":true}]}}